{"id":376861,"date":"2025-09-09T04:14:15","date_gmt":"2025-09-09T04:14:15","guid":{"rendered":"https:\/\/www.europesays.com\/fr\/376861\/"},"modified":"2025-09-09T04:14:15","modified_gmt":"2025-09-09T04:14:15","slug":"chute-de-francois-bayrou-recit-dune-fin-jugee-sans-panache","status":"publish","type":"post","link":"https:\/\/www.europesays.com\/fr\/376861\/","title":{"rendered":"Chute de Fran\u00e7ois Bayrou, r\u00e9cit d\u2019une fin jug\u00e9e sans panache"},"content":{"rendered":"\n<p class=\"article__paragraph article__paragraph--lf \">Fran\u00e7ois Bayrou n\u2019aura pas r\u00e9ussi \u00e0 tenir la s\u00e9ance aussi longtemps que son mod\u00e8le, Pierre Mend\u00e8s France. L\u2019ancien pr\u00e9sident du Conseil sous Ren\u00e9 Coty avait bataill\u00e9 des heures au Palais-Bourbon avant d\u2019\u00eatre renvers\u00e9, au bout de la nuit du 5 au 6\u00a0f\u00e9vrier\u00a01955, par un vote de confiance perdu \u00e0 l\u2019Assembl\u00e9e nationale. Lundi 8\u00a0septembre, il est \u00e0 peine 19\u00a0heures quand la sanction tombe pour Fran\u00e7ois Bayrou\u00a0: <a href=\"https:\/\/www.lemonde.fr\/politique\/article\/2025\/09\/08\/chute-du-gouvernement-bayrou-ce-qu-ont-vote-les-deputes-groupe-par-groupe_6640024_823448.html\" rel=\"nofollow noopener\" target=\"_blank\">\u00e0 une tr\u00e8s large majorit\u00e9 (194 pour, 364 contre)<\/a>, les d\u00e9put\u00e9s ne lui ont pas accord\u00e9 leur confiance et le premier ministre doit remettre la d\u00e9mission de son gouvernement.<\/p>\n<p>                                   Lire aussi |  <a href=\"https:\/\/www.lemonde.fr\/politique\/live\/2025\/09\/08\/en-direct-vote-de-confiance-jour-decisif-pour-francois-bayrou-soumis-au-choix-des-deputes_6639805_823448.html\" class=\"js-article-read-also catcher--favoris__link\" data-premium=\"\" id=\"article-title-3436869\" rel=\"nofollow noopener\" target=\"_blank\">En direct, chute du gouvernement\u00a0Bayrou\u00a0: Emmanuel Macron recevra le premier ministre mardi matin et nommera un successeur dans les prochains jours<\/a>    <\/p>\n<p>   Lire plus tard  <\/p>\n<p class=\"article__paragraph article__paragraph--lf \">Le pari \u00e9tait risqu\u00e9, le combat perdu d\u2019avance. Et le B\u00e9arnais, le premier, semblait s\u2019\u00eatre r\u00e9sign\u00e9 \u00e0 son sort. Avant m\u00eame le vote, Fran\u00e7ois Bayrou avait l\u2019occasion de reprendre la parole dans l\u2019H\u00e9micycle pour r\u00e9pondre, s\u2019il le souhaitait et dans un temps illimit\u00e9, aux onze pr\u00e9sidents de groupe qui s\u2019\u00e9taient succ\u00e9d\u00e9 \u00e0 la tribune pour soutenir ou vilipender les actions du gouvernement. Mais le futur ex-premier ministre n\u2019avait visiblement plus l\u2019esprit assez combatif et s\u2019est content\u00e9 d\u2019une courte conclusion, apparaissant, pour la premi\u00e8re fois, souriant et comme lib\u00e9r\u00e9 d\u2019un poids. \u00ab\u00a0Ces neuf mois ont \u00e9t\u00e9 des mois de profond bonheur. Nous avons montr\u00e9 une image r\u00e9publicaine, honorable et active\u00a0\u00bb, s\u2019est-il f\u00e9licit\u00e9 en s\u2019adressant \u00e0 ses ministres dans un mot d\u2019adieu anticip\u00e9.<\/p>\n<p class=\"article__paragraph article__paragraph--lf \">Si l\u2019issue de la journ\u00e9e ne faisait que peu de doute pour tout le monde, l\u2019attente \u00e9tait quand m\u00eame palpable au Palais-Bourbon, lundi. Le jour s\u2019annonce historique\u00a0: pour la premi\u00e8re fois de la V\u1d49 R\u00e9publique, un gouvernement va tomber apr\u00e8s un vote de confiance. Les couloirs du Palais fourmillent de journalistes, fran\u00e7ais et \u00e9trangers, et l\u2019H\u00e9micycle fait salle comble, aussi bien au niveau des bancs des d\u00e9put\u00e9s qu\u2019en tribunes. Les places attribu\u00e9es aux invit\u00e9s avaient \u00e9t\u00e9 prises d\u2019assaut, d\u00e8s leur mise \u00e0 disposition d\u00e9but septembre. Parmi eux notamment, Jean-Luc M\u00e9lenchon, leader de La France insoumise (LFI), venu guider ses troupes \u00e0 l\u2019Assembl\u00e9e nationale et assister au discours de Fran\u00e7ois Bayrou, \u00e0 quelques si\u00e8ges de Marine Tondelier, secr\u00e9taire nationale des Ecologistes.<\/p>\n<p class=\"reading-mode-only \"><strong>Il vous reste 76.58% de cet article \u00e0 lire. La suite est r\u00e9serv\u00e9e aux abonn\u00e9s.<\/strong><\/p>\n","protected":false},"excerpt":{"rendered":"Fran\u00e7ois Bayrou n\u2019aura pas r\u00e9ussi \u00e0 tenir la s\u00e9ance aussi longtemps que son mod\u00e8le, Pierre Mend\u00e8s France. L\u2019ancien&hellip;\n","protected":false},"author":2,"featured_media":376862,"comment_status":"","ping_status":"","sticky":false,"template":"","format":"standard","meta":{"footnotes":""},"categories":[1888],"tags":[1111,1928,11,1927,1777,674,1011,27,12,1926,626,1925,25],"class_list":{"0":"post-376861","1":"post","2":"type-post","3":"status-publish","4":"format-standard","5":"has-post-thumbnail","7":"category-paris","8":"tag-actu","9":"tag-actu-paris","10":"tag-actualites","11":"tag-actualites-paris","12":"tag-eu","13":"tag-europe","14":"tag-fr","15":"tag-france","16":"tag-news","17":"tag-news-paris","18":"tag-paris","19":"tag-paris-news","20":"tag-republique-francaise"},"share_on_mastodon":{"url":"https:\/\/pubeurope.com\/@fr\/115172400424811690","error":""},"_links":{"self":[{"href":"https:\/\/www.europesays.com\/fr\/wp-json\/wp\/v2\/posts\/376861","targetHints":{"allow":["GET"]}}],"collection":[{"href":"https:\/\/www.europesays.com\/fr\/wp-json\/wp\/v2\/posts"}],"about":[{"href":"https:\/\/www.europesays.com\/fr\/wp-json\/wp\/v2\/types\/post"}],"author":[{"embeddable":true,"href":"https:\/\/www.europesays.com\/fr\/wp-json\/wp\/v2\/users\/2"}],"replies":[{"embeddable":true,"href":"https:\/\/www.europesays.com\/fr\/wp-json\/wp\/v2\/comments?post=376861"}],"version-history":[{"count":0,"href":"https:\/\/www.europesays.com\/fr\/wp-json\/wp\/v2\/posts\/376861\/revisions"}],"wp:featuredmedia":[{"embeddable":true,"href":"https:\/\/www.europesays.com\/fr\/wp-json\/wp\/v2\/media\/376862"}],"wp:attachment":[{"href":"https:\/\/www.europesays.com\/fr\/wp-json\/wp\/v2\/media?parent=376861"}],"wp:term":[{"taxonomy":"category","embeddable":true,"href":"https:\/\/www.europesays.com\/fr\/wp-json\/wp\/v2\/categories?post=376861"},{"taxonomy":"post_tag","embeddable":true,"href":"https:\/\/www.europesays.com\/fr\/wp-json\/wp\/v2\/tags?post=376861"}],"curies":[{"name":"wp","href":"https:\/\/api.w.org\/{rel}","templated":true}]}}