{"id":376867,"date":"2025-09-09T04:17:15","date_gmt":"2025-09-09T04:17:15","guid":{"rendered":"https:\/\/www.europesays.com\/fr\/376867\/"},"modified":"2025-09-09T04:17:15","modified_gmt":"2025-09-09T04:17:15","slug":"love-furies-dizzy-tour-le-hasard-ludique-paris-75018","status":"publish","type":"post","link":"https:\/\/www.europesays.com\/fr\/376867\/","title":{"rendered":"Love &#038; furies &#8211; Dizzy tour &#8211; Le Hasard Ludique &#8211; Paris, 75018"},"content":{"rendered":"<p>\u2728 Love &amp; Furies \u2013 Dizzy Tour \u2728&#13;<br \/>\n&#13;<br \/>\nLove &amp; Furies est un groupe de pop ind\u00e9pendant bas\u00e9 \u00e0 Paris, qui se distingue par un son vibrant et une \u00e9nergie sc\u00e9nique magn\u00e9tique. N\u00e9 de la rencontre entre la voix puissante et sensible de Charlotte Bedhouche et les compositions d\u2019Olivier Marchand, le projet m\u00eale groove, \u00e9motions et une esth\u00e9tique pop actuelle. Leur univers est \u00e0 la fois lumineux et intense : une musique qui attire, bouleverse et donne envie de danser.&#13;<br \/>\n&#13;<br \/>\nLe Dizzy Tour marque une \u00e9tape cl\u00e9 dans l\u2019histoire du groupe. \u00c0 travers cette tourn\u00e9e, Love &amp; Furies pr\u00e9sente son nouvel EP DIZZY (sortie en septembre 2025), un disque qui traduit l\u2019\u00e9quilibre entre force et fragilit\u00e9, entre \u00e9clats de fureur et \u00e9clats d\u2019amour. Sur sc\u00e8ne, les morceaux prennent toute leur dimension, port\u00e9s par un live g\u00e9n\u00e9reux, o\u00f9 chaque note r\u00e9sonne avec authenticit\u00e9.&#13;<br \/>\n&#13;<br \/>\nLa formation r\u00e9unit quatre musiciens compl\u00e9mentaires :&#13;<br \/>\n\t\u2022\tCharlotte Bedhouche \u2013 chant et \u00e9criture, une voix singuli\u00e8re, puissante et habit\u00e9e, capable de transmettre des \u00e9motions intenses.&#13;<br \/>\n\t\u2022\tOlivier Marchand \u2013 guitare et composition, l\u2019architecte des sonorit\u00e9s, cr\u00e9ant des textures tant\u00f4t groove, tant\u00f4t a\u00e9riennes.&#13;<br \/>\n\t\u2022\tAntonin Rubatat \u2013 basse, moteur rythmique et groove qui donne corps aux morceaux.&#13;<br \/>\n\t\u2022\tHugo Lacombe \u2013 batterie, \u00e9nergie percussive qui propulse le groupe dans un tourbillon sc\u00e9nique.&#13;<br \/>\n\u00c0 leurs c\u00f4t\u00e9s, Victor Canceles, ing\u00e9nieur du son, sublime l\u2019exp\u00e9rience live en sculptant un son immersif et percutant.&#13;<br \/>\n&#13;<br \/>\nEn concert, Love &amp; Furies captive par son intensit\u00e9 et sa sinc\u00e9rit\u00e9. Chaque performance est un moment unique o\u00f9 le public est embarqu\u00e9 dans un voyage musical qui oscille entre puissance et d\u00e9licatesse. L\u2019\u00e9nergie brute de la sc\u00e8ne rencontre la finesse des arrangements pour cr\u00e9er une exp\u00e9rience totale : une pop moderne, accessible et exigeante, taill\u00e9e pour s\u00e9duire aussi bien les amateurs de d\u00e9couvertes que les passionn\u00e9s de live.&#13;<br \/>\n&#13;<br \/>\nLe Dizzy Tour s\u2019annonce comme une s\u00e9rie de rendez-vous marquants, avec des dates phares :&#13;<br \/>\n\t\u2022\t17 septembre 2025 \u2013 Perno Festival (Lille)&#13;<br \/>\n\t\u2022\t27 septembre 2025 \u2013 Release Party EP au Hasard Ludique (Paris)&#13;<br \/>\n\t\u2022\t28 septembre 2025 \u2013 Festival de Loire (Orl\u00e9ans)&#13;<br \/>\nD\u2019autres dates suivront en France et \u00e0 l\u2019\u00e9tranger, avec une ambition claire : partager la musique de Love &amp; Furies sur les sc\u00e8nes europ\u00e9ennes, notamment en Allemagne, Belgique et Italie.&#13;<br \/>\n&#13;<br \/>\nLe nom Dizzy (\u201c\u00e9tourdi\u201d, \u201cgris\u00e9\u201d) refl\u00e8te parfaitement l\u2019esprit de cette tourn\u00e9e : une invitation \u00e0 se laisser emporter par la musique, \u00e0 l\u00e2cher prise et \u00e0 ressentir intens\u00e9ment. Comme un vertige sonore, les chansons enveloppent et transportent, laissant une empreinte durable bien apr\u00e8s la fin du concert.&#13;<br \/>\n&#13;<br \/>\n\u00c0 travers ce projet, Love &amp; Furies incarne une nouvelle g\u00e9n\u00e9ration de pop ind\u00e9pendante fran\u00e7aise, ancr\u00e9e dans l\u2019authenticit\u00e9 et tourn\u00e9e vers l\u2019international. Leur live solide et adaptable, fruit de nombreuses r\u00e9sidences (La Batterie, L\u2019Usine \u00e0 Chapeau), les place comme un groupe pr\u00eat \u00e0 conqu\u00e9rir de nouvelles sc\u00e8nes.&#13;<br \/>\n&#13;<br \/>\nLe Dizzy Tour, c\u2019est bien plus qu\u2019une tourn\u00e9e : c\u2019est une exp\u00e9rience \u00e0 vivre, un moment de partage o\u00f9 la musique devient un langage universel.<\/p>\n<p>https:\/\/www.billetweb.fr\/release-party-love-furies<\/p>\n","protected":false},"excerpt":{"rendered":"\u2728 Love &amp; Furies \u2013 Dizzy Tour \u2728&#13; &#13; Love &amp; Furies est un groupe de pop ind\u00e9pendant&hellip;\n","protected":false},"author":2,"featured_media":376868,"comment_status":"","ping_status":"","sticky":false,"template":"","format":"standard","meta":{"footnotes":""},"categories":[1888],"tags":[11,1777,674,1011,27,12,626,25],"class_list":{"0":"post-376867","1":"post","2":"type-post","3":"status-publish","4":"format-standard","5":"has-post-thumbnail","7":"category-paris","8":"tag-actualites","9":"tag-eu","10":"tag-europe","11":"tag-fr","12":"tag-france","13":"tag-news","14":"tag-paris","15":"tag-republique-francaise"},"share_on_mastodon":{"url":"https:\/\/pubeurope.com\/@fr\/115172412284483300","error":""},"_links":{"self":[{"href":"https:\/\/www.europesays.com\/fr\/wp-json\/wp\/v2\/posts\/376867","targetHints":{"allow":["GET"]}}],"collection":[{"href":"https:\/\/www.europesays.com\/fr\/wp-json\/wp\/v2\/posts"}],"about":[{"href":"https:\/\/www.europesays.com\/fr\/wp-json\/wp\/v2\/types\/post"}],"author":[{"embeddable":true,"href":"https:\/\/www.europesays.com\/fr\/wp-json\/wp\/v2\/users\/2"}],"replies":[{"embeddable":true,"href":"https:\/\/www.europesays.com\/fr\/wp-json\/wp\/v2\/comments?post=376867"}],"version-history":[{"count":0,"href":"https:\/\/www.europesays.com\/fr\/wp-json\/wp\/v2\/posts\/376867\/revisions"}],"wp:featuredmedia":[{"embeddable":true,"href":"https:\/\/www.europesays.com\/fr\/wp-json\/wp\/v2\/media\/376868"}],"wp:attachment":[{"href":"https:\/\/www.europesays.com\/fr\/wp-json\/wp\/v2\/media?parent=376867"}],"wp:term":[{"taxonomy":"category","embeddable":true,"href":"https:\/\/www.europesays.com\/fr\/wp-json\/wp\/v2\/categories?post=376867"},{"taxonomy":"post_tag","embeddable":true,"href":"https:\/\/www.europesays.com\/fr\/wp-json\/wp\/v2\/tags?post=376867"}],"curies":[{"name":"wp","href":"https:\/\/api.w.org\/{rel}","templated":true}]}}