{"id":376882,"date":"2025-09-09T04:25:12","date_gmt":"2025-09-09T04:25:12","guid":{"rendered":"https:\/\/www.europesays.com\/fr\/376882\/"},"modified":"2025-09-09T04:25:12","modified_gmt":"2025-09-09T04:25:12","slug":"la-solution-des-deux-etats-est-le-pire-cauchemar-du-hamas","status":"publish","type":"post","link":"https:\/\/www.europesays.com\/fr\/376882\/","title":{"rendered":"\u00abLa solution des deux \u00c9tats est le pire cauchemar du Hamas\u00bb"},"content":{"rendered":"<p><strong>ENTRETIEN &#8211; <\/strong>L\u2019ancien patron du Shin Bet r\u00e9pond \u00e0 Benyamin Netanyahou, qui accuse Emmanuel Macron de \u00ab\u00a0r\u00e9compenser\u00a0\u00bb le Hamas en envisageant de reconna\u00eetre l\u2019\u00c9tat de Palestine.<\/p>\n<p class=\"fig-paragraph\">Ami Ayalon, 80\u00a0ans, a occup\u00e9 de hautes fonctions au sein de\u00a0<a href=\"http:\/\/www.lefigaro.fr\/international\/conflit-israel-hamas-benyamin-netanyahou-annonce-une-extension-des-operations-militaires-a-gaza-ville-20250907\" target=\"_blank\" data-fig-type=\"NewsFlash\" rel=\"noopener\" data-gtm-custom-categorie=\"navigation\" data-gtm-custom-action=\"crossclick\" data-gtm-custom-label=\"Contextuel\" data-gtm-event=\"customEventSPE\" data-fig-domain=\"LEFIGARO\">l\u2019arm\u00e9e isra\u00e9lienne<\/a>\u00a0puis dirig\u00e9 le service de renseignement int\u00e9rieur (<a href=\"http:\/\/www.lefigaro.fr\/international\/netanyahu-limoge-le-chef-du-shin-bet-la-securite-interieure-israelienne-20250316\" target=\"_blank\" data-fig-type=\"NewsFlash\" rel=\"noopener\" data-gtm-custom-categorie=\"navigation\" data-gtm-custom-action=\"crossclick\" data-gtm-custom-label=\"Contextuel\" data-gtm-event=\"customEventSPE\" data-fig-domain=\"LEFIGARO\">Shin Bet<\/a>) entre 1996 et 2000. En 2006, il a \u00e9t\u00e9 \u00e9lu d\u00e9put\u00e9 sous l\u2019\u00e9tiquette du Parti travailliste.<\/p>\n<p class=\"fig-paragraph\"><strong>LE FIGARO &#8211; Benyamin Netanyahou accuse Emmanuel Macron de <\/strong><strong>\u00ab\u00a0r\u00e9compenser\u00a0\u00bb<\/strong> <strong>le Hamas en s\u2019appr\u00eatant \u00e0 reconna\u00eetre l\u2019\u00c9tat de Palestine. Partagez-vous ce point de vue\u00a0?<\/strong><\/p>\n<p class=\"fig-paragraph\"><strong>AMI AYALON &#8211;<\/strong> Ceux qui disent cela ne comprennent rien au Hamas ni \u00e0 son id\u00e9ologie. Vous devez saisir que\u00a0<a href=\"http:\/\/www.lefigaro.fr\/vox\/monde\/israel-palestine-le-mirage-de-la-solution-a-deux-etats-d-emmanuel-macron-20250605\" target=\"_blank\" data-fig-type=\"Article\" rel=\"noopener\" data-gtm-custom-categorie=\"navigation\" data-gtm-custom-action=\"crossclick\" data-gtm-custom-label=\"Contextuel\" data-gtm-event=\"customEventSPE\" data-fig-domain=\"LEFIGARO\">la solution des deux \u00c9tats<\/a>\u00a0est aujourd\u2019hui le pire cauchemar du Hamas, tout comme elle est le pire cauchemar des Juifs radicaux qui dirigent notre gouvernement.\u00a0<a href=\"http:\/\/www.lefigaro.fr\/international\/un-attentat-a-jerusalem-est-fait-quatre-morts-et-15-blesses-la-police-israelienne-indique-avoir-neutralise-deux-terroristes-20250908\" target=\"_blank\" data-fig-type=\"NewsFlash\" rel=\"noopener\" data-gtm-custom-categorie=\"navigation\" data-gtm-custom-action=\"crossclick\" data-gtm-custom-label=\"Contextuel\" data-gtm-event=\"customEventSPE\" data-fig-domain=\"LEFIGARO\">Le r\u00eave du Hamas<\/a>, c\u2019est une Palestine qui s\u2019\u00e9tendrait du Jourdain \u00e0 la M\u00e9diterran\u00e9e. Pour le vaincre, il n\u2019est pas suffisant de remporter une victoire militaire sur le terrain \u2013 ce que nous avons fait. Nous devons aussi \u00eatre capables de d\u00e9faire leur id\u00e9ologie, et la seule fa\u00e7on d\u2019y parvenir est de pr\u00e9senter un meilleur projet pour\u2026<\/p>\n<p class=\"fig-premium-paywall__infos\">\n        Cet article est r\u00e9serv\u00e9 aux abonn\u00e9s.        Il vous reste 89% \u00e0 d\u00e9couvrir.\n    <\/p>\n<p>                <img  data- alt=\"Le Figaro\" class=\"fig-img--complete fig-img\"\/><\/p>\n<p class=\"fig-premium-paywall__title\">Vous avez envie de lire la suite ?<\/p>\n<p class=\"fig-premium-paywall__subtitle\">D\u00e9bloquez tous les articles imm\u00e9diatement.<\/p>\n<p class=\"fig-premium-paywall__connect\">\n                D\u00e9j\u00e0 abonn\u00e9\u00a0?                <a class=\"fig-premium-paywall__connect-link\" href=\"https:\/\/connect.lefigaro.fr\/login?client=horizon_web&amp;type=main&amp;redirect_uri=https%3A%2F%2Fwww.lefigaro.fr%2Finternational%2Fami-ayalon-la-solution-des-deux-etats-est-le-pire-cauchemar-du-hamas-20250908\" data-js-gtm=\"{&quot;customCategorie&quot;: &quot;conversion&quot;, &quot;customAction&quot;: &quot;before_Landing_Connexion_paywall_auto&quot;, &quot;customLabel&quot;: &quot;bGVmaWdhcm8uZnJfXzFmMDhjYzkzLTUzMWItNmUzOC05ZTJhLWRiNDUwMzQ4NzEyNV9fQXJ0aWNsZQ==_Ami Ayalon, ex-directeur du service de renseignement int\u00e9rieur isra\u00e9lien\u00a0: \u00abLa solution des deux \u00c9tats est le pire cauchemar du Hamas\u00bb_597&quot;, &quot;customIDSPE&quot;: &quot;bGVmaWdhcm8uZnJfXzFmMDhjYzkzLTUzMWItNmUzOC05ZTJhLWRiNDUwMzQ4NzEyNV9fQXJ0aWNsZQ==&quot;, &quot;event&quot;: &quot;customEventSPE&quot;}\" target=\"_blank\" rel=\"noopener\"><br \/>\n                    Connectez-vous<br \/>\n                <\/a>\n            <\/p>\n","protected":false},"excerpt":{"rendered":"ENTRETIEN &#8211; L\u2019ancien patron du Shin Bet r\u00e9pond \u00e0 Benyamin Netanyahou, qui accuse Emmanuel Macron de \u00ab\u00a0r\u00e9compenser\u00a0\u00bb le&hellip;\n","protected":false},"author":2,"featured_media":376883,"comment_status":"","ping_status":"","sticky":false,"template":"","format":"standard","meta":{"footnotes":""},"categories":[2],"tags":[11,1011,27,665,664,12,3518,25],"class_list":{"0":"post-376882","1":"post","2":"type-post","3":"status-publish","4":"format-standard","5":"has-post-thumbnail","7":"category-actualites","8":"tag-actualites","9":"tag-fr","10":"tag-france","11":"tag-gaza","12":"tag-israel","13":"tag-news","14":"tag-palestine","15":"tag-republique-francaise"},"share_on_mastodon":{"url":"https:\/\/pubeurope.com\/@fr\/115172443594798705","error":""},"_links":{"self":[{"href":"https:\/\/www.europesays.com\/fr\/wp-json\/wp\/v2\/posts\/376882","targetHints":{"allow":["GET"]}}],"collection":[{"href":"https:\/\/www.europesays.com\/fr\/wp-json\/wp\/v2\/posts"}],"about":[{"href":"https:\/\/www.europesays.com\/fr\/wp-json\/wp\/v2\/types\/post"}],"author":[{"embeddable":true,"href":"https:\/\/www.europesays.com\/fr\/wp-json\/wp\/v2\/users\/2"}],"replies":[{"embeddable":true,"href":"https:\/\/www.europesays.com\/fr\/wp-json\/wp\/v2\/comments?post=376882"}],"version-history":[{"count":0,"href":"https:\/\/www.europesays.com\/fr\/wp-json\/wp\/v2\/posts\/376882\/revisions"}],"wp:featuredmedia":[{"embeddable":true,"href":"https:\/\/www.europesays.com\/fr\/wp-json\/wp\/v2\/media\/376883"}],"wp:attachment":[{"href":"https:\/\/www.europesays.com\/fr\/wp-json\/wp\/v2\/media?parent=376882"}],"wp:term":[{"taxonomy":"category","embeddable":true,"href":"https:\/\/www.europesays.com\/fr\/wp-json\/wp\/v2\/categories?post=376882"},{"taxonomy":"post_tag","embeddable":true,"href":"https:\/\/www.europesays.com\/fr\/wp-json\/wp\/v2\/tags?post=376882"}],"curies":[{"name":"wp","href":"https:\/\/api.w.org\/{rel}","templated":true}]}}