{"id":376892,"date":"2025-09-09T04:34:10","date_gmt":"2025-09-09T04:34:10","guid":{"rendered":"https:\/\/www.europesays.com\/fr\/376892\/"},"modified":"2025-09-09T04:34:10","modified_gmt":"2025-09-09T04:34:10","slug":"f1-le-verdict-de-la-fia-concernant-les-infractions-dalonso-et-stroll-a-monza","status":"publish","type":"post","link":"https:\/\/www.europesays.com\/fr\/376892\/","title":{"rendered":"F1 Le verdict de la FIA concernant les infractions d&rsquo;Alonso et Stroll, \u00e0 Monza !"},"content":{"rendered":"<p>Pendant le Grand-Prix d\u2019Italie de F1 2025, les commissaires ont eut pas mal de travail. Entre les actions litigieuses en piste et les pilotes qui n\u2019avaient pas respect\u00e9 la ligne de course, notamment dans la chicane Ascari. Mais un autre incident a \u00e9t\u00e9 relev\u00e9 avant le d\u00e9part de la course, impliquant les deux monoplaces d\u2019une m\u00eame \u00e9quipe : Aston Martin, en l\u2019occurrence.<\/p>\n<p>F1 : Alonso et Stroll sont avertis par la FIA<\/p>\n<p>En effet, Fernando Alonso et Lance Stroll n\u2019avaient pas respect\u00e9 la ligne de course, coupant la ligne de sortie des stands, \u00e0 l\u2019occasion de leur tour de reconnaissance. Pourquoi une m\u00eame infraction de la sorte, dans la m\u00eame \u00e9quipe, alors que cette r\u00e8gle est connue de tous de longue date ? Myst\u00e8re. Quoiqu\u2019il en soit, les commissaires ont jou\u00e9 la carte de la cl\u00e9mence, n\u2019infligeant qu\u2019un avertissement au Canadien et \u00e0 l\u2019Espagnol.<\/p>\n<p>En clair, les deux hommes sont d\u00e9sormais sous surveillance et pourraient \u00eatre p\u00e9nalis\u00e9s plus durement, \u00e0 l\u2019avenir, en cas de r\u00e9cidive. Qu\u2019il s\u2019agisse d\u2019un fait similaire ou d\u2019une autre action minime. Voici le verdict complet rendu par la FIA, via les r\u00e9seaux sociaux, strictement identique pour les deux pilotes Aston Martin Racing.<\/p>\n<blockquote class=\"twitter-tweet\">\n<p dir=\"ltr\" lang=\"en\">DOC 44 \u2013 Infringement \u2013 Car 14 \u2013 Failing to Follow Race Directors Instructions <a href=\"https:\/\/t.co\/nVLPv627jK\" rel=\"nofollow\">https:\/\/t.co\/nVLPv627jK<\/a> <a href=\"https:\/\/twitter.com\/hashtag\/ItalianGP?src=hash&amp;ref_src=twsrc%5Etfw\" target=\"_blank\" rel=\"noopener nofollow\">#ItalianGP<\/a> <a href=\"https:\/\/twitter.com\/hashtag\/F1?src=hash&amp;ref_src=twsrc%5Etfw\" target=\"_blank\" rel=\"noopener nofollow\">#F1<\/a> <a href=\"https:\/\/twitter.com\/hashtag\/FIA?src=hash&amp;ref_src=twsrc%5Etfw\" target=\"_blank\" rel=\"noopener nofollow\">#FIA<\/a> <a href=\"https:\/\/t.co\/zY35XJdoxs\" rel=\"nofollow\">pic.twitter.com\/zY35XJdoxs<\/a><\/p>\n<p>\u2014 FIA (@fia) <a href=\"https:\/\/twitter.com\/fia\/status\/1964719086962688396?ref_src=twsrc%5Etfw\" target=\"_blank\" rel=\"noopener nofollow\">September 7, 2025<\/a><\/p>\n<\/blockquote>\n<p>Article publi\u00e9 le 09\/09\/2025 \u00e0 6h02<\/p>\n<p>                                                            <script async src=\"https:\/\/platform.twitter.com\/widgets.js\" charset=\"utf-8\"><\/script><\/p>\n","protected":false},"excerpt":{"rendered":"Pendant le Grand-Prix d\u2019Italie de F1 2025, les commissaires ont eut pas mal de travail. Entre les actions&hellip;\n","protected":false},"author":2,"featured_media":376893,"comment_status":"","ping_status":"","sticky":false,"template":"","format":"standard","meta":{"footnotes":""},"categories":[1412],"tags":[1451,5088,1452,1453,1454,1455,1011,27,60],"class_list":{"0":"post-376892","1":"post","2":"type-post","3":"status-publish","4":"format-standard","5":"has-post-thumbnail","7":"category-f1","8":"tag-f1","9":"tag-fia","10":"tag-formula-1","11":"tag-formula1","12":"tag-formule-1","13":"tag-formule1","14":"tag-fr","15":"tag-france","16":"tag-sports"},"share_on_mastodon":{"url":"https:\/\/pubeurope.com\/@fr\/115172479028171443","error":""},"_links":{"self":[{"href":"https:\/\/www.europesays.com\/fr\/wp-json\/wp\/v2\/posts\/376892","targetHints":{"allow":["GET"]}}],"collection":[{"href":"https:\/\/www.europesays.com\/fr\/wp-json\/wp\/v2\/posts"}],"about":[{"href":"https:\/\/www.europesays.com\/fr\/wp-json\/wp\/v2\/types\/post"}],"author":[{"embeddable":true,"href":"https:\/\/www.europesays.com\/fr\/wp-json\/wp\/v2\/users\/2"}],"replies":[{"embeddable":true,"href":"https:\/\/www.europesays.com\/fr\/wp-json\/wp\/v2\/comments?post=376892"}],"version-history":[{"count":0,"href":"https:\/\/www.europesays.com\/fr\/wp-json\/wp\/v2\/posts\/376892\/revisions"}],"wp:featuredmedia":[{"embeddable":true,"href":"https:\/\/www.europesays.com\/fr\/wp-json\/wp\/v2\/media\/376893"}],"wp:attachment":[{"href":"https:\/\/www.europesays.com\/fr\/wp-json\/wp\/v2\/media?parent=376892"}],"wp:term":[{"taxonomy":"category","embeddable":true,"href":"https:\/\/www.europesays.com\/fr\/wp-json\/wp\/v2\/categories?post=376892"},{"taxonomy":"post_tag","embeddable":true,"href":"https:\/\/www.europesays.com\/fr\/wp-json\/wp\/v2\/tags?post=376892"}],"curies":[{"name":"wp","href":"https:\/\/api.w.org\/{rel}","templated":true}]}}