{"id":376899,"date":"2025-09-09T04:39:12","date_gmt":"2025-09-09T04:39:12","guid":{"rendered":"https:\/\/www.europesays.com\/fr\/376899\/"},"modified":"2025-09-09T04:39:12","modified_gmt":"2025-09-09T04:39:12","slug":"sarreguemines-blindly-de-polat-gokay-en-lice-pour-le-prix-handi-livres-2025-en-novembre","status":"publish","type":"post","link":"https:\/\/www.europesays.com\/fr\/376899\/","title":{"rendered":"Sarreguemines. \u00ab Blindly \u00bb de Polat Gokay en lice pour le prix Handi-Livres 2025 en novembre"},"content":{"rendered":"<p>Polat Gokay, jeune auteur originaire de Sarreguemines, pourrait bien voir son premier roman r\u00e9compens\u00e9 \u00e0 l\u2019\u00e9chelle nationale. Blindly , publi\u00e9 aux \u00e9ditions &amp;h, vient d\u2019\u00eatre pr\u00e9s\u00e9lectionn\u00e9 pour la 16\u1d49 \u00e9dition du prix litt\u00e9raire Handi-Livres, dans la cat\u00e9gorie \u00ab Livre jeunesse adolescent \u00bb. Une distinction qui salue les ouvrages dont le h\u00e9ros est en situation de handicap ou qui abordent de front ce th\u00e8me sensible, \u00e0 destination des 12-18 ans, mais pas seulement. Le laur\u00e9at sera d\u00e9voil\u00e9 le 27 novembre prochain lors d\u2019une c\u00e9r\u00e9monie organis\u00e9e \u00e0 la Philharmonie de Paris.<\/p>\n<p>\u00c0 seulement 21 ans, <a href=\"https:\/\/www.republicain-lorrain.fr\/culture-loisirs\/2025\/05\/31\/polat-gokay-l-influenceur-litteraire-originaire-de-sarreguemines-a-la-rencontre-de-ses-lecteurs\" target=\"_blank\" rel=\"noopener\">Polat Gokay<\/a> ne cache pas&#8230;<\/p>\n","protected":false},"excerpt":{"rendered":"Polat Gokay, jeune auteur originaire de Sarreguemines, pourrait bien voir son premier roman r\u00e9compens\u00e9 \u00e0 l\u2019\u00e9chelle nationale. Blindly&hellip;\n","protected":false},"author":2,"featured_media":376900,"comment_status":"","ping_status":"","sticky":false,"template":"","format":"standard","meta":{"footnotes":""},"categories":[1357],"tags":[1379,1687,58,6114,59,1011,27,1380,25411,25412],"class_list":{"0":"post-376899","1":"post","2":"type-post","3":"status-publish","4":"format-standard","5":"has-post-thumbnail","7":"category-livres","8":"tag-books","9":"tag-culture-loisirs","10":"tag-divertissement","11":"tag-edition-sarreguemines-bitche","12":"tag-entertainment","13":"tag-fr","14":"tag-france","15":"tag-livres","16":"tag-sarreguemines","17":"tag-sarreguemines-ville-57d"},"share_on_mastodon":{"url":"https:\/\/pubeurope.com\/@fr\/115172498854632367","error":""},"_links":{"self":[{"href":"https:\/\/www.europesays.com\/fr\/wp-json\/wp\/v2\/posts\/376899","targetHints":{"allow":["GET"]}}],"collection":[{"href":"https:\/\/www.europesays.com\/fr\/wp-json\/wp\/v2\/posts"}],"about":[{"href":"https:\/\/www.europesays.com\/fr\/wp-json\/wp\/v2\/types\/post"}],"author":[{"embeddable":true,"href":"https:\/\/www.europesays.com\/fr\/wp-json\/wp\/v2\/users\/2"}],"replies":[{"embeddable":true,"href":"https:\/\/www.europesays.com\/fr\/wp-json\/wp\/v2\/comments?post=376899"}],"version-history":[{"count":0,"href":"https:\/\/www.europesays.com\/fr\/wp-json\/wp\/v2\/posts\/376899\/revisions"}],"wp:featuredmedia":[{"embeddable":true,"href":"https:\/\/www.europesays.com\/fr\/wp-json\/wp\/v2\/media\/376900"}],"wp:attachment":[{"href":"https:\/\/www.europesays.com\/fr\/wp-json\/wp\/v2\/media?parent=376899"}],"wp:term":[{"taxonomy":"category","embeddable":true,"href":"https:\/\/www.europesays.com\/fr\/wp-json\/wp\/v2\/categories?post=376899"},{"taxonomy":"post_tag","embeddable":true,"href":"https:\/\/www.europesays.com\/fr\/wp-json\/wp\/v2\/tags?post=376899"}],"curies":[{"name":"wp","href":"https:\/\/api.w.org\/{rel}","templated":true}]}}