{"id":376903,"date":"2025-09-09T04:41:12","date_gmt":"2025-09-09T04:41:12","guid":{"rendered":"https:\/\/www.europesays.com\/fr\/376903\/"},"modified":"2025-09-09T04:41:12","modified_gmt":"2025-09-09T04:41:12","slug":"le-nouvel-album-de-myd","status":"publish","type":"post","link":"https:\/\/www.europesays.com\/fr\/376903\/","title":{"rendered":"le nouvel album de Myd"},"content":{"rendered":"<p class=\"c-chapo \">\n  Dans La Playlist de franceinfo cette semaine, Matteu Maestracci nous pr\u00e9sente \u00ab\u00a0Mydnight\u00a0\u00bb dernier album studio de l&rsquo;artiste electro fran\u00e7ais Myd.\n<\/p>\n<p>            lire plus tard<\/p>\n<p id=\"dialog__title\" class=\"dialog__title\">Pour sauvegarder cet article, connectez-vous ou cr\u00e9ez un compte franceinfo<\/p>\n<p class=\"dialog__description\">Sans paiement. Sans abonnement.<\/p>\n<p>        Fermer la fen\u00eatre d\u2019activation des notifications France Info<\/p>\n<p>            cr\u00e9er votre compte<\/p>\n<p>            se connecter<\/p>\n<p>        Fermer la fen\u00eatre de pr\u00e9sentation<\/p>\n<p>    Publi\u00e9 le 08\/09\/2025 14:20<\/p>\n<p>        Temps de lecture : 1min<\/p>\n<p>    <img decoding=\"async\"  alt=\"Le musicien \u00e9lectro Myd (ALICE MOITIE)\" width=\"432\" height=\"243\" src=\"https:\/\/www.europesays.com\/fr\/wp-content\/uploads\/2025\/09\/myd-projetphoto-6-1160x769-68bec8e25d0a4591432455.jpg\" fetchpriority=\"high\"\/><\/p>\n<p>      Le musicien \u00e9lectro Myd (ALICE MOITIE)<\/p>\n<p>On ne pr\u00e9sente plus le d\u00e9sormais culte label musical fran\u00e7ais Ed Banger, cr\u00e9\u00e9 par le dynamique Pedro Winter en 2003, il a accompagn\u00e9 et accompagne toujours des pointures de l&rsquo;\u00e9lectro tricolore comme Justice, Cassius, Sebastian ou le regr\u00e9tt\u00e9 DJ Mehdi. Et l&rsquo;une des derni\u00e8res prises de l&rsquo;\u00e9curie Ed Banger c&rsquo;est donc Myd.<\/p>\n<p>Myd est devenu davantage connu du grand public en 2021 avec son premier album et son morceau-phare The Sun. D\u00e9sormais \u00e2g\u00e9 de 38 ans, Quentin Lepoutre de son vrai nom, n\u00e9 \u00e0 Croix dans le Nord semble avoir d\u00e9finitivement pris son envol,\u00a0comme en t\u00e9moigne son deuxi\u00e8me disque studio, Mydnight sorti il y a quelques jours.<\/p>\n<\/p>\n<p>Dr\u00f4le et au naturel sur les r\u00e9seaux sociaux comme Instagram, Myd a beaucoup fait pour promouvoir cet album dont les meilleurs extraits sont Our Home, Song for You ou The Wizard. Actuellement en tourn\u00e9e en France et \u00e0 l&rsquo;\u00e9tranger, Myd sera bient\u00f4t \u00e0 Amiens, \u00e0 Marseille, au Havre, entre autres, mais aussi en Italie, en Espagne, aux Etats-Unis, sans oublier bien s\u00fbr le Z\u00e9nith de Paris le 19 f\u00e9vrier 2026.<\/p>\n","protected":false},"excerpt":{"rendered":"Dans La Playlist de franceinfo cette semaine, Matteu Maestracci nous pr\u00e9sente \u00ab\u00a0Mydnight\u00a0\u00bb dernier album studio de l&rsquo;artiste electro&hellip;\n","protected":false},"author":2,"featured_media":376904,"comment_status":"","ping_status":"","sticky":false,"template":"","format":"standard","meta":{"footnotes":""},"categories":[1355],"tags":[58,59,1011,27,1361,873],"class_list":{"0":"post-376903","1":"post","2":"type-post","3":"status-publish","4":"format-standard","5":"has-post-thumbnail","7":"category-musique","8":"tag-divertissement","9":"tag-entertainment","10":"tag-fr","11":"tag-france","12":"tag-music","13":"tag-musique"},"share_on_mastodon":{"url":"https:\/\/pubeurope.com\/@fr\/115172506551187402","error":""},"_links":{"self":[{"href":"https:\/\/www.europesays.com\/fr\/wp-json\/wp\/v2\/posts\/376903","targetHints":{"allow":["GET"]}}],"collection":[{"href":"https:\/\/www.europesays.com\/fr\/wp-json\/wp\/v2\/posts"}],"about":[{"href":"https:\/\/www.europesays.com\/fr\/wp-json\/wp\/v2\/types\/post"}],"author":[{"embeddable":true,"href":"https:\/\/www.europesays.com\/fr\/wp-json\/wp\/v2\/users\/2"}],"replies":[{"embeddable":true,"href":"https:\/\/www.europesays.com\/fr\/wp-json\/wp\/v2\/comments?post=376903"}],"version-history":[{"count":0,"href":"https:\/\/www.europesays.com\/fr\/wp-json\/wp\/v2\/posts\/376903\/revisions"}],"wp:featuredmedia":[{"embeddable":true,"href":"https:\/\/www.europesays.com\/fr\/wp-json\/wp\/v2\/media\/376904"}],"wp:attachment":[{"href":"https:\/\/www.europesays.com\/fr\/wp-json\/wp\/v2\/media?parent=376903"}],"wp:term":[{"taxonomy":"category","embeddable":true,"href":"https:\/\/www.europesays.com\/fr\/wp-json\/wp\/v2\/categories?post=376903"},{"taxonomy":"post_tag","embeddable":true,"href":"https:\/\/www.europesays.com\/fr\/wp-json\/wp\/v2\/tags?post=376903"}],"curies":[{"name":"wp","href":"https:\/\/api.w.org\/{rel}","templated":true}]}}