{"id":376905,"date":"2025-09-09T04:43:01","date_gmt":"2025-09-09T04:43:01","guid":{"rendered":"https:\/\/www.europesays.com\/fr\/376905\/"},"modified":"2025-09-09T04:43:01","modified_gmt":"2025-09-09T04:43:01","slug":"les-25-films-les-plus-attendus-de-la-rentree","status":"publish","type":"post","link":"https:\/\/www.europesays.com\/fr\/376905\/","title":{"rendered":"les 25 films les plus attendus de la rentr\u00e9e"},"content":{"rendered":"<p>      Le puissant \u201cSir\u00e2t\u201d, les films chocs de Jafar Panahi et Nadav Lapid, \u201cLa Petite Derni\u00e8re\u201d d\u2019Hafsia Herzi, la version Ozon de \u201cL\u2019\u00c9tranger\u201d, le nouveau film de Rebecca Zlotowski avec Jodie Foster\u2026 Voici notre s\u00e9lection pour septembre, octobre et novembre.              <a href=\"https:\/\/www.europesays.com\/fr\/wp-content\/uploads\/2025\/09\/1757392971_943_025b9cd_upload-1-zocpjbq1yn64-telerama-019365-003.jpg\" data-pswp-width=\"\" data-pswp-height=\"\" class=\"media__hd\" target=\"_blank\">      <img decoding=\"async\" fetchpriority=\"high\" src=\"https:\/\/www.europesays.com\/fr\/wp-content\/uploads\/2025\/09\/1757392971_943_025b9cd_upload-1-zocpjbq1yn64-telerama-019365-003.jpg\" class=\"media__picture js-media-zoom-main \" alt=\"L\u2019adorable Fuki, interpr\u00e9t\u00e9e par Yui Suzuki dans \u00ab\u00a0Renoir\u00a0\u00bb, de la Japonaise Chie Hayakawa.\" title=\"Ici et l\u00e0 Productions\/Arte France\"\/>      <\/p>\n<p class=\"media__legend\"> L\u2019adorable Fuki, interpr\u00e9t\u00e9e par Yui Suzuki dans \u00ab\u00a0Renoir\u00a0\u00bb, de la Japonaise Chie Hayakawa.  Ici et l\u00e0 Productions\/Arte France  <\/p>\n<p>     <\/a>                    <\/p>\n<p class=\"author author--simple\">Par  <a class=\"author author--link\" href=\"https:\/\/www.telerama.fr\/recherche\/articles?q=Le+service+Cin%C3%A9ma\" rel=\"nofollow noopener\" target=\"_blank\"> Le service Cin\u00e9ma <\/a>    <\/p>\n<p class=\"publication__date\">Publi\u00e9 le 08 septembre 2025 \u00e0 09h23<\/p>\n<p>   Partager   <\/p>\n<ul class=\"sharing-popin--results\">\n<li class=\"sharing-popin--item sharing-popin--item-container\"> Partage  <\/li>\n<li data-share=\"linkedin\" class=\"sharing-popin--item\">  LinkedIn <\/li>\n<li data-share=\"facebook\" class=\"sharing-popin--item\">  Facebook <\/li>\n<li data-share=\"mail\" data-social=\"mail\" class=\"sharing-popin--item\">  Envoyer par email <\/li>\n<li data-share=\"copy\" class=\"sharing-popin--item\">  Copier le lien <\/li>\n<\/ul>\n<p>        Favoris       <\/p>\n<p>                <a class=\"openapp__link\" data-event=\"click-open-app\" data-deep-link=\"tlrm:\/\/element?id=\/cinema\/cinema-les-25-films-les-plus-attendus-de-la-rentree-2337-7027189.php&amp;source=deeplink_site\">  Lire dans l&rsquo;application<br \/>\n  <\/a>                         <strong>SEPTEMBRE<\/strong>                                     <strong>\u201cSir\u00e2t\u201d<\/strong>                              <a href=\"https:\/\/www.europesays.com\/fr\/wp-content\/uploads\/2025\/09\/7de0eff_upload-1-exqz4ufclijd-telerama-019435-003.jpg\" data-pswp-width=\"\" data-pswp-height=\"\" class=\"media__hd\" target=\"_blank\">      <img decoding=\"async\" loading=\"lazy\" src=\"https:\/\/www.europesays.com\/fr\/wp-content\/uploads\/2025\/09\/7de0eff_upload-1-exqz4ufclijd-telerama-019435-003.jpg\" class=\"media__picture js-media-zoom  media__size--large\" alt=\"\" title=\"El Deseo\/Uri Films\/4 a 4 product\"\/>      <\/p>\n<p class=\"media__legend\">   El Deseo\/Uri Films\/4 a 4 product  <\/p>\n<p>     <\/a>                          <\/p>\n<p class=\"paragraph\">Ce fut l\u2019\u00e9lectrochoc du dernier Festival de Cannes. Qui nous a laiss\u00e9 \u00e0 sa sortie dans un \u00e9tat second, sonn\u00e9 et en apesanteur \u00e0 la fois. Un p\u00e8re (Sergi L\u00f3pez) y d\u00e9barque en voiture avec son fils au pied des montagnes de l\u2019Atlas marocain, o\u00f9 a \u00e9t\u00e9 organis\u00e9e une free party. Il est \u00e0 la recherche de sa fille, disparue depuis plusieurs mois et coutumi\u00e8re de ce genre de festivit\u00e9 sauvage. Il distribue partout un imprim\u00e9 avec sa photo dessus. Personne ne l\u2019a vue. Il sympathise avec une tribu de teufeurs, marginaux d\u00e9glingu\u00e9s et punko\u00efdes, de grands br\u00fbl\u00e9s de l\u2019existence, solidaires \u00e0 la vie, \u00e0 la mort. Avec eux, il s\u2019enfonce plus avant dans le d\u00e9sert, o\u00f9 une autre rave party les attend. Dans un monde au bord du chaos, sur fond d\u2019un \u00e9tat de guerre d\u00e9clar\u00e9, leur exp\u00e9rience va virer \u00e0 l\u2019aventure extr\u00eame, violente et extatique, stup\u00e9fiante d\u2019impr\u00e9visibilit\u00e9.<\/p>\n<p class=\"paragraph\">Drame, danse, transe, mystique\u00a0: Oliver Laxe, le r\u00e9alisateur franco-espagnol remarqu\u00e9 avec <a target=\"_blank\" href=\"https:\/\/www.telerama.fr\/cinema\/oliver-laxe-viendra-le-feu-le-cinema-est-capable-de-faire-comprendre-la-douleur-des-incendies,n6401587.php\" rel=\"nofollow noopener\">Viendra le feu (2019<\/a>), parvient \u00e0 unir dans un m\u00eame \u00e9lan physique et m\u00e9taphysique. Son film est parfois bancal, mais sid\u00e9rant d\u2019audace dans sa mani\u00e8re de croiser aussi bien <a target=\"_blank\" href=\"https:\/\/www.telerama.fr\/cinema\/mad-max-george-miller-crea-mel-gibson-et-une-saga-culte_cri-7039629.php\" rel=\"nofollow noopener\">Mad Max<\/a>, <a target=\"_blank\" href=\"https:\/\/www.telerama.fr\/cinema\/films\/le-salaire-de-la-peur,57758.php\" rel=\"nofollow noopener\">Le\u00a0Salaire de la peur<\/a> que des exp\u00e9ditions folles \u00e0 la Werner Herzog. La musique \u2014\u00a0trance, acid techno, ambient\u00a0\u2014 d\u00e9gage ici une \u00e9nergie tellurique, se confond avec les paysages, soul\u00e8ve le corps et l\u2019\u00e2me. Dans l\u2019islam, \u00ab\u00a0sir\u00e2t\u00a0\u00bb renvoie \u00e0 un \u00ab\u00a0chemin\u00a0\u00bb ou un \u00ab\u00a0pont\u00a0\u00bb qui relie l\u2019Enfer et le Paradis. Laxe l\u2019envisage comme un franchissement vers une forme d\u2019absolu. Radical, c\u2019est bien le mot ici.<\/p>\n<p>Sortie le 10\u00a0septembre.<\/p>\n<p class=\"edito__prefixe\">   \u00c0 lire aussi :   <\/p>\n<p class=\"edito__text-container\">   <a alt=\"Lire aussi\" href=\"https:\/\/www.telerama.fr\/cinema\/cannes-2025-sirat-une-experience-spectaculaire-dans-les-montagnes-du-sud-du-maroc-7025656.php\" class=\"article__title--edito\" rel=\"nofollow noopener\" target=\"_blank\">Cannes\u00a0: \u201cSir\u00e2t\u201d, une exp\u00e9rience spectaculaire dans les montagnes du sud du Maroc<\/a>  <\/p>\n<p>                                        <strong>\u201cOui\u201d<\/strong>                              <a href=\"https:\/\/www.europesays.com\/fr\/wp-content\/uploads\/2025\/09\/4aa3a2e_upload-1-nxcbq213c9cj-telerama-019813-009.jpg\" data-pswp-width=\"\" data-pswp-height=\"\" class=\"media__hd\" target=\"_blank\">      <img decoding=\"async\" loading=\"lazy\" src=\"https:\/\/www.europesays.com\/fr\/wp-content\/uploads\/2025\/09\/4aa3a2e_upload-1-nxcbq213c9cj-telerama-019813-009.jpg\" class=\"media__picture js-media-zoom  media__size--large\" alt=\"\" title=\"Les Films du Bal\/Chi-Fou-Mi Productions\"\/>      <\/p>\n<p class=\"media__legend\">   Les Films du Bal\/Chi-Fou-Mi Productions  <\/p>\n<p>     <\/a>                          <\/p>\n<p class=\"paragraph\"><a target=\"_blank\" href=\"https:\/\/www.telerama.fr\/debats-reportages\/le-cineaste-nadav-lapid-on-a-rendu-gaza-monstrueux-pas-etonnant-que-des-monstres-aient-pousse-la-bas-7017553.php\" rel=\"nofollow noopener\">Isra\u00ebl, l\u00e0 o\u00f9 Nadav Lapid a v\u00e9cu et grandi<\/a>, a fini par devenir au fil des ann\u00e9es son pays ennemi, tant sa politique guerri\u00e8re heurte sa conscience. Le Genou d\u2019Ahed (2021) \u00e9tait d\u00e9j\u00e0 une d\u00e9claration ardente de d\u00e9samour. Oui la prolonge sous une autre forme, carnavalesque, fr\u00e9n\u00e9tiquement d\u00e9cadente, avec l\u2019obsc\u00e9nit\u00e9 de la soumission comme th\u00e8me moteur. Car le r\u00e9alisateur s\u2019est choisi cette fois un passeur paradoxal, un bouffon fourbe qui a accept\u00e9 sur commande de recomposer l\u2019hymne national, \u00e0 partir de nouvelles paroles de vengeance. Ce musicien allum\u00e9 se donne r\u00e9guli\u00e8rement en spectacle avec sa compagne danseuse et tous deux se prostituent \u00e0 l\u2019occasion. Man\u00e8ge \u00e9tourdissant dans les cercles du pouvoir, Oui refl\u00e8te les d\u00e9rives ahurissantes d\u2019Isra\u00ebl mais aussi sans doute d\u2019autres d\u00e9mocraties en p\u00e9ril. Le film fait l\u2019effet d\u2019une claque glac\u00e9e, parfaite pour sortir de notre torpeur.<\/p>\n<p>Sortie le 17\u00a0septembre.<\/p>\n<p class=\"edito__prefixe\">   \u00c0 lire aussi :   <\/p>\n<p class=\"edito__text-container\">   <a alt=\"Lire aussi\" href=\"https:\/\/www.telerama.fr\/cinema\/cannes-2025-nadav-lapid-n-epargne-personne-et-surtout-pas-israel-dans-le-carnavalesque-et-derangeant-yes-7025801.php\" class=\"article__title--edito\" rel=\"nofollow noopener\" target=\"_blank\">Cannes\u00a02025\u00a0: Nadav Lapid n\u2019\u00e9pargne personne, et surtout pas Isra\u00ebl, dans le carnavalesque et d\u00e9rangeant \u201cYes\u201d<\/a>  <\/p>\n<p>                                        <strong>\u201cUne bataille apr\u00e8s l\u2019autre\u201d<\/strong>                              <a href=\"https:\/\/www.europesays.com\/fr\/wp-content\/uploads\/2025\/09\/3e71dcb_upload-1-1ucofwurkdwg-photo1.jpg\" data-pswp-width=\"\" data-pswp-height=\"\" class=\"media__hd\" target=\"_blank\">      <img decoding=\"async\" loading=\"lazy\" src=\"https:\/\/www.europesays.com\/fr\/wp-content\/uploads\/2025\/09\/3e71dcb_upload-1-1ucofwurkdwg-photo1.jpg\" class=\"media__picture js-media-zoom  media__size--large\" alt=\"\" title=\"Warner Bros.\"\/>      <\/p>\n<p class=\"media__legend\">   Warner Bros.  <\/p>\n<p>     <\/a>                          <\/p>\n<p class=\"paragraph\">\u00c0 Hollywood, Paul Thomas Anderson est l\u2019un des tout derniers grands auteurs \u00e0 n\u2019en faire qu\u2019\u00e0 leur t\u00eate. Alors, quand le cin\u00e9aste de <a target=\"_blank\" href=\"https:\/\/www.telerama.fr\/cinema\/films\/magnolia-1-251564.php\" rel=\"nofollow noopener\">Magnolia<\/a>, <a target=\"_blank\" href=\"https:\/\/www.telerama.fr\/cinema\/films\/there-will-be-blood,333777.php\" rel=\"nofollow noopener\">There Will Be Blood<\/a> et <a target=\"_blank\" href=\"https:\/\/www.telerama.fr\/cinema\/films\/licorice-pizza-1-192972315.php\" rel=\"nofollow noopener\">Licorice Pizza<\/a>, ayant fait briller Tom Cruise ou Daniel Day Lewis, dirige pour la premi\u00e8re fois le roi Leonardo DiCaprio, a fortiori avec le plus gros budget de sa carri\u00e8re, la curiosit\u00e9 culmine. Une bataille apr\u00e8s l\u2019autre, librement inspir\u00e9 d\u2019un roman de Thomas Pynchon (Vineland), se pr\u00e9sente\u00a0comme une com\u00e9die d\u2019action, autour d\u2019un personnage de baroudeur r\u00e9volutionnaire \u00e0 la recherche de sa fille disparue et flanqu\u00e9 d\u2019une sorte de ma\u00eetre en survie (Benicio del Toro)\u2026 M\u00eame face aux premi\u00e8res bandes-annonces disponibles, il est difficile de deviner \u00e0 quoi va vraiment ressembler cet \u00e9trange objet, ni le degr\u00e9 de r\u00e9ussite, artistique et commerciale, qu\u2019il pourrait atteindre\u2026<\/p>\n<p>Sortie le 24\u00a0septembre.<\/p>\n<p>                                    <strong>\u201cKontinental\u201925\u201d<\/strong>                              <a href=\"https:\/\/www.europesays.com\/fr\/wp-content\/uploads\/2025\/09\/d8efbb6_upload-1-pmmormsygc0o-kontinental-25-b003-10021208-c019-01049425.jpg\" data-pswp-width=\"\" data-pswp-height=\"\" class=\"media__hd\" target=\"_blank\">      <img decoding=\"async\" loading=\"lazy\" src=\"https:\/\/www.europesays.com\/fr\/wp-content\/uploads\/2025\/09\/d8efbb6_upload-1-pmmormsygc0o-kontinental-25-b003-10021208-c019-01049425.jpg\" class=\"media__picture js-media-zoom  media__size--large\" alt=\"\" title=\"Saga Film\/Rt Features\/Bord Cad\"\/>      <\/p>\n<p class=\"media__legend\">   Saga Film\/Rt Features\/Bord Cad  <\/p>\n<p>     <\/a>                          <\/p>\n<p class=\"paragraph\">Radu Jude serait-il le Fassbinder roumain de nos ann\u00e9es\u00a02020\u00a0? Tr\u00e8s productif et tr\u00e8s politique, le r\u00e9alisateur de <a target=\"_blank\" href=\"https:\/\/www.telerama.fr\/cinema\/n-attendez-pas-trop-de-la-fin-du-monde-une-satire-de-notre-epoque-completement-folle_cri-7028701.php\" rel=\"nofollow noopener\">N\u2019attendez pas trop de la fin du monde<\/a> (2023) acc\u00e8de, \u00e0 48\u00a0ans, au rang de ph\u00e9nom\u00e8ne cin\u00e9philique. Deux nouveaux films braquent les projecteurs sur lui\u00a0: Kontinental\u201925, une com\u00e9die noire et tendrement m\u00e9lancolique sur le boom immobilier roumain, puis, le 15\u00a0octobre, le premier Dracula venu du pays de la Transylvanie \u2014\u00a0un vampire annonc\u00e9 punk\u00a0! Parall\u00e8lement, le Centre Pompidou, r\u00e9install\u00e9 au MK2 Biblioth\u00e8que, consacre une r\u00e9trospective int\u00e9grale \u00e0 ce \u00ab\u00a0cin\u00e9aste intranquille\u00a0\u00bb (du 23\u00a0septembre au 11\u00a0octobre). Et les \u00e9ditions de l\u2019\u0152il lui consacrent un ouvrage collectif passionnant sous le titre Radu Jude, la fin du cin\u00e9ma peut attendre. Une tr\u00e8s bonne nouvelle.<\/p>\n<p>Sortie le 24\u00a0septembre.<\/p>\n<p class=\"edito__prefixe\">   \u00c0 lire aussi :   <\/p>\n<p class=\"edito__text-container\">     <a alt=\"Lire aussi\" href=\"https:\/\/www.telerama.fr\/cinema\/berlinale-2025-kontinental-25-de-radu-jude-moins-experimental-mais-toujours-aussi-politique-7024438.php\" class=\"article__title--edito\" rel=\"nofollow noopener\" target=\"_blank\">Berlinale 2025\u00a0: \u201cKontinental\u201925\u201d, de Radu Jude, moins exp\u00e9rimental mais toujours aussi politique<\/a>  <\/p>\n<p>                                        \u201c<strong>Classe moyenne\u201d<\/strong>                              <a href=\"https:\/\/www.europesays.com\/fr\/wp-content\/uploads\/2025\/09\/b24610a_upload-1-l3xqhzjxt6kz-cm-still-5.jpg\" data-pswp-width=\"\" data-pswp-height=\"\" class=\"media__hd\" target=\"_blank\">      <img decoding=\"async\" loading=\"lazy\" src=\"https:\/\/www.europesays.com\/fr\/wp-content\/uploads\/2025\/09\/b24610a_upload-1-l3xqhzjxt6kz-cm-still-5.jpg\" class=\"media__picture js-media-zoom  media__size--large\" alt=\"\" title=\"Cheyenne F\u00e9d\u00e9ration\/UMedia\"\/>      <\/p>\n<p class=\"media__legend\">   Cheyenne F\u00e9d\u00e9ration\/UMedia  <\/p>\n<p>     <\/a>                          <\/p>\n<p class=\"paragraph\">Vous prendrez bien un petit jeu de massacre social en maillot de bain et par\u00e9o\u00a0? Avec cette r\u00e9galante confrontation de deux familles \u2014\u00a0bourgeois chics et snobs contre gardiens de leur villa de vacances, et inversement\u00a0\u2014, Antony Cordier n\u2019y va pas avec le dos de la cuill\u00e8re \u00e0 cocktail, accumulant des situations de plus en plus drolatiques, violentes et r\u00e9v\u00e9latrices d\u2019une lutte des classes qui perdure, m\u00eame quand les \u00ab\u00a0patrons\u00a0\u00bb font mine d\u2019\u00eatre conviviaux. Laurent Lafitte en avocat suffisant qui d\u00e9bite des formules latines, Ramzy Bedia qui perd son calme, et Laure Calamy, explosive, qui suce l\u2019orteil d\u2019une \u00c9lodie Bouchez faussement ing\u00e9nue\u00a0: le casting est d\u2019une classe sup\u00e9rieure.<\/p>\n<p>Sortie le 24\u00a0septembre.<\/p>\n<p class=\"edito__prefixe\">   \u00c0 lire aussi :   <\/p>\n<p class=\"edito__text-container\">     <a alt=\"Lire aussi\" href=\"https:\/\/www.telerama.fr\/cinema\/cannes-2025-classe-moyenne-le-joyeux-jeu-de-massacre-d-antony-cordier-sur-fond-de-lutte-des-classes-7025773.php\" class=\"article__title--edito\" rel=\"nofollow noopener\" target=\"_blank\">Cannes\u00a0: \u201cClasse moyenne\u201d, le joyeux jeu de massacre d\u2019Antony Cordier sur fond de lutte des classes<\/a>  <\/p>\n<p>                                        <strong>\u201cDownton Abbey &#8211; The Grand Finale\u201d<\/strong>                              <a href=\"https:\/\/www.europesays.com\/fr\/wp-content\/uploads\/2025\/09\/a76b77f_upload-1-pydmltpe1lxs-1-4226-d030-02755-r.jpg\" data-pswp-width=\"\" data-pswp-height=\"\" class=\"media__hd\" target=\"_blank\">      <img decoding=\"async\" loading=\"lazy\" src=\"https:\/\/www.europesays.com\/fr\/wp-content\/uploads\/2025\/09\/a76b77f_upload-1-pydmltpe1lxs-1-4226-d030-02755-r.jpg\" class=\"media__picture js-media-zoom  media__size--large\" alt=\"\" title=\"Photo Rory Mulvey\/Universal Pictures\"\/>      <\/p>\n<p class=\"media__legend\">   Photo Rory Mulvey\/Universal Pictures  <\/p>\n<p>     <\/a>                          <\/p>\n<p class=\"paragraph\">Certains fans \u00e9namour\u00e9s de la s\u00e9rie (et, donc, de ses deux suites sur grand \u00e9cran) auraient peut-\u00eatre pr\u00e9f\u00e9r\u00e9 que tout s\u2019arr\u00eat\u00e2t avec la mort de l\u2019imp\u00e9riale Lady Violet (et de son interpr\u00e8te <a target=\"_blank\" href=\"https:\/\/www.telerama.fr\/cinema\/l-actrice-britannique-maggie-smith-est-morte-7022306.php\" rel=\"nofollow noopener\">Maggie Smith<\/a>). Mais comment quitter la famille Crawley\u00a0? Comment ne pas revenir une ultime fois, si l\u2019on en croit le titre, dans ce domaine de toutes les \u00e9motions entre ma\u00eetres et valets, avec, d\u00e9sormais, une histoire centr\u00e9e sur l\u2019avenir de la propri\u00e9t\u00e9\u00a0apr\u00e8s le krach de\u00a01929, et Lady Mary qui brille dans les salons londoniens avant d\u2019\u00eatre jug\u00e9e persona non grata car \u2014\u00a0shocking\u00a0! \u2014 elle est divorc\u00e9e\u00a0? La bande-annonce promet des d\u00e9placements entre ville et campagne dans des d\u00e9cors anglais d\u00e9licieusement historiques et chics, et, surtout, des retrouvailles avec Robert, Carson, Bates, Mrs Hugues, Daisy et consorts. Nous serons donc, une derni\u00e8re fois, \u00e0 la maison. God save Downton\u00a0!<\/p>\n<p>Sortie le 10\u00a0septembre.<\/p>\n<p>                                    <strong>\u201cLibre \u00e9change\u201d<\/strong>                              <a href=\"https:\/\/www.europesays.com\/fr\/wp-content\/uploads\/2025\/09\/0097c5e_upload-1-ackbiou9cnys-1f79def1d1abbb9fb7c7242408f6c341.jpeg\" data-pswp-width=\"\" data-pswp-height=\"\" class=\"media__hd\" target=\"_blank\">      <img decoding=\"async\" loading=\"lazy\" src=\"https:\/\/www.europesays.com\/fr\/wp-content\/uploads\/2025\/09\/0097c5e_upload-1-ackbiou9cnys-1f79def1d1abbb9fb7c7242408f6c341.jpeg\" class=\"media__picture js-media-zoom  media__size--large\" alt=\"\" title=\"Metropolitan FilmExport\"\/>      <\/p>\n<p class=\"media__legend\">   Metropolitan FilmExport  <\/p>\n<p>     <\/a>                          <\/p>\n<p class=\"paragraph\">Situation amoureuse\u00a0: c\u2019est compliqu\u00e9\u2026 et tr\u00e8s dr\u00f4le. Le cin\u00e9aste am\u00e9ricain <a target=\"_blank\" href=\"https:\/\/www.telerama.fr\/cinema\/michael-angelo-covino,-realisateur-de-the-climb-jadmire-la-maniere-dont-la-france-essaie-de,n6419220.php\" rel=\"nofollow noopener\">Michael Angelo Covino<\/a> (<a target=\"_blank\" href=\"https:\/\/www.telerama.fr\/cinema\/films\/the-climb,n6234407.php\" rel=\"nofollow noopener\">The Climb<\/a>) d\u00e9barque avec les tribulations \u00e9rotico-farfelues de deux couples (plus une hilarante n\u00e9buleuse d\u2019amants). Carey (Kyle Marvin), soudain largu\u00e9 par sa femme Ashley (Adria Arjona), part chercher refuge chez ses amis Paul et Julie (le r\u00e9alisateur en personne et Dakota Johnson). Ces deux-l\u00e0 pr\u00e9tendent avoir trouv\u00e9 le secret de l\u2019amour qui dure\u00a0: privil\u00e9gier une relation ouverte. Oui, mais\u2026 \u00ab\u00a0ouverte\u00a0\u00bb \u00e0 quel point\u00a0? H\u00e9riti\u00e8re de l\u2019humour joyeusement provocateur des fr\u00e8res Farelly autant que d\u2019un burlesque tr\u00e8s chor\u00e9graphique fa\u00e7on Blake Edwards, cette irr\u00e9sistible com\u00e9die s\u2019amuse sans piti\u00e9, mais non sans tendresse, des affres du m\u00e2le contemporain et du d\u00e9sarroi affectif dans tous ses \u00e9tats.<\/p>\n<p>Sortie le 10\u00a0septembre.<\/p>\n<p class=\"edito__prefixe\">   \u00c0 lire aussi :   <\/p>\n<p class=\"edito__text-container\">   <a alt=\"Lire aussi\" href=\"https:\/\/www.telerama.fr\/cinema\/cannes-2025-splitsville-les-extradroles-aventures-extraconjugales-de-quatre-quadras-7025765.php\" class=\"article__title--edito\" rel=\"nofollow noopener\" target=\"_blank\">Cannes\u00a02025\u00a0: \u201cSplitsville\u201d, les extradr\u00f4les aventures extraconjugales de quatre quadras<\/a>  <\/p>\n<p>                                        <strong>\u201cRenoir\u201d<\/strong>                              <a href=\"https:\/\/www.europesays.com\/fr\/wp-content\/uploads\/2025\/09\/ed4780e_upload-1-amtcxfcdfnez-telerama-019365-002.jpg\" data-pswp-width=\"\" data-pswp-height=\"\" class=\"media__hd\" target=\"_blank\">      <img decoding=\"async\" loading=\"lazy\" src=\"https:\/\/www.europesays.com\/fr\/wp-content\/uploads\/2025\/09\/ed4780e_upload-1-amtcxfcdfnez-telerama-019365-002.jpg\" class=\"media__picture js-media-zoom  media__size--large\" alt=\"\" title=\"Ici et l\u00e0 Productions\/Arte Fran \/ Ici et l\u00e0 Productions\/Arte Fran\"\/>      <\/p>\n<p class=\"media__legend\">   Ici et l\u00e0 Productions\/Arte Fran \/ Ici et l\u00e0 Productions\/Arte Fran  <\/p>\n<p>     <\/a>                          <\/p>\n<p class=\"paragraph\">Enfant, la petite Chie Hayakawa fut fascin\u00e9e par la reproduction d\u2019un tableau d\u2019Auguste Renoir, Portrait d\u2019Ir\u00e8ne Cahen d\u2019Anvers, un cadeau de son p\u00e8re. Avec ce deuxi\u00e8me film, la r\u00e9alisatrice japonaise revisite les souvenirs attach\u00e9s \u00e0 ce pass\u00e9 familial et se transporte en\u00a01987, quand elle avait 11\u00a0ans, comme son h\u00e9ro\u00efne, l\u2019adorable Fuki. Par touches impressionnistes, Renoir trace le portrait de cette fillette solitaire, livr\u00e9e \u00e0 elle-m\u00eame car son p\u00e8re a \u00e9t\u00e9 hospitalis\u00e9 et sa m\u00e8re travaille sans cesse. Filmer le regard de Fuki (et de sa merveilleuse interpr\u00e8te, Yui Suzuki) est l\u2019in\u00e9puisable sujet de Renoir. Une magie particuli\u00e8re na\u00eet de cette chronique pudique qui, \u00e0 travers une mosa\u00efque de fragments d\u2019enfance, dit ce qui a \u00e9t\u00e9 profond\u00e9ment ressenti et nous fait partager le retentissement de la vie, des circonstances les plus ordinaires aux plus dramatiques. Collectionner les moments fugaces qui tiennent du ha\u00efku cin\u00e9matographique aboutit dans Renoir \u00e0 soulever un d\u00e9licat maelstr\u00f6m d\u2019\u00e9motions.<\/p>\n<p>Sortie le 10\u00a0septembre.<\/p>\n<p class=\"edito__prefixe\">   \u00c0 lire aussi :   <\/p>\n<p class=\"edito__text-container\">   <a alt=\"Lire aussi\" href=\"https:\/\/www.telerama.fr\/cinema\/cannes-2025-renoir-une-chronique-impressionniste-et-lumineuse-de-l-enfance-7025699.php\" class=\"article__title--edito\" rel=\"nofollow noopener\" target=\"_blank\">Cannes\u00a02025\u00a0: \u201cRenoir\u201d, une chronique impressionniste et lumineuse de l\u2019enfance<\/a>  <\/p>\n<p>                                        \u201c<strong>Nino\u201d<\/strong>                              <a href=\"https:\/\/www.europesays.com\/fr\/wp-content\/uploads\/2025\/09\/5ca8fff_upload-1-53wdjlan5fi3-telerama-019734-008.jpg\" data-pswp-width=\"\" data-pswp-height=\"\" class=\"media__hd\" target=\"_blank\">      <img decoding=\"async\" loading=\"lazy\" src=\"https:\/\/www.europesays.com\/fr\/wp-content\/uploads\/2025\/09\/5ca8fff_upload-1-53wdjlan5fi3-telerama-019734-008.jpg\" class=\"media__picture js-media-zoom  media__size--large\" alt=\"\" title=\"Blue Monday Production\/France 2\"\/>      <\/p>\n<p class=\"media__legend\">   Blue Monday Production\/France 2  <\/p>\n<p>     <\/a>                          <\/p>\n<p class=\"paragraph\">Nino apprend, incr\u00e9dule, qu\u2019il est atteint d\u2019un cancer.\u00a0Incapable de r\u00e9v\u00e9ler \u00e0 son entourage le mal dont il est atteint et l\u2019angoisse qui le ronge, le jeune homme, incarn\u00e9 par le doux acteur qu\u00e9b\u00e9cois Th\u00e9odore Pellerin, erre dans Paris, tels Cl\u00e9o, dans le film d\u2019Agn\u00e8s Varda (<a target=\"_blank\" href=\"https:\/\/www.telerama.fr\/cinema\/films\/cleo-de-5-a-7,6698.php\" rel=\"nofollow noopener\">Cl\u00e9o de 5 \u00e0\u00a07<\/a>), ou Anders \u00e0 Oslo, dans celui de Joachim Trier (<a target=\"_blank\" href=\"https:\/\/www.telerama.fr\/cinema\/films\/oslo-31-aout,430355.php\" rel=\"nofollow noopener\">Oslo, 31\u00a0ao\u00fbt<\/a>). Tr\u00e8s entour\u00e9, notamment d\u2019une m\u00e8re aussi aimante qu\u2019intrusive\u00a0\u30fc Jeanne Balibar, qui, alors que son fils essaie de lui annoncer la mauvaise nouvelle, lui demande\u00a0: \u00ab\u00a0Tu vas faire une transition\u00a0?\u00a0\u00bb \u30fc, il se sent pourtant tr\u00e8s seul. R\u00e9alis\u00e9 par Pauline Loqu\u00e8s, ce premier long m\u00e9trage frappe par sa gr\u00e2ce et sa pr\u00e9cision dans la chronique d\u2019une maladie, dont l\u2019intrusion, aussi injuste que soudaine, bouleverse le rapport \u00e0 la vie.<\/p>\n<p>Sortie le 17\u00a0septembre.<\/p>\n<p class=\"edito__prefixe\">   \u00c0 lire aussi :   <\/p>\n<p class=\"edito__text-container\">   <a alt=\"Lire aussi\" href=\"https:\/\/www.telerama.fr\/cinema\/avant-premiere-decouvrez-la-bande-annonce-de-nino-de-pauline-loques-7026535.php\" class=\"article__title--edito\" rel=\"nofollow noopener\" target=\"_blank\">Avant-premi\u00e8re\u00a0: d\u00e9couvrez la bande-annonce de \u201cNino\u201d, de Pauline Loqu\u00e8s<\/a>  <\/p>\n<p>                                        <strong>\u201cL\u2019Int\u00e9r\u00eat d\u2019Adam\u201d<\/strong>                              <a href=\"https:\/\/www.europesays.com\/fr\/wp-content\/uploads\/2025\/09\/ab15dc2_upload-1-mo7avo7fqn9u-l-interet-d-adam04.jpg\" data-pswp-width=\"\" data-pswp-height=\"\" class=\"media__hd\" target=\"_blank\">      <img decoding=\"async\" loading=\"lazy\" src=\"https:\/\/www.europesays.com\/fr\/wp-content\/uploads\/2025\/09\/ab15dc2_upload-1-mo7avo7fqn9u-l-interet-d-adam04.jpg\" class=\"media__picture js-media-zoom  media__size--large\" alt=\"\" title=\"Dragons Films\/Les Films du Fleuv\"\/>      <\/p>\n<p class=\"media__legend\">   Dragons Films\/Les Films du Fleuv  <\/p>\n<p>     <\/a>                          <\/p>\n<p class=\"paragraph\">On n\u2019a pas oubli\u00e9 <a target=\"_blank\" href=\"https:\/\/www.telerama.fr\/cinema\/films\/un-monde-1-189435732.php\" rel=\"nofollow noopener\">Un monde<\/a> (2021), premier long-m\u00e9trage impressionnant de <a target=\"_blank\" href=\"https:\/\/www.telerama.fr\/cinema\/un-monde-un-film-choc-sur-le-harcelement-scolaire-quand-un-enfant-est-violent-c-est-qu-il-y-a-une-blessure-qui-n-a-pas-ete-reconnue-7008431.php\" rel=\"nofollow noopener\">Laura Wandel<\/a>. La jeune r\u00e9alisatrice belge nous plongeait dans l\u2019univers d\u2019une cour d\u2019\u00e9cole pour y d\u00e9crire le cas d\u2019un harc\u00e8lement scolaire. Dans L\u2019Int\u00e9r\u00eat d\u2019Adam, nouvelle immersion, autre cadre. Nous voici dans un service de p\u00e9diatrie o\u00f9 Adam, 4\u00a0ans, est hospitalis\u00e9 pour malnutrition, \u00e0 la suite d\u2019une d\u00e9cision de justice. L\u2019infirmi\u00e8re en chef, au bord du burn-out, le prend en charge et autorise la m\u00e8re, au profil borderline, \u00e0 rester au-del\u00e0 des heures fix\u00e9es par la juge\u2026 Folie du d\u00e9vouement et folie de l\u2019amour maternel se r\u00e9pondent dans ce film qui nous emm\u00e8ne loin, vers des gouffres insoup\u00e7onn\u00e9s. Le crescendo est angoissant \u00e0 souhait, parfaitement servi par <a target=\"_blank\" href=\"https:\/\/www.telerama.fr\/cinema\/de-l-evenement-a-maria-anamaria-vartolomei-le-feu-sous-la-grace-7020905.php\" rel=\"nofollow noopener\">Anamaria Vartolomei<\/a> et L\u00e9a Drucker.<\/p>\n<p>Sortie le 17\u00a0septembre.<\/p>\n<p class=\"edito__prefixe\">   \u00c0 lire aussi :   <\/p>\n<p class=\"edito__text-container\">   <a alt=\"Lire aussi\" href=\"https:\/\/www.telerama.fr\/cinema\/cannes-2025-l-interet-d-adam-immersion-oppressante-dans-un-hopital-ou-guette-la-folie-7025619.php\" class=\"article__title--edito\" rel=\"nofollow noopener\" target=\"_blank\">Cannes\u00a0: \u201cL\u2019Int\u00e9r\u00eat d\u2019Adam\u201d, immersion oppressante dans un h\u00f4pital o\u00f9 guette la folie<\/a>  <\/p>\n<p>                                  <strong>OCTOBRE<\/strong>                                     <strong>\u201cUn simple accident\u201d<\/strong>                              <a href=\"https:\/\/www.europesays.com\/fr\/wp-content\/uploads\/2025\/09\/a07e9dc_upload-1-nlthrmwrle5t-un-simple-accident01.jpg\" data-pswp-width=\"\" data-pswp-height=\"\" class=\"media__hd\" target=\"_blank\">      <img decoding=\"async\" loading=\"lazy\" src=\"https:\/\/www.europesays.com\/fr\/wp-content\/uploads\/2025\/09\/a07e9dc_upload-1-nlthrmwrle5t-un-simple-accident01.jpg\" class=\"media__picture js-media-zoom  media__size--large\" alt=\"\" title=\"Les Films Pell\u00e9as\/Bidibul Produ \/ Jafar Panahi Production\"\/>      <\/p>\n<p class=\"media__legend\">   Les Films Pell\u00e9as\/Bidibul Produ \/ Jafar Panahi Production  <\/p>\n<p>     <\/a>                          <\/p>\n<p class=\"paragraph\">Lorsque, en mai dernier, l\u2019Iranien <a target=\"_blank\" href=\"https:\/\/www.telerama.fr\/cinema\/jafar-panahi-la-palme-d-or-du-courage-le-regime-tient-mais-n-ose-pas-affronter-le-peuple-7025874.php\" rel=\"nofollow noopener\">Jafar Panahi a re\u00e7u la Palme d\u2019or au Festival de Cannes<\/a> pour la premi\u00e8re fois de sa carri\u00e8re avec ce Simple accident tourn\u00e9 clandestinement \u00e0 T\u00e9h\u00e9ran, au nez et \u00e0 la barbe des mollahs, cet \u00e9ternel contestataire ne se doutait pas que son pays \u00e9tait sur le point de basculer dans la guerre. Ce film haletant, prouesse de mise en sc\u00e8ne sous contrainte, para\u00eet aujourd\u2019hui d\u2019autant plus pr\u00e9cieux. Le t\u00e9moignage d\u2019un peuple en r\u00e9sistance, \u00e0 travers une folle course dans les rues de la capitale, qui commence par une banale histoire de chien \u00e9cras\u00e9. Un \u00ab\u00a0simple accident\u00a0\u00bb sur le trajet d\u2019une petite famille, et pourtant tout se d\u00e9traque. Le moteur de la voiture, d\u2019abord, qui oblige le conducteur \u00e0 s\u2019arr\u00eater pour demander de l\u2019aide. Cet automobiliste amen\u00e9 par le hasard, le h\u00e9ros, Vahid, croit le reconna\u00eetre. Mais s\u2019agit-il vraiment du gardien de prison qui l\u2019a jadis tortur\u00e9 et traumatis\u00e9\u00a0? Vahid a un doute. M\u00eame apr\u00e8s l\u2019avoir enlev\u00e9, et trimbal\u00e9 dans son van. Commence alors la recherche fr\u00e9n\u00e9tique d\u2019autres victimes de la dictature, capables d\u2019identifier formellement leur bourreau commun. C\u2019est le d\u00e9but d\u2019un vertigineux encha\u00eenement de rencontres et de cons\u00e9quences, de rage et de solidarit\u00e9, de b\u00e9vues et de d\u00e9tours, en qu\u00eate de v\u00e9rit\u00e9 et de r\u00e9paration.<\/p>\n<p class=\"paragraph\">Typique du cin\u00e9ma \u00ab\u00a0embarqu\u00e9\u00a0\u00bb de Jafar Panahi, qui sait comme personne, au moins depuis <a target=\"_blank\" href=\"https:\/\/www.telerama.fr\/cinema\/films\/taxi-teheran,498193.php\" rel=\"nofollow noopener\">Taxi T\u00e9h\u00e9ran<\/a> (2015), enfermer les tensions d\u2019une soci\u00e9t\u00e9 dans le huis clos d\u2019un v\u00e9hicule en mouvement, le film roule \u00e0 tombeau ouvert sur les routes d\u2019un pays \u00e9corch\u00e9, dont l\u2019avenir n\u2019a jamais \u00e9t\u00e9 aussi incertain.<\/p>\n<p>Sortie le 1\u1d49\u02b3\u00a0octobre.<\/p>\n<p class=\"edito__prefixe\">   \u00c0 lire aussi :   <\/p>\n<p class=\"edito__text-container\">   <a alt=\"Lire aussi\" href=\"https:\/\/www.telerama.fr\/cinema\/palme-d-or-de-cannes-2025-un-simple-accident-de-jafar-panahi-un-thriller-a-tombeau-ouvert-sous-la-dictature-des-mollahs-5450-7025763.php\" class=\"article__title--edito\" rel=\"nofollow noopener\" target=\"_blank\">\u201cUn simple accident\u201d, de Jafar Panahi, un thriller \u00e0 tombeau ouvert sous la dictature des mollahs<\/a>  <\/p>\n<p>                                        \u201c<strong>Arco\u201d<\/strong>                              <a href=\"https:\/\/www.europesays.com\/fr\/wp-content\/uploads\/2025\/09\/4ddae3f_upload-1-4tms9rh1ewmp-arco01.jpg\" data-pswp-width=\"\" data-pswp-height=\"\" class=\"media__hd\" target=\"_blank\">      <img decoding=\"async\" loading=\"lazy\" src=\"https:\/\/www.europesays.com\/fr\/wp-content\/uploads\/2025\/09\/4ddae3f_upload-1-4tms9rh1ewmp-arco01.jpg\" class=\"media__picture js-media-zoom  media__size--large\" alt=\"\" title=\"Remembers\/Mountain A \"\/>      <\/p>\n<p class=\"media__legend\">   Remembers\/Mountain A   <\/p>\n<p>     <\/a>                          <\/p>\n<p class=\"paragraph\">Les amateurs de BD connaissent bien Ugo Bienvenu, auteur notamment de <a target=\"_blank\" href=\"https:\/\/www.telerama.fr\/livre\/bd-preference-systeme,-bienvenu-dans-un-monde-sature-de-data,n6564793.php\" rel=\"nofollow noopener\">Pr\u00e9f\u00e9rence syst\u00e8me<\/a> (2020). Son premier long m\u00e9trage d\u2019animation, aussi inventif que percutant, se situe dans un futur proche. Avec ses d\u00e9cors somptueux et son sc\u00e9nario visionnaire (les m\u00e9gafeux qui menacent la plan\u00e8te, les professeurs remplac\u00e9s par des IA\u2026), il met en sc\u00e8ne une grande aventure autour d\u2019Iris, fillette de 10\u00a0ans qui vit avec son petit fr\u00e8re et le robot domestique familial, alors que leurs parents travaillent dans une autre galaxie. Un jour, Arco tombe du ciel dans sa combinaison arc-en-ciel qui lui permet de voyager dans le temps. Ensemble, les deux enfants vont tout faire pour que l\u2019extraterrestre puisse retourner chez lui. Une r\u00e9ussite \u00e9poustouflante.<\/p>\n<p>Sortie le 22\u00a0octobre.<\/p>\n<p class=\"edito__prefixe\">   \u00c0 lire aussi :   <\/p>\n<p class=\"edito__text-container\">   <a alt=\"Lire aussi\" href=\"https:\/\/www.telerama.fr\/cinema\/annecy-2025-arco-recoit-le-cristal-dans-une-selection-marquee-par-l-enfance-et-le-deuil-7026150.php\" class=\"article__title--edito\" rel=\"nofollow noopener\" target=\"_blank\">Annecy 2025\u00a0: \u201cArco\u201d re\u00e7oit le Cristal dans une s\u00e9lection marqu\u00e9e par l\u2019enfance et le deuil<\/a>  <\/p>\n<p>                                        <strong>\u201cLa Petite Derni\u00e8re\u201d<\/strong>                              <a href=\"https:\/\/www.europesays.com\/fr\/wp-content\/uploads\/2025\/09\/9b9734f_upload-1-7gmmdz7er25q-la-petite-derniere05.jpg\" data-pswp-width=\"\" data-pswp-height=\"\" class=\"media__hd\" target=\"_blank\">      <img decoding=\"async\" loading=\"lazy\" src=\"https:\/\/www.europesays.com\/fr\/wp-content\/uploads\/2025\/09\/9b9734f_upload-1-7gmmdz7er25q-la-petite-derniere05.jpg\" class=\"media__picture js-media-zoom  media__size--large\" alt=\"\" title=\"June\/Arte France Cin\u00e9ma\/Katuh S\"\/>      <\/p>\n<p class=\"media__legend\">   June\/Arte France Cin\u00e9ma\/Katuh S  <\/p>\n<p>     <\/a>                          <\/p>\n<p class=\"paragraph\">On savait depuis son premier long m\u00e9trage derri\u00e8re la cam\u00e9ra (<a target=\"_blank\" href=\"https:\/\/www.telerama.fr\/cinema\/films\/tu-merites-un-amour,n6234353.php\" rel=\"nofollow noopener\">Tu m\u00e9rites un amour<\/a>, 2019) que l\u2019actrice Hafsia Herzi \u00e9tait une cin\u00e9aste. Confirmation \u00e9clatante avec cette Petite Derni\u00e8re o\u00f9 <a target=\"_blank\" href=\"https:\/\/www.telerama.fr\/cinema\/cannes-2025-hafsia-herzi-et-fatima-daas-de-l-art-de-montrer-sans-trop-en-dire-7025657.php\" rel=\"nofollow noopener\">elle adapte avec une sensibilit\u00e9 rare le roman de Fatima Daas<\/a>. Tout est pr\u00e9cis, tout est sensuel, tout est d\u00e9licatement rageur et violemment tendre dans ce portrait d\u2019une fille de 17\u00a0ans dont les d\u00e9sirs naissants ne correspondent pas \u00e0 sa foi et \u00e0 son milieu. Pour incarner cette h\u00e9ro\u00efne en qu\u00eate d\u2019identit\u00e9, Hafsia a d\u00e9got\u00e9 un diamant\u00a0: <a target=\"_blank\" href=\"https:\/\/www.telerama.fr\/cinema\/nadia-melliti-la-petite-nouvelle-qui-s-impose-meilleure-interpretation-feminine-avec-la-petite-derniere-7025866.php\" rel=\"nofollow noopener\">Nadia Melliti, aur\u00e9ol\u00e9e d\u2019un prix d\u2019interpr\u00e9tation \u00e0 Cannes<\/a> amplement m\u00e9rit\u00e9. Ce grand film qui ne l\u00e2che jamais sa v\u00e9rit\u00e9 aurait tout aussi bien pu d\u00e9crocher le Prix de la mise en sc\u00e8ne, voire, pour certains, la Palme d\u2019or.<\/p>\n<p>Sortie le 22\u00a0octobre.<\/p>\n<p class=\"edito__prefixe\">   \u00c0 lire aussi :   <\/p>\n<p class=\"edito__text-container\">   <a alt=\"Lire aussi\" href=\"https:\/\/www.telerama.fr\/cinema\/cannes-2025-avec-la-petite-derniere-hafsia-herzi-s-empare-brillamment-du-roman-de-fatima-daas-7025676.php\" class=\"article__title--edito\" rel=\"nofollow noopener\" target=\"_blank\">Cannes\u00a0: avec \u201cLa Petite Derni\u00e8re\u201d, Hafsia Herzi s\u2019empare brillamment du roman de Fatima Daas<\/a>  <\/p>\n<p>                                        <strong>\u201cNouvelle Vague\u201d<\/strong>                              <a href=\"https:\/\/www.europesays.com\/fr\/wp-content\/uploads\/2025\/09\/29b2154_upload-1-nntl8fnmgss5-telerama-019537-005.jpg\" data-pswp-width=\"\" data-pswp-height=\"\" class=\"media__hd\" target=\"_blank\">      <img decoding=\"async\" loading=\"lazy\" src=\"https:\/\/www.europesays.com\/fr\/wp-content\/uploads\/2025\/09\/29b2154_upload-1-nntl8fnmgss5-telerama-019537-005.jpg\" class=\"media__picture js-media-zoom  media__size--large\" alt=\"\" title=\"Photo Jean-Louis Fernandez\/ARP S\u00e9lection\"\/>      <\/p>\n<p class=\"media__legend\">   Photo Jean-Louis Fernandez\/ARP S\u00e9lection  <\/p>\n<p>     <\/a>                          <\/p>\n<p class=\"paragraph\">Le tournage d\u2019<a target=\"_blank\" href=\"https:\/\/www.telerama.fr\/cinema\/a-bout-de-souffle-de-jean-luc-godard-notre-critique_cri-7034204.php\" rel=\"nofollow noopener\">\u00c0 bout de souffle<\/a> (1960), film jalon, culte, de Jean-Luc Godard comme si vous y \u00e9tiez, et racont\u00e9 par un Am\u00e9ricain p\u00e9tri d\u2019admiration pour ce cin\u00e9ma fran\u00e7ais de la Nouvelle Vague qui \u00e9claboussa de sa fra\u00eecheur le septi\u00e8me art mondial. Jour 1, jour 2, jour 8, un bistrot, Les Champs-\u00c9lys\u00e9es, Godard qui r\u00e9fl\u00e9chit et ne tourne pas, son producteur qui panique, Belmondo qui rigole, et Raoul Coutard, cette grande gigue de chef op\u00e9rateur, qui trouve des solutions bricol\u00e9es \u00e0 tout\u00a0: la reconstitution est millim\u00e9tr\u00e9e, le voyage dans le temps d\u2019une grande beaut\u00e9, et tout respire, en effet, la libert\u00e9 de cr\u00e9er. M\u00eame l\u2019exercice p\u00e9rilleux des ressemblances fonctionne puisque Richard Linklater joue la carte de nouvelles t\u00eates, dont Guillaume Marbeck, surprenant en JLG et une Zoey Deutch qui tutoie la gr\u00e2ce de Jean Seberg. Un hommage classique mais d\u2019une vitalit\u00e9 vivifiante.<\/p>\n<p>Sortie le 8\u00a0octobre.<\/p>\n<p class=\"edito__prefixe\">   \u00c0 lire aussi :   <\/p>\n<p class=\"edito__text-container\">   <a alt=\"Lire aussi\" href=\"https:\/\/www.telerama.fr\/cinema\/cannes-2025-nouvelle-vague-de-richard-linklater-ca-donne-illico-envie-de-revoir-a-bout-de-souffle-7025776.php\" class=\"article__title--edito\" rel=\"nofollow noopener\" target=\"_blank\">Cannes\u00a0: \u201cNouvelle Vague\u201d, de Richard Linklater, \u201c\u00e7a donne illico envie de revoir \u2018\u00c0 bout de souffle\u2019\u201d<\/a>  <\/p>\n<p>                                        <strong>\u201cL\u2019\u00c9tranger\u201d<\/strong>                              <a href=\"https:\/\/www.europesays.com\/fr\/wp-content\/uploads\/2025\/09\/5639169_upload-1-kfve3odlscpk-l-etranger02.jpg\" data-pswp-width=\"\" data-pswp-height=\"\" class=\"media__hd\" target=\"_blank\">      <img decoding=\"async\" loading=\"lazy\" src=\"https:\/\/www.europesays.com\/fr\/wp-content\/uploads\/2025\/09\/5639169_upload-1-kfve3odlscpk-l-etranger02.jpg\" class=\"media__picture js-media-zoom  media__size--large\" alt=\"\" title=\"FOZ\/Gaumont Production\"\/>      <\/p>\n<p class=\"media__legend\">   FOZ\/Gaumont Production  <\/p>\n<p>     <\/a>                          <\/p>\n<p class=\"paragraph\">L\u2019abondante et \u00e9clectique filmographie de Fran\u00e7ois Ozon comprenait jusqu\u2019ici plusieurs adaptations romanesques ou th\u00e9\u00e2trales. Pour la premi\u00e8re fois, le cin\u00e9aste s\u2019empare d\u2019un classique de la litt\u00e9rature, chef-d\u2019\u0153uvre d\u2019Albert Camus paru en\u00a01942, et dont le ma\u00eetre italien Luchino Visconti tira d\u00e9j\u00e0 un film, avec Marcello Mastroianni, en\u00a01967. Le d\u00e9fi, raviver une r\u00e9flexion sur la conscience morale ancr\u00e9e dans l\u2019Alg\u00e9rie coloniale de\u00a01938, est partag\u00e9 avec une troupe d\u2019interpr\u00e8tes qui donne beaucoup \u00e0 esp\u00e9rer. L\u2019intense <a target=\"_blank\" href=\"https:\/\/www.telerama.fr\/cinema\/benjamin-voisin-les-bons-films-assures-ca-donne-une-super-carriere-mais-on-s-emmerde-7020354.php\" rel=\"nofollow noopener\">Benjamin Voisin<\/a> (retrouvant Ozon cinq ans apr\u00e8s <a target=\"_blank\" href=\"https:\/\/www.telerama.fr\/cinema\/films\/ete-85,n6650424.php\" rel=\"nofollow noopener\">\u00c9t\u00e9 85<\/a>) joue le r\u00f4le du min\u00e9ral meurtrier Meursault, face \u00e0 la non moins remarquable Rebecca Marder (l\u2019une des h\u00e9ro\u00efnes de <a target=\"_blank\" href=\"https:\/\/www.telerama.fr\/cinema\/films\/mon-crime-1-240853741.php\" rel=\"nofollow noopener\">Mon crime, d\u2019Ozon<\/a> aussi), ainsi qu\u2019\u00e0 Pierre Lottin, Denis Lavant et Swann Arlaud.<\/p>\n<p>Sortie le 29\u00a0octobre.<\/p>\n<p>                                    <strong>\u201cLa Femme la plus riche du monde\u201d<\/strong>                              <a href=\"https:\/\/www.europesays.com\/fr\/wp-content\/uploads\/2025\/09\/87cbe73_upload-1-twr5iplbc5qb-telerama-019340-001.jpg\" data-pswp-width=\"\" data-pswp-height=\"\" class=\"media__hd\" target=\"_blank\">      <img decoding=\"async\" loading=\"lazy\" src=\"https:\/\/www.europesays.com\/fr\/wp-content\/uploads\/2025\/09\/87cbe73_upload-1-twr5iplbc5qb-telerama-019340-001.jpg\" class=\"media__picture js-media-zoom  media__size--large\" alt=\"\" title=\"Photo Manuel Moutier\/Recifilms\/V\"\/>      <\/p>\n<p class=\"media__legend\">   Photo Manuel Moutier\/Recifilms\/V  <\/p>\n<p>     <\/a>                          <\/p>\n<p class=\"paragraph\">Il y a du Billy Wilder ou m\u00eame du Joseph L. Mankiewicz dans le sixi\u00e8me long m\u00e9trage de Thierry Klifa. En s\u2019inspirant tr\u00e8s librement de l\u2019affaire Bettencourt et du \u00ab\u00a0couple\u00a0\u00bb scandaleux que form\u00e8rent Liliane Bettencourt et Fran\u00e7ois-Marie Banier, il compose une ronde cruelle, et d\u2019un humour piquant, quasi bouffon, sur le pouvoir sentimental, entre coup de foudre amical et frustration filiale, dans les ors et le cachemire d\u2019une direction artistique \u00e9clatante. Milliardaire qui se d\u00e9couvre une nouvelle jeunesse, dandy pique-assiette, fille jalouse et valet loyal et tra\u00eetre \u00e0 la fois\u00a0: la galerie de personnages est superbe et l\u2019interpr\u00e9tation, de haut vol. Face \u00e0 un Laurent Lafitte g\u00e9nial en provocateur flamboyant, Isabelle Huppert trouve son r\u00f4le le plus insolent depuis des lustres (en cristal).<\/p>\n<p>Sortie le 29\u00a0octobre.<\/p>\n<p class=\"edito__prefixe\">   \u00c0 lire aussi :   <\/p>\n<p class=\"edito__text-container\">   <a alt=\"Lire aussi\" href=\"https:\/\/www.telerama.fr\/cinema\/cannes-2025-le-duo-huppert-lafitte-impeccable-dans-la-femme-la-plus-riche-du-monde-variation-sur-l-affaire-bettencourt-7025748.php\" class=\"article__title--edito\" rel=\"nofollow noopener\" target=\"_blank\">Cannes\u00a0: le duo Huppert-Lafitte impeccable dans \u201cLa Femme la plus riche du monde\u201d, variation sur l\u2019affaire Bettencourt<\/a>  <\/p>\n<p>                                        <strong>\u201cSpringsteen\u00a0: Deliver Me from Nowhere\u201d, de Scott Cooper<\/strong>                              <a href=\"https:\/\/www.europesays.com\/fr\/wp-content\/uploads\/2025\/09\/6e034ec_upload-1-qzzw1s15eu3j-dfn-tp-0003.jpg\" data-pswp-width=\"\" data-pswp-height=\"\" class=\"media__hd\" target=\"_blank\">      <img decoding=\"async\" loading=\"lazy\" src=\"https:\/\/www.europesays.com\/fr\/wp-content\/uploads\/2025\/09\/6e034ec_upload-1-qzzw1s15eu3j-dfn-tp-0003.jpg\" class=\"media__picture js-media-zoom  media__size--large\" alt=\"\" title=\"20th Century Studios\"\/>      <\/p>\n<p class=\"media__legend\">   20th Century Studios  <\/p>\n<p>     <\/a>                          <\/p>\n<p class=\"paragraph\">Le biopic sur Bob Marley <a target=\"_blank\" href=\"https:\/\/www.telerama.fr\/cinema\/bob-marley-one-love-partition-a-revoir_cri-7031112.php\" rel=\"nofollow noopener\">(One Love<\/a>) \u00e9tait une catastrophe, ceux sur Freddie Mercury (<a target=\"_blank\" href=\"https:\/\/www.telerama.fr\/cinema\/bohemian-rhapsody-rami-malek-se-transcende-en-freddy-mercury_cri-7030597.php\" rel=\"nofollow noopener\">Bohemian Rhapsody<\/a>), Elton John (<a target=\"_blank\" href=\"https:\/\/www.telerama.fr\/cinema\/films\/rocketman,n5879877.php\" rel=\"nofollow noopener\">Rocketman<\/a>) ou Amy Winehouse (<a target=\"_blank\" href=\"https:\/\/www.telerama.fr\/television\/back-to-black-le-portrait-un-peu-trop-noir-d-amy-winehouse_cri-7035460.php\" rel=\"nofollow noopener\">Back to Black<\/a>) ne valaient gu\u00e8re mieux. On est n\u00e9anmoins tr\u00e8s curieux de d\u00e9couvrir cette premi\u00e8re \u00e9vocation cin\u00e9matographique en fiction de <a target=\"_blank\" href=\"https:\/\/www.telerama.fr\/musique\/bruce-springsteen-nos-seize-chansons-preferees-du-boss-et-non-pas-de-born-in-the-usa-5100-7020591.php\" rel=\"nofollow noopener\">Bruce Springsteen<\/a>. Parce que le film de Scott Cooper se focalise sur la seule gen\u00e8se de Nebraska, l\u2019album le plus intime du Boss, enregistr\u00e9 au d\u00e9but des ann\u00e9es\u00a01980, avant le triomphe plan\u00e9taire de Born in the USA. Et parce que la rock star est interpr\u00e9t\u00e9e par Jeremy Allen White, le charismatique chef cuistot de la s\u00e9rie <a target=\"_blank\" href=\"https:\/\/www.telerama.fr\/netflix-canal-play-amazon-sfr-play-nos-selections-svod\/the-bear-sur-disney-la-recette-du-succes-une-pincee-de-nevrose-de-l-amertume-et-un-casting-trois-etoiles-7016798.php\" rel=\"nofollow noopener\">The Bear<\/a> et nouvelle coqueluche de Hollywood.<\/p>\n<p>Sortie le 22\u00a0octobre.<\/p>\n<p>                                    \u201cStups\u201d                              <a href=\"https:\/\/www.europesays.com\/fr\/wp-content\/uploads\/2025\/09\/8b98ecf_upload-1-cmh4bwfge5j8-03.jpg\" data-pswp-width=\"\" data-pswp-height=\"\" class=\"media__hd\" target=\"_blank\">      <img decoding=\"async\" loading=\"lazy\" src=\"https:\/\/www.europesays.com\/fr\/wp-content\/uploads\/2025\/09\/8b98ecf_upload-1-cmh4bwfge5j8-03.jpg\" class=\"media__picture js-media-zoom  media__size--large\" alt=\"\" title=\"Unit\u00e9\/Arte France\"\/>      <\/p>\n<p class=\"media__legend\">   Unit\u00e9\/Arte France  <\/p>\n<p>     <\/a>                          <\/p>\n<p class=\"paragraph\">Apr\u00e8s la prison des Baumettes dans le d\u00e9j\u00e0 remarquable <a target=\"_blank\" href=\"https:\/\/www.telerama.fr\/cinema\/lucas-belvaux-realisateur-de-des-hommes-il-faut-entendre-tous-les-recits-de-la-guerre-dalgerie-6893534.php\" rel=\"nofollow noopener\">Des hommes<\/a> (2019), Alice Odiot et Jean-Robert Viallet ont tourn\u00e9 leur nouveau documentaire dans un autre lieu o\u00f9 les cam\u00e9ras n\u2019ont, en g\u00e9n\u00e9ral, pas droit de cit\u00e9\u00a0: les audiences du tribunal de Marseille, tr\u00e8s largement d\u00e9di\u00e9es aux trafics de drogue. \u00c0 travers une dizaine d\u2019affaires impliquant pour la plupart les \u00ab\u00a0petites mains\u00a0\u00bb \u2014 pour ne pas dire \u00ab\u00a0les esclaves\u00a0\u00bb \u2014 des \u00ab\u00a0stupeux\u00a0\u00bb, les journalistes-r\u00e9alisateurs racontent une soci\u00e9t\u00e9 o\u00f9 le narcotrafic prosp\u00e8re sur les in\u00e9galit\u00e9s. Et, gr\u00e2ce \u00e0 leur mise en sc\u00e8ne aussi rigoureuse qu\u2019empathique, montrent la grande solitude des pr\u00e9venus mais, aussi, celle, des juges, contraints de prendre des d\u00e9cisions complexes dans un temps de plus en plus limit\u00e9.<\/p>\n<p>Sortie le 1er\u00a0octobre.<\/p>\n<p>                              <strong>NOVEMBRE<\/strong>                                     \u201c<strong>Vie priv\u00e9e\u201d<\/strong>                              <a href=\"https:\/\/www.europesays.com\/fr\/wp-content\/uploads\/2025\/09\/a3750fd_upload-1-bdn0d9dxb01u-telerama-019410-002.jpg\" data-pswp-width=\"\" data-pswp-height=\"\" class=\"media__hd\" target=\"_blank\">      <img decoding=\"async\" loading=\"lazy\" src=\"https:\/\/www.europesays.com\/fr\/wp-content\/uploads\/2025\/09\/a3750fd_upload-1-bdn0d9dxb01u-telerama-019410-002.jpg\" class=\"media__picture js-media-zoom  media__size--large\" alt=\"\" title=\"Photo J\u00e9r\u00f4me Pr\u00e9bois\/Les Film \"\/>      <\/p>\n<p class=\"media__legend\">   Photo J\u00e9r\u00f4me Pr\u00e9bois\/Les Film   <\/p>\n<p>     <\/a>                          <\/p>\n<p class=\"paragraph\">Longtemps annonc\u00e9 comme un thriller, le nouveau film de Rebecca Zlotowski, d\u00e9voil\u00e9 hors comp\u00e9tition au dernier Festival de Cannes, tient finalement davantage de la com\u00e9die sophistiqu\u00e9e, \u00e9maill\u00e9 de r\u00e9f\u00e9rences new-yorkaises (le Woody Allen des ann\u00e9es 1980-1990) et domin\u00e9 par son interpr\u00e8te am\u00e9ricaine, <a target=\"_blank\" href=\"https:\/\/www.telerama.fr\/cinema\/jodie-foster-heroine-du-prochain-film-de-rebecca-zlotowski-et-en-vf-s-il-vous-plait-7023870.php\" rel=\"nofollow noopener\">Jodie Foster<\/a>. Pour elle, la cin\u00e9aste fran\u00e7aise a con\u00e7u, avec sa cosc\u00e9nariste, la romanci\u00e8re Anne Berest, un personnage comme toutes les actrices en r\u00eavent\u00a0: sans cesse \u00e0 l\u2019image, en mouvement, en r\u00e9flexion (elle est psychanalyste), \u00e0 la recherche \u2014 d\u2019indices, de cl\u00e9s, de rem\u00e8des, de raisons.<\/p>\n<p>                   APPLICATION     L&rsquo;application T\u00e9l\u00e9rama   <\/p>\n<p>Articles, critiques, guide plateformes ou programme TV, am\u00e9liorez votre exp\u00e9rience en t\u00e9l\u00e9chargeant l&rsquo;application<\/p>\n<p class=\"paragraph\">L\u2019incident d\u00e9clencheur, la mort suspecte d\u2019une patiente (Virginie Efira), conduit la th\u00e9rapeute, qui se voulait neutre, impassible, professionnelle, \u00e0 franchir plusieurs lignes rouges, pour surmonter son sentiment de culpabilit\u00e9. Une bo\u00eete de Pandore s\u2019ouvre alors, un vent de folie pas toujours douce se l\u00e8ve, qui fait couler, myst\u00e9rieusement et non-stop, les yeux de la psy, la pr\u00e9cipite, tour \u00e0 tour chez son ex-mari ophtalmo (Daniel Auteuil) et chez son fils r\u00e9probateur (Vincent Lacoste). C\u2019est, bien s\u00fbr, au sujet d\u2019elle-m\u00eame qu\u2019elle finit par enqu\u00eater\u2026 Le parcours initiatique est jalonn\u00e9 de r\u00e9pliques cinglantes et, en derni\u00e8re analyse, joyeuses. Il s\u2019agit pour l\u2019h\u00e9ro\u00efne d\u2019apprendre \u00e0 \u00ab\u00a0avancer dans le noir\u00a0\u00bb, d\u2019accepter la perte de contr\u00f4le et de certitudes. Et pour les spectateurs, de ne jamais oublier qu\u2019on est au cin\u00e9ma, lieu, comme le divan de la psy, de toutes les catharsis.<\/p>\n<p>Sortie le 26\u00a0novembre.<\/p>\n<p class=\"edito__prefixe\">   \u00c0 lire aussi :   <\/p>\n<p class=\"edito__text-container\">   <a alt=\"Lire aussi\" href=\"https:\/\/www.telerama.fr\/cinema\/cannes-2025-vie-privee-de-rebecca-zlotowski-virevolte-dans-les-pas-de-la-formidable-jodie-foster-7025796.php\" class=\"article__title--edito\" rel=\"nofollow noopener\" target=\"_blank\">Cannes\u00a02025\u00a0: \u201cVie priv\u00e9e\u201d, de Rebecca Zlotowski, virevolte dans les pas de la formidable Jodie Foster<\/a>  <\/p>\n<p>                                        \u201c<strong>Deux Procureurs\u201d<\/strong>                              <a href=\"https:\/\/www.europesays.com\/fr\/wp-content\/uploads\/2025\/09\/eda0df6_upload-1-x26gk0oiltbe-0048121.jpg\" data-pswp-width=\"\" data-pswp-height=\"\" class=\"media__hd\" target=\"_blank\">      <img decoding=\"async\" loading=\"lazy\" src=\"https:\/\/www.europesays.com\/fr\/wp-content\/uploads\/2025\/09\/eda0df6_upload-1-x26gk0oiltbe-0048121.jpg\" class=\"media__picture js-media-zoom  media__size--large\" alt=\"\" title=\"Photo Andrejs Strokins\/SBS Production\"\/>      <\/p>\n<p class=\"media__legend\">   Photo Andrejs Strokins\/SBS Production  <\/p>\n<p>     <\/a>                          <\/p>\n<p class=\"paragraph\">Union sovi\u00e9tique, en\u00a01937. Un jeune procureur propre sur lui, mod\u00e8le de rigueur et de conscience du devoir, d\u00e9cide de se rendre dans une prison, d\u2019o\u00f9 lui est parvenu par miracle l\u2019\u00e9trange message de SOS d\u2019un d\u00e9tenu, selon lui victime d\u2019une purge. Le repr\u00e9sentant de la justice, z\u00e9l\u00e9, veut en savoir plus. C\u2019est un candide, l\u2019un de ces \u00ab\u00a0idiots\u00a0\u00bb qu\u2019affectionne la litt\u00e9rature russe\u2026 S\u2019inspirant d\u2019un texte de Gueorgui Demidov (1908-1987), physicien d\u00e9port\u00e9 dans les camps de la Kolyma, le cin\u00e9aste ukrainien <a target=\"_blank\" href=\"https:\/\/www.telerama.fr\/cinema\/a-cannes-le-cineaste-ukrainien-serguei-loznitsa-c-est-desolant-nous-n-apprenons-rien-de-l-histoire-7025613.php\" rel=\"nofollow noopener\">Sergue\u00ef Loznitsa<\/a> d\u00e9crit froidement la m\u00e9canique perverse \u00e0 l\u2019\u0153uvre dans la machine totalitaire stalinienne. Tout ici n\u2019est que rouages, ouverture et fermeture, d\u00e9dale, trajets absurdes, action complexe mais vid\u00e9e de sens. Dans ses meilleurs moments, le film est kafka\u00efen, proche d\u2019un r\u00eave oppressant, oscillant entre grotesque et tragique.<\/p>\n<p>Sortie le 5\u00a0novembre.<\/p>\n<p class=\"edito__prefixe\">   \u00c0 lire aussi :   <\/p>\n<p class=\"edito__text-container\">   <a alt=\"Lire aussi\" href=\"https:\/\/www.telerama.fr\/cinema\/cannes-2025-deux-procureurs-plongee-dans-la-mecanique-perverse-des-purges-staliniennes-7025642.php\" class=\"article__title--edito\" rel=\"nofollow noopener\" target=\"_blank\">Cannes\u00a02025\u00a0: \u201cDeux Procureurs\u201d, plong\u00e9e dans la m\u00e9canique perverse des purges staliniennes<\/a>  <\/p>\n<p>                                        <strong>\u201cDossier 137\u201d<\/strong>                              <a href=\"https:\/\/www.europesays.com\/fr\/wp-content\/uploads\/2025\/09\/0433710_upload-1-q3doautcblpl-telerama-019317-003.jpg\" data-pswp-width=\"\" data-pswp-height=\"\" class=\"media__hd\" target=\"_blank\">      <img decoding=\"async\" loading=\"lazy\" src=\"https:\/\/www.europesays.com\/fr\/wp-content\/uploads\/2025\/09\/0433710_upload-1-q3doautcblpl-telerama-019317-003.jpg\" class=\"media__picture js-media-zoom  media__size--large\" alt=\"\" title=\"Photo Fanny de Gouville\/Haut et Court\"\/>      <\/p>\n<p class=\"media__legend\">   Photo Fanny de Gouville\/Haut et Court  <\/p>\n<p>     <\/a>                          <\/p>\n<p class=\"paragraph\">Apr\u00e8s le succ\u00e8s spectaculaire de <a target=\"_blank\" href=\"https:\/\/www.telerama.fr\/cinema\/films\/la-nuit-du-12-1-213222753.php\" rel=\"nofollow noopener\">La Nuit du 12<\/a> (pr\u00e8s de 500\u00a0000 spectateurs, six C\u00e9sar dont ceux du meilleur film et du meilleur r\u00e9alisateur), Dominik Moll ne quitte pas l\u2019univers de la police. Il change toutefois de service et, forc\u00e9ment, de registre, pour une enqu\u00eate interne sous tension pendant la crise des Gilets jaunes. Au c\u0153ur de Dossier 137, pr\u00e9sent\u00e9 en comp\u00e9tition au Festival de Cannes, les sales blessures occasionn\u00e9es par les tirs de LBD et la question de l\u2019usage proportionn\u00e9 de la force. Prise dans un tourbillon de points de vue, L\u00e9a Drucker met toute la subtilit\u00e9 et la discr\u00e8te intensit\u00e9 de son jeu au service de son personnage d\u2019enqu\u00eatrice de l\u2019IGPN qui avance sur un fil.<\/p>\n<p>Sortie le 19\u00a0novembre.<\/p>\n<p class=\"edito__prefixe\">   \u00c0 lire aussi :   <\/p>\n<p class=\"edito__text-container\">   <a alt=\"Lire aussi\" href=\"https:\/\/www.telerama.fr\/cinema\/dossier-137-le-nouveau-film-de-dominik-moll-a-cannes-ou-est-passe-le-brio-de-la-nuit-du-12-7025655.php\" class=\"article__title--edito\" rel=\"nofollow noopener\" target=\"_blank\">\u201cDossier\u00a0137\u201d, le nouveau film de Dominik Moll, \u00e0 Cannes\u00a0: o\u00f9 est pass\u00e9 le brio de \u201cLa Nuit du 12\u201d\u00a0?<\/a>  <\/p>\n<p>                                        <strong>\u201cLes Aigles de la R\u00e9publique\u201d<\/strong>                              <a href=\"https:\/\/www.europesays.com\/fr\/wp-content\/uploads\/2025\/09\/5d4562d_upload-1-abgahcdowawg-telerama-019258-001-18-58-51.jpg\" data-pswp-width=\"\" data-pswp-height=\"\" class=\"media__hd\" target=\"_blank\">      <img decoding=\"async\" loading=\"lazy\" src=\"https:\/\/www.europesays.com\/fr\/wp-content\/uploads\/2025\/09\/5d4562d_upload-1-abgahcdowawg-telerama-019258-001-18-58-51.jpg\" class=\"media__picture js-media-zoom  media__size--large\" alt=\"\" title=\"Photo Yigit Eken\/Memento Product \/ Photo Yigit Eken\/Memento Product\"\/>      <\/p>\n<p class=\"media__legend\">   Photo Yigit Eken\/Memento Product \/ Photo Yigit Eken\/Memento Product  <\/p>\n<p>     <\/a>                          <\/p>\n<p class=\"paragraph\">S\u2019il ne veut pas qu\u2019il arrive des bricoles \u00e0 son fils, l\u2019acteur George Fahmy doit accepter l\u2019honneur qui lui est fait et incarner le pr\u00e9sident Abdel Fattah al-Sissi dans un biopic officiel produit par l\u2019arm\u00e9e. Ainsi commence, sur un mode comique, Les Aigles de la R\u00e9publique, le nouveau long m\u00e9trage de Tarik Saleh apr\u00e8s <a target=\"_blank\" href=\"https:\/\/www.telerama.fr\/cinema\/films\/le-caire-confidentiel,517966.php\" rel=\"nofollow noopener\">Le\u00a0Caire confidentiel<\/a> (2017) et <a target=\"_blank\" href=\"https:\/\/www.telerama.fr\/cinema\/films\/la-conspiration-du-caire-1-213217651.php\" rel=\"nofollow noopener\">La Conspiration du\u00a0Caire<\/a> (2022), s\u00e9lectionn\u00e9 en comp\u00e9tition au dernier Festival de Cannes. Le cin\u00e9aste su\u00e9dois d\u2019origine \u00e9gyptienne, toujours persona non grata au pays de son p\u00e8re, y retrouve son interpr\u00e8te f\u00e9tiche, le cam\u00e9l\u00e9on Fares Fares, g\u00e9nial dans ce r\u00f4le de flamboyant \u00ab\u00a0pharaon de l\u2019\u00e9cran\u00a0\u00bb progressivement r\u00e9duit \u00e0 l\u2019\u00e9tat de marionnette aux mains d\u2019un pouvoir assassin. Entre satire et film noir, l\u2019histoire d\u2019un paon devenu pion.<\/p>\n<p>Sortie le 12\u00a0novembre.<\/p>\n<p class=\"edito__prefixe\">   \u00c0 lire aussi :   <\/p>\n<p class=\"edito__text-container\">   <a alt=\"Lire aussi\" href=\"https:\/\/www.telerama.fr\/cinema\/cannes-2025-les-aigles-de-la-republique-un-pacte-faustien-redoutable-sous-le-regime-egyptien-7025739.php\" class=\"article__title--edito\" rel=\"nofollow noopener\" target=\"_blank\">Cannes\u00a02025\u00a0: \u201cLes Aigles de la R\u00e9publique\u201d, un pacte faustien redoutable sous le r\u00e9gime \u00e9gyptien<\/a>  <\/p>\n<p>                                        <strong>\u201cL\u2019Incroyable Femme des neiges\u201d<\/strong>                              <a href=\"https:\/\/www.europesays.com\/fr\/wp-content\/uploads\/2025\/09\/e61dd86_upload-1-fltlnmf2jkhr-incroyable-femme-des-neiges-bastien-boullon-blanche-gardin-philippe-ka.jpeg\" data-pswp-width=\"\" data-pswp-height=\"\" class=\"media__hd\" target=\"_blank\">      <img decoding=\"async\" loading=\"lazy\" src=\"https:\/\/www.europesays.com\/fr\/wp-content\/uploads\/2025\/09\/e61dd86_upload-1-fltlnmf2jkhr-incroyable-femme-des-neiges-bastien-boullon-blanche-gardin-philippe-ka.jpeg\" class=\"media__picture js-media-zoom  media__size--large\" alt=\"\" title=\"Envie de Temp\u00eate Productions\"\/>      <\/p>\n<p class=\"media__legend\">   Envie de Temp\u00eate Productions  <\/p>\n<p>     <\/a>                          <\/p>\n<p class=\"paragraph\">L\u2019anti-h\u00e9ro\u00efne de cette com\u00e9die \u00ab\u00a0au bord du gouffre\u00a0\u00bb (pour reprendre les mots du r\u00e9alisateur, S\u00e9bastien Betbeder) est une exploratrice bipolaire, dans tous les sens du terme\u00a0: elle a travaill\u00e9 aussi bien en Arctique qu\u2019en Antarctique, et ses sautes d\u2019humeur sont telles qu\u2019elles lui ont co\u00fbt\u00e9 son poste de chercheuse. Coline, c\u2019est Blanche Gardin, dans son plus beau r\u00f4le, g\u00e9niale dans son registre habituel de l\u2019humour d\u00e9pressif qui n\u2019a pas peur du trash mais aussi dans celui, moins attendu, de l\u2019\u00e9motion. Fantaisie et gravit\u00e9, humour grin\u00e7ant et tendresse s\u2019entrem\u00ealent avec bonheur dans ce film d\u00e9licieusement buissonnier, des sapins du Jura (d\u00e9cid\u00e9ment \u00ab\u00a0the place to be\u00a0\u00bb du cin\u00e9ma fran\u00e7ais apr\u00e8s <a target=\"_blank\" href=\"https:\/\/www.telerama.fr\/cinema\/le-roman-de-jim-le-melo-des-freres-larrieu-d-une-tendresse-foudroyante-4711_cri-7033996.php\" rel=\"nofollow noopener\">Le Roman de Jim<\/a> et <a target=\"_blank\" href=\"https:\/\/www.telerama.fr\/cinema\/vingt-dieux-de-louise-courvoisier-une-escapade-savoureuse-au-pays-du-comte-1353_cri-7035839.php\" rel=\"nofollow noopener\">Vingt Dieux\u00a0!<\/a>) jusqu\u2019\u00e0 la banquise du Groenland. Rafra\u00eechissant.<\/p>\n<p>Sortie le 12\u00a0novembre.<\/p>\n<p class=\"edito__prefixe\">   \u00c0 lire aussi :   <\/p>\n<p class=\"edito__text-container\">     <a alt=\"Lire aussi\" href=\"https:\/\/www.telerama.fr\/cinema\/berlinale-2025-l-incroyable-femme-des-neiges-blanche-gardin-dans-son-plus-beau-role-7024425.php\" class=\"article__title--edito\" rel=\"nofollow noopener\" target=\"_blank\">Berlinale 2025\u00a0: \u201cL\u2019Incroyable Femme des neiges\u201d, Blanche Gardin dans son plus beau r\u00f4le<\/a>  <\/p>\n<p>                                        <strong>\u201cL\u2019Inconnu de la Grande Arche\u201d<\/strong>                              <a href=\"https:\/\/www.europesays.com\/fr\/wp-content\/uploads\/2025\/09\/1204fb0_upload-1-5bjqhfrfuc9p-telerama-019328-003.jpg\" data-pswp-width=\"\" data-pswp-height=\"\" class=\"media__hd\" target=\"_blank\">      <img decoding=\"async\" loading=\"lazy\" src=\"https:\/\/www.europesays.com\/fr\/wp-content\/uploads\/2025\/09\/1204fb0_upload-1-5bjqhfrfuc9p-telerama-019328-003.jpg\" class=\"media__picture js-media-zoom  media__size--large\" alt=\"\" title=\"Ex Nihilo\/Zentropa Entertainment\"\/>      <\/p>\n<p class=\"media__legend\">   Ex Nihilo\/Zentropa Entertainment  <\/p>\n<p>     <\/a>                          <\/p>\n<p class=\"paragraph\">Apr\u00e8s<a target=\"_blank\" href=\"https:\/\/www.telerama.fr\/cinema\/borgo-de-stephane-demoustier-un-vertigineux-polar-psychologique-en-milieu-carceral-1138_cri-7032178.php\" rel=\"nofollow noopener\"> <\/a><a target=\"_blank\" href=\"https:\/\/www.telerama.fr\/cinema\/borgo-de-stephane-demoustier-un-vertigineux-polar-psychologique-en-milieu-carceral-1138_cri-7032178.php\" rel=\"nofollow noopener\">Borgo<\/a>, reconstitution d\u2019un fait divers criminel en Corse, <a target=\"_blank\" href=\"https:\/\/www.telerama.fr\/cinema\/stephane-demoustier-realisateur-de-borgo-mes-films-explorent-une-ambiguite-que-nous-avons-tous-en-nous-7020112.php\" rel=\"nofollow noopener\">St\u00e9phane Demoustier<\/a> s\u2019inspire \u00e0 nouveau de faits r\u00e9els pour son cinqui\u00e8me long m\u00e9trage. Mais en prenant de la hauteur\u00a0: la construction de la monumentale Grande Arche de la D\u00e9fense, un cube de 110\u00a0m\u00e8tres de c\u00f4t\u00e9 dont le r\u00e9alisateur raconte ici la gen\u00e8se mouvement\u00e9e dans les ann\u00e9es\u00a01980, s\u2019est en effet jou\u00e9e au sommet du pouvoir. Les dialogues sont bourr\u00e9s de chiffres et de normes techniques pointues mais restent constamment intelligibles \u2014 et captivants\u00a0! Demoustier parvient m\u00eame \u00e0 cr\u00e9er un suspense inattendu sur l\u2019utilisation (ou pas) du \u00ab\u00a0verre coll\u00e9\u00a0\u00bb sur la fa\u00e7ade de l\u2019Arche. Au sein d\u2019un casting impeccable (le Danois Claes Bang, Swann Arlaud, Xavier Dolan), Michel Fau se distingue par sa composition d\u2019un Fran\u00e7ois Mitterrand plus vrai que nature.<\/p>\n<p>Sortie le 5\u00a0novembre.<\/p>\n<p class=\"edito__prefixe\">   \u00c0 lire aussi :   <\/p>\n<p class=\"edito__text-container\">   <a alt=\"Lire aussi\" href=\"https:\/\/www.telerama.fr\/cinema\/cannes-2025-l-inconnu-de-la-grande-arche-une-reconstitution-palpitante-au-casting-impeccable-7025672.php\" class=\"article__title--edito\" rel=\"nofollow noopener\" target=\"_blank\">Cannes\u00a0: \u201cL\u2019Inconnu de la Grande Arche\u201d, une reconstitution palpitante au casting impeccable<\/a>  <\/p>\n<p>                                        <strong>\u201cOn vous croit\u201d<\/strong>                              <a href=\"https:\/\/www.europesays.com\/fr\/wp-content\/uploads\/2025\/09\/c9bf902_upload-1-hbbd4f5egpyv-photo-3-on-vous-croit.jpg\" data-pswp-width=\"\" data-pswp-height=\"\" class=\"media__hd\" target=\"_blank\">      <img decoding=\"async\" loading=\"lazy\" src=\"https:\/\/www.europesays.com\/fr\/wp-content\/uploads\/2025\/09\/c9bf902_upload-1-hbbd4f5egpyv-photo-3-on-vous-croit.jpg\" class=\"media__picture js-media-zoom  media__size--large\" alt=\"\" title=\"Jour2f\u00eate\"\/>      <\/p>\n<p class=\"media__legend\">   Jour2f\u00eate  <\/p>\n<p>     <\/a>                          <\/p>\n<p class=\"paragraph\">Lors de la derni\u00e8re \u00e9dition du <a target=\"_blank\" href=\"https:\/\/www.telerama.fr\/cinema\/festival-reims-polar-quatre-films-qui-ont-secoue-en-champagne-7020065.php\" rel=\"nofollow noopener\">festival Reims Polar<\/a>, le jury de la comp\u00e9tition Sang neuf, pr\u00e9sid\u00e9 par <a target=\"_blank\" href=\"https:\/\/www.telerama.fr\/cinema\/sami-bouajila-je-n-ai-pas-peur-de-me-perdre-dans-les-roles-d-y-ramener-mes-peurs-7026451.php\" rel=\"nofollow noopener\">Sami Bouajila<\/a>, a non seulement d\u00e9cern\u00e9 son grand prix \u00e0 ce quasi huis clos de Charlotte Devillers et Arnaud Dufeys mais a demand\u00e9, et obtenu, l\u2019autorisation exceptionnelle de sacrer aussi sa com\u00e9dienne principale. Il faut dire que Myriem Akheddiou, actrice aper\u00e7ue notamment chez les Dardenne (<a target=\"_blank\" href=\"https:\/\/www.telerama.fr\/cinema\/films\/deux-jours-une-nuit,491149.php\" rel=\"nofollow noopener\">Deux Jours, une nuit<\/a>\u00a0; <a target=\"_blank\" href=\"https:\/\/www.telerama.fr\/cinema\/films\/le-jeune-ahmed,n6226124.php\" rel=\"nofollow noopener\">Le Jeune Ahmed<\/a>), accomplit une performance poignante dans ce premier film belge qui voit une m\u00e8re \u00e0 bout de nerfs accompagner ses deux enfants au tribunal pour en obtenir la garde exclusive. Ni le petit \u00c9tienne ni sa grande s\u0153ur ne veulent plus voir leur p\u00e8re, tandis que ce dernier demande au contraire \u00e0 reprendre sa place dans leur vie. Longues tirades capt\u00e9es face cam\u00e9ra, les t\u00e9moignages contradictoires des parents et les plaidoiries de leurs avocats constituent l\u2019essentiel de ce drame radical et minimaliste, qui resserre sa tension sur une dur\u00e9e aussi courte (1h18) qu\u2019\u00e9prouvante.<\/p>\n<p>Sortie le 12\u00a0novembre.<\/p>\n<p class=\"edito__prefixe\">   \u00c0 lire aussi :   <\/p>\n<p class=\"edito__text-container\">   <a alt=\"Lire aussi\" href=\"https:\/\/www.telerama.fr\/cinema\/festival-reims-polar-2025-paternite-violence-masculine-et-gangsters-tamouls-au-c-ur-du-palmares-7025127.php\" class=\"article__title--edito\" rel=\"nofollow noopener\" target=\"_blank\">Festival Reims Polar\u00a02025\u00a0: paternit\u00e9, violence masculine et gangsters tamouls au c\u0153ur du palmar\u00e8s<\/a>  <\/p>\n","protected":false},"excerpt":{"rendered":"Le puissant \u201cSir\u00e2t\u201d, les films chocs de Jafar Panahi et Nadav Lapid, \u201cLa Petite Derni\u00e8re\u201d d\u2019Hafsia Herzi, la&hellip;\n","protected":false},"author":2,"featured_media":363716,"comment_status":"","ping_status":"","sticky":false,"template":"","format":"standard","meta":{"footnotes":""},"categories":[1354],"tags":[58,59,1346,1011,27,1360],"class_list":{"0":"post-376905","1":"post","2":"type-post","3":"status-publish","4":"format-standard","5":"has-post-thumbnail","7":"category-films","8":"tag-divertissement","9":"tag-entertainment","10":"tag-films","11":"tag-fr","12":"tag-france","13":"tag-movies"},"share_on_mastodon":{"url":"","error":""},"_links":{"self":[{"href":"https:\/\/www.europesays.com\/fr\/wp-json\/wp\/v2\/posts\/376905","targetHints":{"allow":["GET"]}}],"collection":[{"href":"https:\/\/www.europesays.com\/fr\/wp-json\/wp\/v2\/posts"}],"about":[{"href":"https:\/\/www.europesays.com\/fr\/wp-json\/wp\/v2\/types\/post"}],"author":[{"embeddable":true,"href":"https:\/\/www.europesays.com\/fr\/wp-json\/wp\/v2\/users\/2"}],"replies":[{"embeddable":true,"href":"https:\/\/www.europesays.com\/fr\/wp-json\/wp\/v2\/comments?post=376905"}],"version-history":[{"count":0,"href":"https:\/\/www.europesays.com\/fr\/wp-json\/wp\/v2\/posts\/376905\/revisions"}],"wp:featuredmedia":[{"embeddable":true,"href":"https:\/\/www.europesays.com\/fr\/wp-json\/wp\/v2\/media\/363716"}],"wp:attachment":[{"href":"https:\/\/www.europesays.com\/fr\/wp-json\/wp\/v2\/media?parent=376905"}],"wp:term":[{"taxonomy":"category","embeddable":true,"href":"https:\/\/www.europesays.com\/fr\/wp-json\/wp\/v2\/categories?post=376905"},{"taxonomy":"post_tag","embeddable":true,"href":"https:\/\/www.europesays.com\/fr\/wp-json\/wp\/v2\/tags?post=376905"}],"curies":[{"name":"wp","href":"https:\/\/api.w.org\/{rel}","templated":true}]}}