{"id":376910,"date":"2025-09-09T04:47:10","date_gmt":"2025-09-09T04:47:10","guid":{"rendered":"https:\/\/www.europesays.com\/fr\/376910\/"},"modified":"2025-09-09T04:47:10","modified_gmt":"2025-09-09T04:47:10","slug":"des-milliards-detoiles-de-mer-desintegrees-une-bacterie-tueuse-ravage-le-pacifique-et-detruit-90-des-forets-sous-marines-californiennes","status":"publish","type":"post","link":"https:\/\/www.europesays.com\/fr\/376910\/","title":{"rendered":"\u00ab\u00a0Des milliards d&rsquo;\u00e9toiles de mer d\u00e9sint\u00e9gr\u00e9es\u00a0\u00bb une bact\u00e9rie tueuse ravage le Pacifique et d\u00e9truit 90% des for\u00eats sous-marines californiennes"},"content":{"rendered":"<tr>\n<td><strong>EN BREF<\/strong><\/td>\n<\/tr>\n<tr>\n<td>\n<ul>\n<li>\ud83d\udd2c Les scientifiques ont identifi\u00e9 <strong>Vibrio pectenicida<\/strong> comme le coupable de la maladie d\u00e9vastatrice des \u00e9toiles de mer.<\/li>\n<li>\ud83c\udf0a La disparition des \u00e9toiles de mer entra\u00eene une prolif\u00e9ration d\u2019oursins qui d\u00e9vastent les <strong>for\u00eats de kelp<\/strong>.<\/li>\n<li>\ud83e\uddec Cette d\u00e9couverte offre un <strong>cible tangible<\/strong> pour lutter contre cette crise \u00e9cologique.<\/li>\n<li>\ud83d\udc1f Des programmes de reproduction en captivit\u00e9 visent \u00e0 <strong>restaurer les populations<\/strong> d\u2019\u00e9toiles de mer dans leur habitat naturel.<\/li>\n<\/ul>\n<\/td>\n<\/tr>\n<p>Le myst\u00e8re entourant la disparition massive des \u00e9toiles de mer le long de la c\u00f4te pacifique de l\u2019Am\u00e9rique du Nord a enfin \u00e9t\u00e9 \u00e9lucid\u00e9. Apr\u00e8s plus d\u2019une d\u00e9cennie de recherche, les scientifiques ont identifi\u00e9 la bact\u00e9rie responsable de cette \u00e9pid\u00e9mie marine d\u00e9vastatrice. Cette d\u00e9couverte marque un tournant dans la compr\u00e9hension de la maladie qui a transform\u00e9 des \u00e9cosyst\u00e8mes entiers, effa\u00e7ant des milliards d\u2019\u00e9toiles de mer. Les chercheurs ont r\u00e9v\u00e9l\u00e9 que le coupable est une esp\u00e8ce bact\u00e9rienne jusqu\u2019ici m\u00e9connue, capable de provoquer des l\u00e9sions s\u00e9v\u00e8res chez les \u00e9toiles de mer, conduisant \u00e0 leur d\u00e9sint\u00e9gration rapide.<\/p>\n<p>Une enqu\u00eate scientifique r\u00e9solue<\/p>\n<p>La recherche de la cause de la maladie d\u00e9vastatrice des \u00e9toiles de mer a \u00e9t\u00e9 longue et ardue. Initialement, les scientifiques ont soup\u00e7onn\u00e9 un densovirus, mais ce dernier s\u2019est av\u00e9r\u00e9 \u00eatre un habitant normal des \u00e9toiles de mer saines. La r\u00e9v\u00e9lation est survenue lorsqu\u2019ils ont commenc\u00e9 \u00e0 analyser le fluide coelomique, le \u00ab sang \u00bb interne des \u00e9toiles de mer, plut\u00f4t que les tissus morts. C\u2019est dans ce fluide qu\u2019ils ont d\u00e9tect\u00e9 <strong>Vibrio pectenicida<\/strong>, un pathog\u00e8ne longtemps ignor\u00e9 car il ne persiste pas dans les sp\u00e9cimens d\u00e9c\u00e9d\u00e9s.<\/p>\n<p>Les chercheurs ont ensuite test\u00e9 cette bact\u00e9rie sur des \u00e9toiles de mer saines. En quelques jours, les cr\u00e9atures autrefois vibrantes ont exhib\u00e9 la m\u00eame perte de tissus rapide et la mort qui avaient \u00e9t\u00e9 observ\u00e9es dans la nature. Cette exp\u00e9rience a fourni la preuve d\u00e9finitive que <strong>Vibrio pectenicida<\/strong> \u00e9tait bien le responsable de cette calamit\u00e9 \u00e9cologique.<\/p>\n<blockquote class=\"wp-embedded-content\" data-secret=\"hjhHCseDIV\">\n<p><a href=\"https:\/\/www.enviro2b.com\/2025\/08\/12\/lallemagne-stupefaite-par-le-titan-des-mers-apres-la-decouverte-dun-fossile-geant-vieux-de-183-millions-dannees-dans-une-ancienne-zone-cotiere\/\" rel=\"nofollow noopener\" target=\"_blank\">L\u2019Allemagne stup\u00e9faite par \u00ab le titan des mers \u00bb apr\u00e8s la d\u00e9couverte d\u2019un fossile g\u00e9ant vieux de 183 millions d\u2019ann\u00e9es dans une ancienne zone c\u00f4ti\u00e8re<\/a><\/p>\n<\/blockquote>\n<p>Impact \u00e9cologique sur les \u00e9cosyst\u00e8mes c\u00f4tiers<\/p>\n<p>La disparition des \u00e9toiles de mer a des r\u00e9percussions \u00e9cologiques profondes. Sans ces pr\u00e9dateurs cl\u00e9s, les oursins violets ont prolif\u00e9r\u00e9 sans contr\u00f4le, d\u00e9pouillant les for\u00eats de kelp jusqu\u2019\u00e0 la roche nue. Ces for\u00eats sous-marines ne sont pas seulement esth\u00e9tiques; elles constituent des nurseries pour les poissons, des terrains de nutrition pour les mammif\u00e8res marins, et elles stabilisent le climat en capturant le carbone de l\u2019atmosph\u00e8re.<\/p>\n<p>Le d\u00e9clin de ces for\u00eats de kelp menace la stabilit\u00e9 des c\u00f4tes et la biodiversit\u00e9 marine. En Californie du Nord, plus de 90 % de ces for\u00eats essentielles ont disparu, ce qui a des r\u00e9percussions sur les p\u00eacheries, les colonies d\u2019oiseaux marins et l\u2019\u00e9quilibre m\u00eame de l\u2019oc\u00e9an c\u00f4tier. La perte de ce pr\u00e9dateur cl\u00e9 est comparable \u00e0 l\u2019\u00e9radication des loups de Yellowstone, qui a d\u00e9clench\u00e9 une r\u00e9action en cha\u00eene \u00e9cologique d\u00e9vastatrice.<\/p>\n<blockquote class=\"wp-embedded-content\" data-secret=\"r8HiYGiavK\">\n<p><a href=\"https:\/\/www.enviro2b.com\/2025\/09\/05\/les-saisons-nexistent-plus-comme-avant-la-terre-cache-un-chaos-saisonnier-qui-bouleverse-lagriculture-et-fait-naitre-de-nouvelles-especes\/\" rel=\"nofollow noopener\" target=\"_blank\">\u00ab Les saisons n\u2019existent plus comme avant \u00bb : la Terre cache un chaos saisonnier qui bouleverse l\u2019agriculture et fait na\u00eetre de nouvelles esp\u00e8ces<\/a><\/p>\n<\/blockquote>\n<p>Un tournant dans la recherche<\/p>\n<p>La d\u00e9couverte de la bact\u00e9rie responsable est un progr\u00e8s scientifique majeur. Selon le Dr. Hugh Carter, cette d\u00e9couverte permet enfin de cibler un adversaire tangible. Cela dit, le chemin vers une solution durable est encore long. Les bact\u00e9ries Vibrio sont int\u00e9gr\u00e9es dans la vie marine, jouant souvent des r\u00f4les b\u00e9n\u00e9fiques. Cependant, sous certaines conditions, comme des eaux plus chaudes ou des h\u00f4tes stress\u00e9s, elles peuvent devenir destructrices.<\/p>\n<p>Les scientifiques doivent maintenant s\u2019atteler \u00e0 comprendre comment g\u00e9rer ces conditions pour emp\u00eacher la prolif\u00e9ration bact\u00e9rienne. Cela implique une surveillance \u00e9troite des changements environnementaux et potentiellement le d\u00e9veloppement de strat\u00e9gies d\u2019intervention pour r\u00e9tablir les populations d\u2019\u00e9toiles de mer.<\/p>\n<p>Efforts de restauration et perspectives<\/p>\n<p>Face \u00e0 cette crise, des programmes de reproduction en captivit\u00e9 sont mis en place. Des institutions comme l\u2019Aquarium de Seattle travaillent sans rel\u00e2che pour \u00e9lever des \u00e9toiles de mer saines, avec l\u2019espoir de les r\u00e9introduire dans leur habitat naturel. Chaque g\u00e9n\u00e9ration survie repr\u00e9sente un espoir pour restaurer l\u2019\u00e9quilibre dans la zone intertidale.<\/p>\n<p>Cependant, ces efforts soulignent \u00e9galement la fragilit\u00e9 des \u00e9cosyst\u00e8mes marins face aux maladies. Prot\u00e9ger ce qui reste et restaurer les populations d\u2019\u00e9toiles de mer est un d\u00e9fi complexe mais essentiel. Les scientifiques doivent d\u00e9sormais d\u00e9terminer comment maintenir l\u2019\u00e9quilibre fragile de ces \u00e9cosyst\u00e8mes c\u00f4tiers complexes.<\/p>\n<p>Alors que les efforts de restauration se poursuivent, il reste une question cruciale : comment pouvons-nous pr\u00e9venir de telles catastrophes \u00e9cologiques \u00e0 l\u2019avenir et garantir la r\u00e9silience de nos \u00e9cosyst\u00e8mes c\u00f4tiers face aux changements environnementaux ?<\/p>\n<p>Cet article s\u2019appuie sur des sources v\u00e9rifi\u00e9es et l\u2019assistance de technologies \u00e9ditoriales.<\/p>\n<p id=\"rating\">\u00c7a vous a plu ?\u00a04.5\/5 (22)<\/p>\n","protected":false},"excerpt":{"rendered":"EN BREF \ud83d\udd2c Les scientifiques ont identifi\u00e9 Vibrio pectenicida comme le coupable de la maladie d\u00e9vastatrice des \u00e9toiles&hellip;\n","protected":false},"author":2,"featured_media":376911,"comment_status":"","ping_status":"","sticky":false,"template":"","format":"standard","meta":{"footnotes":""},"categories":[7],"tags":[1011,27,43,40,41,39,42,44],"class_list":{"0":"post-376910","1":"post","2":"type-post","3":"status-publish","4":"format-standard","5":"has-post-thumbnail","7":"category-sciences-et-technologies","8":"tag-fr","9":"tag-france","10":"tag-science","11":"tag-science-and-technology","12":"tag-sciences","13":"tag-sciences-et-technologies","14":"tag-technologies","15":"tag-technology"},"share_on_mastodon":{"url":"https:\/\/pubeurope.com\/@fr\/115172530624275816","error":""},"_links":{"self":[{"href":"https:\/\/www.europesays.com\/fr\/wp-json\/wp\/v2\/posts\/376910","targetHints":{"allow":["GET"]}}],"collection":[{"href":"https:\/\/www.europesays.com\/fr\/wp-json\/wp\/v2\/posts"}],"about":[{"href":"https:\/\/www.europesays.com\/fr\/wp-json\/wp\/v2\/types\/post"}],"author":[{"embeddable":true,"href":"https:\/\/www.europesays.com\/fr\/wp-json\/wp\/v2\/users\/2"}],"replies":[{"embeddable":true,"href":"https:\/\/www.europesays.com\/fr\/wp-json\/wp\/v2\/comments?post=376910"}],"version-history":[{"count":0,"href":"https:\/\/www.europesays.com\/fr\/wp-json\/wp\/v2\/posts\/376910\/revisions"}],"wp:featuredmedia":[{"embeddable":true,"href":"https:\/\/www.europesays.com\/fr\/wp-json\/wp\/v2\/media\/376911"}],"wp:attachment":[{"href":"https:\/\/www.europesays.com\/fr\/wp-json\/wp\/v2\/media?parent=376910"}],"wp:term":[{"taxonomy":"category","embeddable":true,"href":"https:\/\/www.europesays.com\/fr\/wp-json\/wp\/v2\/categories?post=376910"},{"taxonomy":"post_tag","embeddable":true,"href":"https:\/\/www.europesays.com\/fr\/wp-json\/wp\/v2\/tags?post=376910"}],"curies":[{"name":"wp","href":"https:\/\/api.w.org\/{rel}","templated":true}]}}