{"id":376917,"date":"2025-09-09T04:53:16","date_gmt":"2025-09-09T04:53:16","guid":{"rendered":"https:\/\/www.europesays.com\/fr\/376917\/"},"modified":"2025-09-09T04:53:16","modified_gmt":"2025-09-09T04:53:16","slug":"haute-loire-mis-en-examen-dans-laffaire-de-la-sextape-philippe-buil-expose-a-lhotel-du-departement","status":"publish","type":"post","link":"https:\/\/www.europesays.com\/fr\/376917\/","title":{"rendered":"Haute-Loire. Mis en examen dans \u00ab\u00a0l\u2019affaire de la sextape\u00a0\u00bb, Philippe Buil expose \u00e0 l\u2019H\u00f4tel du D\u00e9partement"},"content":{"rendered":"<p>Lundi soir au Puy-en-Velay, le D\u00e9partement organisait une visite priv\u00e9e de l\u2019exposition de Philippe Buil, intitul\u00e9e Entre ombres et lumi\u00e8res, des dentelles de m\u00e9tal.<\/p>\n<p>\u00ab\u00a0Quand on a vu votre dossier, on s\u2019est dit\u00a0: super\u00a0!\u00a0\u00bb<\/p>\n<p>Une poign\u00e9e de visiteurs \u00e9tait venue d\u00e9couvrir les 21 \u0153uvres expos\u00e9es dans la galerie Jean-Claude Simon. \u00ab\u00a0Je travaille essentiellement le noir et le brun, a expliqu\u00e9 le sculpteur. De temps en temps, un peu de feuilles d\u2019or [\u2026]. Je remercie les \u00e9lus du D\u00e9partement de m\u2019avoir permis de faire cette exposition.\u00a0\u00bb<\/p>\n<p>Conseill\u00e8re d\u00e9l\u00e9gu\u00e9e \u00e0 la culture et au patrimoine, Corinne Bringer \u00e9tait au premier rang pour assister au vernissage de cette&#8230;<\/p>\n","protected":false},"excerpt":{"rendered":"Lundi soir au Puy-en-Velay, le D\u00e9partement organisait une visite priv\u00e9e de l\u2019exposition de Philippe Buil, intitul\u00e9e Entre ombres&hellip;\n","protected":false},"author":2,"featured_media":376918,"comment_status":"","ping_status":"","sticky":false,"template":"","format":"standard","meta":{"footnotes":""},"categories":[9653],"tags":[1111,11,2430,1687,10446,1777,674,2271,274,107,1011,27,4002,10444,10445,3367,12,25,4001],"class_list":{"0":"post-376917","1":"post","2":"type-post","3":"status-publish","4":"format-standard","5":"has-post-thumbnail","7":"category-saint-etienne","8":"tag-actu","9":"tag-actualites","10":"tag-auvergne-rhone-alpes","11":"tag-culture-loisirs","12":"tag-edition-haute-loire","13":"tag-eu","14":"tag-europe","15":"tag-exposition-arts-plastiques","16":"tag-faits-divers-justice","17":"tag-fil-info","18":"tag-fr","19":"tag-france","20":"tag-haute-loire","21":"tag-le-puy-en-velay","22":"tag-le-puy-en-velay-ville","23":"tag-loire","24":"tag-news","25":"tag-republique-francaise","26":"tag-saint-etienne"},"share_on_mastodon":{"url":"https:\/\/pubeurope.com\/@fr\/115172553762509766","error":""},"_links":{"self":[{"href":"https:\/\/www.europesays.com\/fr\/wp-json\/wp\/v2\/posts\/376917","targetHints":{"allow":["GET"]}}],"collection":[{"href":"https:\/\/www.europesays.com\/fr\/wp-json\/wp\/v2\/posts"}],"about":[{"href":"https:\/\/www.europesays.com\/fr\/wp-json\/wp\/v2\/types\/post"}],"author":[{"embeddable":true,"href":"https:\/\/www.europesays.com\/fr\/wp-json\/wp\/v2\/users\/2"}],"replies":[{"embeddable":true,"href":"https:\/\/www.europesays.com\/fr\/wp-json\/wp\/v2\/comments?post=376917"}],"version-history":[{"count":0,"href":"https:\/\/www.europesays.com\/fr\/wp-json\/wp\/v2\/posts\/376917\/revisions"}],"wp:featuredmedia":[{"embeddable":true,"href":"https:\/\/www.europesays.com\/fr\/wp-json\/wp\/v2\/media\/376918"}],"wp:attachment":[{"href":"https:\/\/www.europesays.com\/fr\/wp-json\/wp\/v2\/media?parent=376917"}],"wp:term":[{"taxonomy":"category","embeddable":true,"href":"https:\/\/www.europesays.com\/fr\/wp-json\/wp\/v2\/categories?post=376917"},{"taxonomy":"post_tag","embeddable":true,"href":"https:\/\/www.europesays.com\/fr\/wp-json\/wp\/v2\/tags?post=376917"}],"curies":[{"name":"wp","href":"https:\/\/api.w.org\/{rel}","templated":true}]}}