{"id":376919,"date":"2025-09-09T04:54:12","date_gmt":"2025-09-09T04:54:12","guid":{"rendered":"https:\/\/www.europesays.com\/fr\/376919\/"},"modified":"2025-09-09T04:54:12","modified_gmt":"2025-09-09T04:54:12","slug":"episode-3-lens-ou-la-passation-triantafilos-rocheteau","status":"publish","type":"post","link":"https:\/\/www.europesays.com\/fr\/376919\/","title":{"rendered":"\u00c9pisode 3 : Lens, o\u00f9 la passation Triantafilos \/ Rocheteau"},"content":{"rendered":"<p>   <img decoding=\"async\" src=\"https:\/\/www.europesays.com\/fr\/wp-content\/uploads\/2025\/09\/1757393652_316_1200x680\" alt=\"illustration agrandir l'image\" style=\"--_image-preview:url('data:image\/jpeg;base64,\/9j\/2wBDACgcHiMeGSgjISMtKygwPGRBPDc3PHtYXUlkkYCZlo+AjIqgtObDoKrarYqMyP\/L2u71\/\/\/\/m8H\/\/\/\/6\/+b9\/\/j\/2wBDASstLTw1PHZBQXb4pYyl+Pj4+Pj4+Pj4+Pj4+Pj4+Pj4+Pj4+Pj4+Pj4+Pj4+Pj4+Pj4+Pj4+Pj4+Pj4+Pj4+Pj\/wAARCAAqACoDASIAAhEBAxEB\/8QAGAABAQEBAQAAAAAAAAAAAAAAAQACAwT\/xAAYEAEBAQEBAAAAAAAAAAAAAAAAEQECEv\/EABQBAQAAAAAAAAAAAAAAAAAAAAD\/xAAUEQEAAAAAAAAAAAAAAAAAAAAA\/9oADAMBAAIRAxEAPwDny3WcwgOnHrHfcY3kHm3keHo3heAdSzTQKgqoKKFUHOqhA1VQQNVCB\/\/Z');\" loading=\"eager\" fetchpriority=\"high\" aria-hidden=\"true\" class=\"svelte-1pnmlwx rounded\" onload=\"this.__e=event\" onerror=\"this.__e=event\"\/> L&rsquo;\u00e9quipe de l&rsquo;AS Saint-\u00c9tienne, lors de la saison 75\/76 \u00a9 Maxppp &#8211; Maxppp    <\/p>\n<p class=\"g-ici-body-regular-3 info svelte-1a514ib\">Diffus\u00e9 le mardi 9 septembre 2025 \u00e0 6:40 <\/p>\n<p class=\"g-ici-body-regular-3 info svelte-1a514ib\">Publi\u00e9 le mardi 9 septembre 2025 \u00e0 6:40 <\/p>\n<p class=\"g-ici-body-bold-1 standFirst svelte-g22axr\">Pour la 3e journ\u00e9e de Division 1, le 22 ao\u00fbt 1975, l&rsquo;AS Saint-\u00c9tienne re\u00e7oit Lens. Un match qui symbolise la passation entre Yves Triantafilos et Dominique Rocheteau<\/p>\n<p>1975-1976, l&rsquo;incroyable saison conclue par cette finale de Coupe d&rsquo;Europe et les fameux poteaux carr\u00e9s. Jusqu&rsquo;au mois de mai prochain, semaine apr\u00e8s semaine, match apr\u00e8s match, votre radio ICI Saint-\u00c9tienne Loire vous replonge, comme si vous y \u00e9tiez, dans cette saison qui aura permis aux Verts de rentrer dans le c\u0153ur des Fran\u00e7ais. Troisi\u00e8me \u00e9pisode de notre s\u00e9rie\u00a0: la 3e journ\u00e9e de Division 1 contre Lens, o\u00f9 l&rsquo;histoire d&rsquo;une passation entre Yves Triantafilos et Dominique Rocheteau.<\/p>\n<ul class=\"SocialNetworks svelte-bt5901\">\n<li class=\"svelte-bt5901\"><\/li>\n<li class=\"svelte-bt5901\"><\/li>\n<li class=\"svelte-bt5901\"><\/li>\n<li class=\"svelte-bt5901\"><\/li>\n<li class=\"svelte-bt5901\"><\/li>\n<\/ul>\n<p role=\"heading\" aria-level=\"2\" class=\"sr-only\">Grande consultation \u00ab\u00a0Ma commune, mon maire et moi\u00a0\u00bb<\/p>\n<p class=\"description g-ici-body-regular-2 svelte-ascr5k\">En vue des \u00e9lections municipales de mars 2026, ICI lance un grand cycle de<br \/>\n      consultations et propose tous les mois un questionnaire th\u00e9matique afin de<br \/>\n      comprendre les attentes et les rapports des citoyens avec leurs maires,<br \/>\n      leurs communes.<\/p>\n<p>Les \u00e9pisodes de l\u2019\u00e9mission\u00a0: 1975-1976, quand les Verts entraient dans la l\u00e9gende<\/p>\n<p>Sur le m\u00eame th\u00e8me<\/p>\n<ul class=\"content svelte-bu824\">\n<li class=\"IciCard  standard svelte-19qbux1\">\n<p class=\"standfirst g-ici-body-regular-2 svelte-19qbux1\">Avec le retour du championnat, c&rsquo;est le retour de vos rendez-vous d\u00e8s le 25 ao\u00fbt sur ICI Saint-\u00c9tienne Loire pour suivre toute l&rsquo;actu et ne louper aucune info sur l&rsquo;ASSE. C&rsquo;est en \u00e9coute ou r\u00e9\u00e9coute tous les jours, en semaine et les week-ends.<\/p>\n<\/li>\n<li class=\"IciCard  standard svelte-19qbux1\">\n<p class=\"standfirst g-ici-body-regular-2 svelte-19qbux1\">Toute la saison et tous les matchs de l&rsquo;AS Saint-\u00c9tienne seront \u00e0 vivre en int\u00e9gralit\u00e9 sur votre radio\u00a0! Rendez-vous \u00e0 partir de ce samedi pour la premi\u00e8re journ\u00e9e de Ligue 2, \u00e0 Laval (20h).<\/p>\n<\/li>\n<li class=\"IciCard  standard svelte-19qbux1\">\n<p class=\"standfirst g-ici-body-regular-2 svelte-19qbux1\">Les verts ont \u00e9t\u00e9 battus 3-0 par le Paris FC ce vendredi 25 juillet. Dans leur quatri\u00e8me match amical de cette pr\u00e9-saison, sur la pelouse de Thonon-les-Bains, l&rsquo;ASSE n&rsquo;a jamais su trouver la faille face au club de Ligue 1. <\/p>\n<\/li>\n<\/ul>\n<p class=\"g-ici-body-regular-3 description svelte-1vha4t1\">Tous les vendredis, recevez le meilleur de la semaine d\u2019ici Saint-\u00c9tienne Loire\u00a0: certifi\u00e9 100% local\u00a0!<\/p>\n<p>En cliquant sur \u00ab\u00a0S\u2019abonner\u00a0\u00bb, j&rsquo;accepte que les donn\u00e9es recueillies par<br \/>\n        Radio France soient destin\u00e9es \u00e0 l&rsquo;envoi par courrier \u00e9lectronique de<br \/>\n        contenus et d&rsquo;informations relatifs aux programmes. Plus d&rsquo;informations.<\/p>\n","protected":false},"excerpt":{"rendered":"L&rsquo;\u00e9quipe de l&rsquo;AS Saint-\u00c9tienne, lors de la saison 75\/76 \u00a9 Maxppp &#8211; Maxppp Diffus\u00e9 le mardi 9 septembre&hellip;\n","protected":false},"author":2,"featured_media":376920,"comment_status":"","ping_status":"","sticky":false,"template":"","format":"standard","meta":{"footnotes":""},"categories":[9653],"tags":[1111,11,2430,1777,674,1011,27,12,25,4001],"class_list":{"0":"post-376919","1":"post","2":"type-post","3":"status-publish","4":"format-standard","5":"has-post-thumbnail","7":"category-saint-etienne","8":"tag-actu","9":"tag-actualites","10":"tag-auvergne-rhone-alpes","11":"tag-eu","12":"tag-europe","13":"tag-fr","14":"tag-france","15":"tag-news","16":"tag-republique-francaise","17":"tag-saint-etienne"},"share_on_mastodon":{"url":"https:\/\/pubeurope.com\/@fr\/115172557676371797","error":""},"_links":{"self":[{"href":"https:\/\/www.europesays.com\/fr\/wp-json\/wp\/v2\/posts\/376919","targetHints":{"allow":["GET"]}}],"collection":[{"href":"https:\/\/www.europesays.com\/fr\/wp-json\/wp\/v2\/posts"}],"about":[{"href":"https:\/\/www.europesays.com\/fr\/wp-json\/wp\/v2\/types\/post"}],"author":[{"embeddable":true,"href":"https:\/\/www.europesays.com\/fr\/wp-json\/wp\/v2\/users\/2"}],"replies":[{"embeddable":true,"href":"https:\/\/www.europesays.com\/fr\/wp-json\/wp\/v2\/comments?post=376919"}],"version-history":[{"count":0,"href":"https:\/\/www.europesays.com\/fr\/wp-json\/wp\/v2\/posts\/376919\/revisions"}],"wp:featuredmedia":[{"embeddable":true,"href":"https:\/\/www.europesays.com\/fr\/wp-json\/wp\/v2\/media\/376920"}],"wp:attachment":[{"href":"https:\/\/www.europesays.com\/fr\/wp-json\/wp\/v2\/media?parent=376919"}],"wp:term":[{"taxonomy":"category","embeddable":true,"href":"https:\/\/www.europesays.com\/fr\/wp-json\/wp\/v2\/categories?post=376919"},{"taxonomy":"post_tag","embeddable":true,"href":"https:\/\/www.europesays.com\/fr\/wp-json\/wp\/v2\/tags?post=376919"}],"curies":[{"name":"wp","href":"https:\/\/api.w.org\/{rel}","templated":true}]}}