{"id":376925,"date":"2025-09-09T04:58:11","date_gmt":"2025-09-09T04:58:11","guid":{"rendered":"https:\/\/www.europesays.com\/fr\/376925\/"},"modified":"2025-09-09T04:58:11","modified_gmt":"2025-09-09T04:58:11","slug":"a-toulon-le-credit-municipal-demenage-on-change-de-siege-mais-pas-desprit-celui-du-pret-sur-gage","status":"publish","type":"post","link":"https:\/\/www.europesays.com\/fr\/376925\/","title":{"rendered":"A Toulon, le Cr\u00e9dit municipal d\u00e9m\u00e9nage: \u00ab\u00a0On change de si\u00e8ge&#8230; mais pas d\u2019esprit, celui du pr\u00eat sur gage!\u00a0\u00bb"},"content":{"rendered":"<p>Le ruban a \u00e9t\u00e9 coup\u00e9 lundi matin, au 63, rue Victor-Clappier, le nouveau si\u00e8ge du Cr\u00e9dit municipal. Sur la place Besagne, les locaux occup\u00e9s \u00e9taient lou\u00e9s. L\u00e0, le Cr\u00e9dit municipal est maintenant propri\u00e9taire sur plusieurs \u00e9tages pour y abriter une trentaine de salari\u00e9s sur les 75 que compte l\u2019\u00e9quipe locale.<\/p>\n<p>\u00a0\u00bb On change de si\u00e8ge mais pas d\u2019esprit: agir toujours pour l\u2019inclusion financi\u00e8re afin de trouver des solutions pour tous. C\u2019est \u00e7a l\u2019esprit du pr\u00eat sur gage. Notre m\u00e9tier ne change pas et la progression que nous connaissons nous encourage\u00a0\u00bb, a expliqu\u00e9 Michael Lili, directeur du Cr\u00e9dit municipal de Toulon. \u00c0 la fois syst\u00e8me de pr\u00eats sur gages mais aussi banque, le CM tient \u00e0 ses \u00ab\u00a0diff\u00e9rentes casquettes\u00a0\u00bb. La maire de Toulon, Jos\u00e9e Massi, l\u2019a rappel\u00e9: \u00ab\u00a0vous \u00eates une vraie banque comp\u00e9titive mais aussi un \u00e9tablissement social et solidaire. On le surnomme le Clou, Chez ma tante ou Mont-de-pi\u00e9t\u00e9 mais sa mission reste la m\u00eame. Elle est primordiale.\u00a0\u00bb<\/p>\n<p>813 euros de valeur en moyenne<\/p>\n<p>              <img ci-src=\"https:\/\/www.varmatin.com\/vie-locale\/protec\/DATA_ART_16209006-6TjFeb2I.jpg?vh=ffddb0&amp;ci_seal=148c18fd64\" alt=\"\"\/><\/p>\n<p>Pr\u00e9sent depuis plus de deux cents ans \u00e0 Toulon, le Cr\u00e9dit municipal est \u00e0 la fois un organisme de cr\u00e9dit, une structure bancaire et un accueil \u00e0 l\u2019ann\u00e9e pour le pr\u00eat sur gage. Utile pour tous ceux qui ont besoin d\u2019argent liquide rapidement en \u00e9change d\u2019objets laiss\u00e9s en gage.<\/p>\n<p>C\u2019est le cas tous les matins, sur le boulevard Clemenceau, o\u00f9 des dizaines de Toulonnais viennent confier, pour des dur\u00e9es variables, bijoux, montres et objets personnels en \u00e9change de cash. \u00ab\u00a0Actuellement, 12.126 contrats sont en cours \u00e0 Toulon\u00a0\u00bb, ajoute Eric Toche, en charge de la communication. \u00ab\u00a0Le montant moyen des objets laiss\u00e9s en gage avoisine les 813 euros. \u00c0 tout moment, les gens peuvent venir r\u00e9cup\u00e9rer leurs biens une fois leur situation financi\u00e8re r\u00e9tablie.\u00a0\u00bb<\/p>\n<p>Un bronze estim\u00e9 \u00e0 1 million !<\/p>\n<p>Les biens confi\u00e9s au Cr\u00e9dit toulonnais sont tr\u00e8s divers: montres ou bijoux de valeur (pour l\u2019essentiel) mais aussi tableaux de ma\u00eetres, armes, instruments de musique et m\u00eame une voiture de collection qui avait \u00e9t\u00e9 confi\u00e9e au Cr\u00e9dit municipal. Elle avait \u00e9t\u00e9 entrepos\u00e9e dans un garage secret de la r\u00e9gion toulonnaise pour \u00e9viter les vols.<\/p>\n<p>\u00ab\u00a0Pendant tout le temps, les personnes restent propri\u00e9taires de leurs lots. Au bout de deux ans, sans nouvelles d\u2019elles, l\u2019objet peut \u00eatre mis aux ench\u00e8res. Sinon, tr\u00e8s souvent, les personnes signent des contrats de six mois qui nous lient \u00e0 eux. Ces contrats sont renouvelables si besoin. Nous restons toujours ouverts \u00e0 la discussion\u00a0\u00bb, commente Eric Toche.<\/p>\n<p>\u00c0 Toulon, le record avait \u00e9t\u00e9 atteint par une \u0153uvre d\u2019art qui avait \u00e9t\u00e9 confi\u00e9e au Cr\u00e9dit municipal: un bronze estim\u00e9 \u00e0 1 million d\u2019euros! Il avait finalement \u00e9t\u00e9 c\u00e9d\u00e9 aux ench\u00e8res \u00e0 un riche Am\u00e9ricain pour 300.000 euros. Les pi\u00e8ces d\u2019or sont \u00e9galement tr\u00e8s nombreuses aujourd\u2019hui. Et, ph\u00e9nom\u00e8ne nouveau, la maroquinerie de luxe prend de plus en plus de place sur les \u00e9tag\u00e8res. Les sacs de marque sont confi\u00e9s en \u00e9change d\u2019esp\u00e8ces sonnantes et tr\u00e9buchantes. Et gagnent en valeur marchande.<\/p>\n","protected":false},"excerpt":{"rendered":"Le ruban a \u00e9t\u00e9 coup\u00e9 lundi matin, au 63, rue Victor-Clappier, le nouveau si\u00e8ge du Cr\u00e9dit municipal. Sur&hellip;\n","protected":false},"author":2,"featured_media":376926,"comment_status":"","ping_status":"","sticky":false,"template":"","format":"standard","meta":{"footnotes":""},"categories":[9619],"tags":[1111,11,1777,674,1011,27,12,882,25,2310,3366],"class_list":{"0":"post-376925","1":"post","2":"type-post","3":"status-publish","4":"format-standard","5":"has-post-thumbnail","7":"category-toulon","8":"tag-actu","9":"tag-actualites","10":"tag-eu","11":"tag-europe","12":"tag-fr","13":"tag-france","14":"tag-news","15":"tag-provence-alpes-cote-dazur","16":"tag-republique-francaise","17":"tag-toulon","18":"tag-vie-locale"},"share_on_mastodon":{"url":"https:\/\/pubeurope.com\/@fr\/115172573405700268","error":""},"_links":{"self":[{"href":"https:\/\/www.europesays.com\/fr\/wp-json\/wp\/v2\/posts\/376925","targetHints":{"allow":["GET"]}}],"collection":[{"href":"https:\/\/www.europesays.com\/fr\/wp-json\/wp\/v2\/posts"}],"about":[{"href":"https:\/\/www.europesays.com\/fr\/wp-json\/wp\/v2\/types\/post"}],"author":[{"embeddable":true,"href":"https:\/\/www.europesays.com\/fr\/wp-json\/wp\/v2\/users\/2"}],"replies":[{"embeddable":true,"href":"https:\/\/www.europesays.com\/fr\/wp-json\/wp\/v2\/comments?post=376925"}],"version-history":[{"count":0,"href":"https:\/\/www.europesays.com\/fr\/wp-json\/wp\/v2\/posts\/376925\/revisions"}],"wp:featuredmedia":[{"embeddable":true,"href":"https:\/\/www.europesays.com\/fr\/wp-json\/wp\/v2\/media\/376926"}],"wp:attachment":[{"href":"https:\/\/www.europesays.com\/fr\/wp-json\/wp\/v2\/media?parent=376925"}],"wp:term":[{"taxonomy":"category","embeddable":true,"href":"https:\/\/www.europesays.com\/fr\/wp-json\/wp\/v2\/categories?post=376925"},{"taxonomy":"post_tag","embeddable":true,"href":"https:\/\/www.europesays.com\/fr\/wp-json\/wp\/v2\/tags?post=376925"}],"curies":[{"name":"wp","href":"https:\/\/api.w.org\/{rel}","templated":true}]}}