{"id":376927,"date":"2025-09-09T04:59:11","date_gmt":"2025-09-09T04:59:11","guid":{"rendered":"https:\/\/www.europesays.com\/fr\/376927\/"},"modified":"2025-09-09T04:59:11","modified_gmt":"2025-09-09T04:59:11","slug":"a-scooter-dans-la-zone-pietonne-de-montpellier-il-refuse-le-controle-et-percute-un-policier-municipal","status":"publish","type":"post","link":"https:\/\/www.europesays.com\/fr\/376927\/","title":{"rendered":"\u00c0 scooter dans la zone pi\u00e9tonne de Montpellier, il refuse le contr\u00f4le et percute un policier municipal"},"content":{"rendered":"<p>\n                                                                Les faits se sont produits de nuit, au cours du week-end dernier. Le mis en cause a \u00e9t\u00e9 interpell\u00e9 et son scooter, plac\u00e9 en fourri\u00e8re.\n                            <\/p>\n<p>Le pilote d\u2019un scooter, qui circulait \u00e0 vive allure dans la zone pi\u00e9tonne du centre de\u00a0Montpellier, a commis un refus d\u2019obtemp\u00e9rer alors que la police municipale voulait le contr\u00f4ler. L\u2019individu a poursuivi sa route et\u00a0volontairement percut\u00e9 un policier municipal.<\/p>\n<p>Le policier d\u00e9pose plainte<\/p>\n<p>Les faits se sont produits de nuit, au cours du week-end des 6 et 7\u00a0septembre. Le fonctionnaire, bless\u00e9, a d\u00e9pos\u00e9 plainte.<\/p>\n<p>Le mis en cause, lui, a finalement \u00e9t\u00e9 interpell\u00e9 et son deux-roues, plac\u00e9 en fourri\u00e8re.<\/p>\n","protected":false},"excerpt":{"rendered":"Les faits se sont produits de nuit, au cours du week-end dernier. Le mis en cause a \u00e9t\u00e9&hellip;\n","protected":false},"author":2,"featured_media":376928,"comment_status":"","ping_status":"","sticky":false,"template":"","format":"standard","meta":{"footnotes":""},"categories":[9599],"tags":[1111,11,1777,674,1011,27,2208,12,2680,25],"class_list":{"0":"post-376927","1":"post","2":"type-post","3":"status-publish","4":"format-standard","5":"has-post-thumbnail","7":"category-montpellier","8":"tag-actu","9":"tag-actualites","10":"tag-eu","11":"tag-europe","12":"tag-fr","13":"tag-france","14":"tag-montpellier","15":"tag-news","16":"tag-occitanie","17":"tag-republique-francaise"},"share_on_mastodon":{"url":"https:\/\/pubeurope.com\/@fr\/115172577351755109","error":""},"_links":{"self":[{"href":"https:\/\/www.europesays.com\/fr\/wp-json\/wp\/v2\/posts\/376927","targetHints":{"allow":["GET"]}}],"collection":[{"href":"https:\/\/www.europesays.com\/fr\/wp-json\/wp\/v2\/posts"}],"about":[{"href":"https:\/\/www.europesays.com\/fr\/wp-json\/wp\/v2\/types\/post"}],"author":[{"embeddable":true,"href":"https:\/\/www.europesays.com\/fr\/wp-json\/wp\/v2\/users\/2"}],"replies":[{"embeddable":true,"href":"https:\/\/www.europesays.com\/fr\/wp-json\/wp\/v2\/comments?post=376927"}],"version-history":[{"count":0,"href":"https:\/\/www.europesays.com\/fr\/wp-json\/wp\/v2\/posts\/376927\/revisions"}],"wp:featuredmedia":[{"embeddable":true,"href":"https:\/\/www.europesays.com\/fr\/wp-json\/wp\/v2\/media\/376928"}],"wp:attachment":[{"href":"https:\/\/www.europesays.com\/fr\/wp-json\/wp\/v2\/media?parent=376927"}],"wp:term":[{"taxonomy":"category","embeddable":true,"href":"https:\/\/www.europesays.com\/fr\/wp-json\/wp\/v2\/categories?post=376927"},{"taxonomy":"post_tag","embeddable":true,"href":"https:\/\/www.europesays.com\/fr\/wp-json\/wp\/v2\/tags?post=376927"}],"curies":[{"name":"wp","href":"https:\/\/api.w.org\/{rel}","templated":true}]}}