{"id":376929,"date":"2025-09-09T05:00:26","date_gmt":"2025-09-09T05:00:26","guid":{"rendered":"https:\/\/www.europesays.com\/fr\/376929\/"},"modified":"2025-09-09T05:00:26","modified_gmt":"2025-09-09T05:00:26","slug":"herault-le-mouvement-bloquons-tout-sorganise-pour-le-10-septembre","status":"publish","type":"post","link":"https:\/\/www.europesays.com\/fr\/376929\/","title":{"rendered":"H\u00e9rault : le mouvement \u00ab\u00a0Bloquons tout\u00a0\u00bb s\u2019organise pour le 10 septembre"},"content":{"rendered":"<p>\u00c0 Montpellier, six assembl\u00e9es g\u00e9n\u00e9rales se sont d\u00e9roul\u00e9es depuis la fin de l\u2019\u00e9t\u00e9, notamment le mardi soir sur les marches du Corum. La derni\u00e8re en date, mardi 2 septembre, a r\u00e9uni environ 300 personnes selon Midi Libre et France 3. \u201cDiff\u00e9rents syndicats et partis politiques de gauche \u00e9taient pr\u00e9sents (LFI, Les \u00c9cologistes, R\u00e9volution permanente) mais il leur a \u00e9t\u00e9 demand\u00e9 de ne pas s\u2019exprimer pour ne pas orienter la teneur des d\u00e9bats\u201d, \u00e9crit France 3. La prochaine est pr\u00e9vue ce mardi 9 septembre \u00e0 18 h 30.<\/p>\n","protected":false},"excerpt":{"rendered":"\u00c0 Montpellier, six assembl\u00e9es g\u00e9n\u00e9rales se sont d\u00e9roul\u00e9es depuis la fin de l\u2019\u00e9t\u00e9, notamment le mardi soir sur&hellip;\n","protected":false},"author":2,"featured_media":376930,"comment_status":"","ping_status":"","sticky":false,"template":"","format":"standard","meta":{"footnotes":""},"categories":[9599],"tags":[1111,11,1777,674,1011,27,2208,12,2680,25],"class_list":{"0":"post-376929","1":"post","2":"type-post","3":"status-publish","4":"format-standard","5":"has-post-thumbnail","7":"category-montpellier","8":"tag-actu","9":"tag-actualites","10":"tag-eu","11":"tag-europe","12":"tag-fr","13":"tag-france","14":"tag-montpellier","15":"tag-news","16":"tag-occitanie","17":"tag-republique-francaise"},"share_on_mastodon":{"url":"https:\/\/pubeurope.com\/@fr\/115172581334547760","error":""},"_links":{"self":[{"href":"https:\/\/www.europesays.com\/fr\/wp-json\/wp\/v2\/posts\/376929","targetHints":{"allow":["GET"]}}],"collection":[{"href":"https:\/\/www.europesays.com\/fr\/wp-json\/wp\/v2\/posts"}],"about":[{"href":"https:\/\/www.europesays.com\/fr\/wp-json\/wp\/v2\/types\/post"}],"author":[{"embeddable":true,"href":"https:\/\/www.europesays.com\/fr\/wp-json\/wp\/v2\/users\/2"}],"replies":[{"embeddable":true,"href":"https:\/\/www.europesays.com\/fr\/wp-json\/wp\/v2\/comments?post=376929"}],"version-history":[{"count":0,"href":"https:\/\/www.europesays.com\/fr\/wp-json\/wp\/v2\/posts\/376929\/revisions"}],"wp:featuredmedia":[{"embeddable":true,"href":"https:\/\/www.europesays.com\/fr\/wp-json\/wp\/v2\/media\/376930"}],"wp:attachment":[{"href":"https:\/\/www.europesays.com\/fr\/wp-json\/wp\/v2\/media?parent=376929"}],"wp:term":[{"taxonomy":"category","embeddable":true,"href":"https:\/\/www.europesays.com\/fr\/wp-json\/wp\/v2\/categories?post=376929"},{"taxonomy":"post_tag","embeddable":true,"href":"https:\/\/www.europesays.com\/fr\/wp-json\/wp\/v2\/tags?post=376929"}],"curies":[{"name":"wp","href":"https:\/\/api.w.org\/{rel}","templated":true}]}}