{"id":376939,"date":"2025-09-09T05:07:13","date_gmt":"2025-09-09T05:07:13","guid":{"rendered":"https:\/\/www.europesays.com\/fr\/376939\/"},"modified":"2025-09-09T05:07:13","modified_gmt":"2025-09-09T05:07:13","slug":"starligue-avec-huit-recrues-cette-saison-cesson-rennes-demarre-une-nouvelle-ere","status":"publish","type":"post","link":"https:\/\/www.europesays.com\/fr\/376939\/","title":{"rendered":"StarLigue : avec huit recrues cette saison, Cesson-Rennes d\u00e9marre une nouvelle \u00e8re"},"content":{"rendered":"<p>StarLigue (1re journ\u00e9e). Cesson-Rennes &#8211; Saint-Rapha\u00ebl, ce mardi (20\u00a0h\u00a030)<\/p>\n<p>Cesson-Rennes M\u00e9tropole Handball et le Stade Rennais ont en commun d\u2019avoir chang\u00e9 de visages, au sens propre du terme cet \u00e9t\u00e9. \u00c0 ceci pr\u00e8s que dans le handball, les mouvements sont annonc\u00e9s bien en avance, quand le football peut r\u00e9server des renversements de situation jusqu\u2019aux derniers instants du mercato. Pour les habitu\u00e9s de la Glaz Arena comme du Roazhon Park, il faudra donc un petit temps d\u2019adaptation pour reconna\u00eetre physiquement les nouvelles forces en pr\u00e9sence. \u00c0 Cesson-S\u00e9vign\u00e9, ce nouvel \u00e9lan souhait\u00e9 et annonc\u00e9 d\u00e8s le 4 f\u00e9vrier, lors d\u2019une conf\u00e9rence de presse exposant la nouvelle orientation, aurait pu faire\u2026 pschitt. Car le club allait alors tr\u00e8s mal. Sa place en StarLigue \u00e9tait clairement menac\u00e9e. Communiquer sur un renouvellement des hommes si t\u00f4t dans une saison, o\u00f9 rien n\u2019\u00e9tait gagn\u00e9 du maintien, aurait pu d\u00e9boucher sur un accident plus que f\u00e2cheux. \u00ab\u00a0La v\u00e9rit\u00e9, c\u2019est que les joueurs s\u2019engagent parfois un an, un an et demi, deux ans avant sur d\u2019autres projets\u2026 Et, face aux fuites d\u2019informations, notamment sur les r\u00e9seaux, on avait valid\u00e9 ce choix de communiquer. On en avait parl\u00e9 en toute transparence avec le vestiaire, on avait jug\u00e9 n\u00e9cessaire de le faire \u00e0 ce moment-l\u00e0\u00a0\u00bb, confiait, en mai dernier, le pr\u00e9sident St\u00e9phane Cl\u00e9menceau, conscient que ces annonces avaient pu brusquer certains dans son vestiaire mais \u00e9galement dans l\u2019entourage du club.<\/p>\n<p>Cl\u00e9menceau\u00a0: \u00ab\u00a0Des num\u00e9ros 1 peut-\u00eatre plus affirm\u00e9s\u00a0\u00bb<\/p>\n<p>Au final, le maintien acquis tardivement par un groupe qui n\u2019a rien l\u00e2ch\u00e9, malgr\u00e9 une fin de vie commune annonc\u00e9e, a valid\u00e9 le nouveau projet. \u00ab\u00a0On a d\u00e9cid\u00e9 de resserrer notre effectif, de changer un peu notre strat\u00e9gie, parce que le constat \u00e9tait le suivant\u00a0: on avait trop de joueurs qui se ressemblaient et notre volont\u00e9 \u00e9tait de prendre des joueurs de calibre un petit peu au-dessus, des num\u00e9ros 1 peut-\u00eatre plus affirm\u00e9s, avec une exp\u00e9rience internationale, avec tout ce que \u00e7a peut apporter dans un club pour grandir\u00a0\u00bb, pr\u00e9cisait encore le pr\u00e9sident St\u00e9phane Cl\u00e9menceau, en fin de saison derni\u00e8re. Le groupe est r\u00e9duit \u00e0 14 \u00e9l\u00e9ments, dont\u2026 huit nouveaux joueurs, apr\u00e8s les d\u00e9parts de plusieurs cadres.<\/p>\n<p>Leriche, un nouveau d\u00e9part<\/p>\n<p>Certains ont pris leur retraite, \u00e0 l\u2019image de l\u2019ex-capitaine Romaric Guillo et d\u2019un autre cadre historique Romain Briffe, tous deux partis s\u2019installer en r\u00e9gion lorientaise. Arriv\u00e9 de Chamb\u00e9ry, l\u2019arri\u00e8re droit br\u00e9silien Gustavo Rodrigues (30 ans, 396 buts en 98 matchs de StarLigue, dont 121 en 25 matchs l\u2019an dernier) est la t\u00eate de pont XXL de ce changement de cap. Sur le banc, Cesson-Rennes a choisi de\u2026 revenir en arri\u00e8re. Mis sur le c\u00f4t\u00e9 pour le sprint final de la saison derni\u00e8re, au profit de son adjoint Yann Lemaire et le pr\u00e9parateur physique Thibault Minel, S\u00e9bastien Leriche a repris la barre avec les deux autres. S\u2019il sera absent lors de deux premi\u00e8res journ\u00e9es, en raison du d\u00e9c\u00e8s de sa m\u00e8re survenu ce week-end, le technicien part finalement d\u2019une feuille blanche avec cette \u00e9quipe fondamentalement recompos\u00e9e. Ce nouveau d\u00e9part est aussi le sien en quelque sorte. Le club locataire de la Glaz Arena entend bien que la mayonnaise prenne rapidement autour de cette nouvelle \u00e8re. Pour grandir un peu plus et s\u2019\u00e9viter les frayeurs trop souvent v\u00e9cues ces derni\u00e8res ann\u00e9es. Les choses ont d\u00e9j\u00e0 bien d\u00e9but\u00e9 en Coupe de France, avec une correction inflig\u00e9e \u00e0 Ivry (36-22). Le chemin est trac\u00e9, reste \u00e0 ne pas en d\u00e9vier.<\/p>\n","protected":false},"excerpt":{"rendered":"StarLigue (1re journ\u00e9e). Cesson-Rennes &#8211; Saint-Rapha\u00ebl, ce mardi (20\u00a0h\u00a030) Cesson-Rennes M\u00e9tropole Handball et le Stade Rennais ont en&hellip;\n","protected":false},"author":2,"featured_media":376940,"comment_status":"","ping_status":"","sticky":false,"template":"","format":"standard","meta":{"footnotes":""},"categories":[2821],"tags":[1111,11,829,1777,674,1011,27,1792,12,584,25,60],"class_list":{"0":"post-376939","1":"post","2":"type-post","3":"status-publish","4":"format-standard","5":"has-post-thumbnail","7":"category-rennes","8":"tag-actu","9":"tag-actualites","10":"tag-bretagne","11":"tag-eu","12":"tag-europe","13":"tag-fr","14":"tag-france","15":"tag-handball","16":"tag-news","17":"tag-rennes","18":"tag-republique-francaise","19":"tag-sports"},"share_on_mastodon":{"url":"https:\/\/pubeurope.com\/@fr\/115172608942168687","error":""},"_links":{"self":[{"href":"https:\/\/www.europesays.com\/fr\/wp-json\/wp\/v2\/posts\/376939","targetHints":{"allow":["GET"]}}],"collection":[{"href":"https:\/\/www.europesays.com\/fr\/wp-json\/wp\/v2\/posts"}],"about":[{"href":"https:\/\/www.europesays.com\/fr\/wp-json\/wp\/v2\/types\/post"}],"author":[{"embeddable":true,"href":"https:\/\/www.europesays.com\/fr\/wp-json\/wp\/v2\/users\/2"}],"replies":[{"embeddable":true,"href":"https:\/\/www.europesays.com\/fr\/wp-json\/wp\/v2\/comments?post=376939"}],"version-history":[{"count":0,"href":"https:\/\/www.europesays.com\/fr\/wp-json\/wp\/v2\/posts\/376939\/revisions"}],"wp:featuredmedia":[{"embeddable":true,"href":"https:\/\/www.europesays.com\/fr\/wp-json\/wp\/v2\/media\/376940"}],"wp:attachment":[{"href":"https:\/\/www.europesays.com\/fr\/wp-json\/wp\/v2\/media?parent=376939"}],"wp:term":[{"taxonomy":"category","embeddable":true,"href":"https:\/\/www.europesays.com\/fr\/wp-json\/wp\/v2\/categories?post=376939"},{"taxonomy":"post_tag","embeddable":true,"href":"https:\/\/www.europesays.com\/fr\/wp-json\/wp\/v2\/tags?post=376939"}],"curies":[{"name":"wp","href":"https:\/\/api.w.org\/{rel}","templated":true}]}}