{"id":376943,"date":"2025-09-09T05:09:10","date_gmt":"2025-09-09T05:09:10","guid":{"rendered":"https:\/\/www.europesays.com\/fr\/376943\/"},"modified":"2025-09-09T05:09:10","modified_gmt":"2025-09-09T05:09:10","slug":"les-trams-et-les-bus-perturbes-a-strasbourg-voici-le-detail","status":"publish","type":"post","link":"https:\/\/www.europesays.com\/fr\/376943\/","title":{"rendered":"les trams et les bus perturb\u00e9s \u00e0 Strasbourg, voici le d\u00e9tail"},"content":{"rendered":"<p>            Par<br \/>\n        <strong><br \/>\n            <a href=\"https:\/\/actu.fr\/auteur\/ivan-capecchi\" title=\"Consulter tous les articles de Ivan CAPECCHI\" target=\"_blank\" rel=\"noopener\">Ivan CAPECCHI<\/a><br \/>\n        <\/strong><\/p>\n<p>        Publi\u00e9 le<\/p>\n<p>            9 sept. 2025 \u00e0 7h00        <\/p>\n<p>En raison d\u2019un mouvement de gr\u00e8ve, le <strong>trafic CTS<\/strong> sera fortement perturb\u00e9 ce mercredi 10 septembre, jour d\u2019appel \u00e0 <a href=\"https:\/\/actu.fr\/societe\/gros-blocages-ou-effets-d-annonce-a-quoi-faut-il-vraiment-s-attendre-le-10-septembre_63117418.html\" target=\"_blank\" rel=\"noopener\">bloquer le pays<\/a>.\u00a0<\/p>\n<p>Les trams perturb\u00e9s \u00e0 Strasbourg<\/p>\n<p class=\" wall-content\">Dans un communiqu\u00e9, la <a href=\"https:\/\/actu.fr\/tag\/compagnie-des-transports-strasbourgeois-cts\" target=\"_blank\" rel=\"noopener\">CTS<\/a> annonce que les <strong>trams<\/strong> circuleront de 5h \u00e0 22h seulement, avec une <strong>fr\u00e9quence r\u00e9duite<\/strong> : 14 \u00e0 16 minutes pour les lignes A, B, C et D, 20 \u00e0 30 minutes pour les lignes E et F.<\/p>\n<p>Des perturbations aussi sur les lignes de bus<\/p>\n<p class=\" wall-content\">C\u00f4t\u00e9 <strong>bus<\/strong>, plusieurs lignes circuleront normalement (dont les 12, 18, 22, 31, 41 \u00e0 45, 57, 60 \u00e0 64, 67, 71 \u00e0 76).<\/p>\n<p class=\" wall-content\">Les lignes G, H et les C1 \u00e0 C9, ainsi que les 2, 4\/4a, 10, 13, 17, 19, 30, 40, 50 et 70 rouleront entre 6h et 20h avec une <strong>offre r\u00e9duite<\/strong>.<\/p>\n<p class=\" wall-content\">Les lignes 15 et 29 ne circuleront pas.\u00a0<\/p>\n<p>Anticipez vos d\u00e9placements<\/p>\n<p class=\" wall-content\">La CTS invite ses usagers \u00e0 <strong>anticiper leurs d\u00e9placements<\/strong> et \u00e0 consulter ses outils en ligne pour conna\u00eetre les <strong>horaires<\/strong> en temps r\u00e9el.<\/p>\n<p class=\" wall-content\">Retrouvez le <a href=\"https:\/\/cts-strasbourg.eu\/fr\/Article\/PREAVIS-DE-GREVE-RECONDUCTIBLE\/\" target=\"_blank\" rel=\"noopener\">d\u00e9tail des perturbations ici<\/a>.<\/p>\n<p class=\" wall-content\">Personnalisez votre actualit\u00e9 en ajoutant vos villes et m\u00e9dias en favori avec <a href=\"https:\/\/moncompte.actu.fr\" title=\"D\u00e9couvez Mon Actu\" rel=\"nofollow noopener\" data-trk=\"{&quot;cta&quot;:{&quot;action&quot;:&quot;https:\\\/\\\/moncompte.actu.fr&quot;,&quot;category&quot;:&quot;mon compte&quot;,&quot;from&quot;:&quot;article footer&quot;,&quot;name&quot;:&quot;Mon actu&quot;,&quot;type&quot;:&quot;cta&quot;}}\" target=\"_blank\">Mon Actu<\/a>.<\/p>\n","protected":false},"excerpt":{"rendered":"Par Ivan CAPECCHI Publi\u00e9 le 9 sept. 2025 \u00e0 7h00 En raison d\u2019un mouvement de gr\u00e8ve, le trafic&hellip;\n","protected":false},"author":2,"featured_media":59140,"comment_status":"","ping_status":"","sticky":false,"template":"","format":"standard","meta":{"footnotes":""},"categories":[2820],"tags":[1111,11,7344,1777,674,1011,27,775,12,25,104,640],"class_list":{"0":"post-376943","1":"post","2":"type-post","3":"status-publish","4":"format-standard","5":"has-post-thumbnail","7":"category-strasbourg","8":"tag-actu","9":"tag-actualites","10":"tag-compagnie-des-transports-strasbourgeois-cts","11":"tag-eu","12":"tag-europe","13":"tag-fr","14":"tag-france","15":"tag-grand-est","16":"tag-news","17":"tag-republique-francaise","18":"tag-societe","19":"tag-strasbourg"},"share_on_mastodon":{"url":"https:\/\/pubeurope.com\/@fr\/115172616659384028","error":""},"_links":{"self":[{"href":"https:\/\/www.europesays.com\/fr\/wp-json\/wp\/v2\/posts\/376943","targetHints":{"allow":["GET"]}}],"collection":[{"href":"https:\/\/www.europesays.com\/fr\/wp-json\/wp\/v2\/posts"}],"about":[{"href":"https:\/\/www.europesays.com\/fr\/wp-json\/wp\/v2\/types\/post"}],"author":[{"embeddable":true,"href":"https:\/\/www.europesays.com\/fr\/wp-json\/wp\/v2\/users\/2"}],"replies":[{"embeddable":true,"href":"https:\/\/www.europesays.com\/fr\/wp-json\/wp\/v2\/comments?post=376943"}],"version-history":[{"count":0,"href":"https:\/\/www.europesays.com\/fr\/wp-json\/wp\/v2\/posts\/376943\/revisions"}],"wp:featuredmedia":[{"embeddable":true,"href":"https:\/\/www.europesays.com\/fr\/wp-json\/wp\/v2\/media\/59140"}],"wp:attachment":[{"href":"https:\/\/www.europesays.com\/fr\/wp-json\/wp\/v2\/media?parent=376943"}],"wp:term":[{"taxonomy":"category","embeddable":true,"href":"https:\/\/www.europesays.com\/fr\/wp-json\/wp\/v2\/categories?post=376943"},{"taxonomy":"post_tag","embeddable":true,"href":"https:\/\/www.europesays.com\/fr\/wp-json\/wp\/v2\/tags?post=376943"}],"curies":[{"name":"wp","href":"https:\/\/api.w.org\/{rel}","templated":true}]}}