{"id":376946,"date":"2025-09-09T05:11:11","date_gmt":"2025-09-09T05:11:11","guid":{"rendered":"https:\/\/www.europesays.com\/fr\/376946\/"},"modified":"2025-09-09T05:11:11","modified_gmt":"2025-09-09T05:11:11","slug":"nice-festival-clown-power-du-26-au-28-septembre","status":"publish","type":"post","link":"https:\/\/www.europesays.com\/fr\/376946\/","title":{"rendered":"NICE : Festival CLOWN POWER du 26 au 28 septembre"},"content":{"rendered":"<p style=\"text-align: left;\"><strong>Du 26 au 28 septembre 2025, la ville de Nice s\u2019appr\u00eate \u00e0 devenir l\u2019\u00e9picentre de l\u2019art clownesque, du cirque et du burlesque\u00a0trois jours durant pour un concentr\u00e9 d\u2019optimisme et de rire \u00e0 partager en famille.<\/strong><\/p>\n<p style=\"text-align: left;\">\nLe 109, p\u00f4le des cultures contemporaines de Nice, accueille le festival\u00a0CLOWN POWER\u00a0\u00a0cr\u00e9\u00e9 et port\u00e9 par la\u00a0Cie Gorgomar\u00a0avec cette ann\u00e9e un parrain de choix :\u00a0le com\u00e9dien DENIS LAVANT.<\/p>\n<p style=\"text-align: left;\">Pour cette 5e \u00e9dition dont tous les spectacles sont gratuits ,\u00a0le public va \u00eatre \u00e9mu, secou\u00e9 ou hilare. De quoi se payer une belle cure de jouvence par le rire car les clowns sont essentiels : avec ou sans nez, seul ou en duo\/trio, en chignon ou sans cheveux, ils n\u2019ont qu\u2019un seul but : changer votre vie\u2026<\/p>\n<p>\u00ab\u00a0Le clown est un po\u00e8te du d\u00e9sordre, une sorte de cr\u00e9ature inadapt\u00e9e qui vous fait voir la vie avec des yeux d\u2019enfants. Il nous rappelle la fragilit\u00e9 de la vie et notre incapacit\u00e9 \u00e0 la saisir. C\u2019est le d\u00e9sordre qui se propage chez le spectateur, secou\u00e9 par un rire vivifiant.\u00a0\u00bb<\/p>\n<p style=\"text-align: left;\"><img fetchpriority=\"high\" decoding=\"async\" class=\"alignnone size-full wp-image-863406\" src=\"https:\/\/www.europesays.com\/fr\/wp-content\/uploads\/2025\/09\/n.jpg\" alt=\"\" width=\"851\" height=\"1200\"  \/><\/p>\n<p>Le festival CLOWN POWER \u00ab\u00a0d\u00e9fend\u00a0\u00bb le clown sous toutes ses formes, des formes esth\u00e9tiques nouvelles, du rire au grincement de dents, de l\u2019exploit physique aux d\u00e9couvertes techniques, et surtout de l\u2019\u00e9motion !<\/p>\n<p style=\"text-align: left;\">L\u2019occasion de d\u00e9couvrir\u00a0des artistes venant des 4 pi\u00e8ces de l\u2019Hexagone\u00a0qui d\u00e9montrent l\u2019inventivit\u00e9 et la richesse de production de cet art \u00e0 part enti\u00e8re.<\/p>\n<p style=\"text-align: left;\">Cette programmation \u00e9clectique d\u2019une dizaine de spectacles, drames burlesques, clown solo (avec Fred Blin), cirque acrobatique, cirque a\u00e9rien, drame comique, annonce\u00a0aussi une fanfare, un concert super de\u2026\u00a0Didier Super\u00a0et son groupe\u00a0\u00a0Discount\u00a0\u00a0(en collaboration avec Panda Events), une exposition, un po\u00e8te performeur (Tristan Blumel), des projections de films, une initiation au cirque et des jeux clownesques. Un festival pour (se) faire du bien, qu\u2019on soit petit ou grand, et qui sera gratuit et accessible \u00e0 tous.<br \/>Un peu de s\u00e9rieux mais jamais tout \u00e0 fait avec\u00a0Clown\u2019s corner, une table ronde de la grande famille des clowns (le 27 sept.) et un stand de\u00a0La Ronde des Clowns,\u00a0l\u2019association ni\u00e7oise de clowns hospitaliers.<\/p>\n<p>A noter que le\u00a0<strong>concert de Didier Super<\/strong>\u00a0le 26 septembre au Frigo 16 est gratuit mais\u00a0\u00a0<a title=\"https:\/\/facebook.us20.list-manage.com\/track\/click?u=e656919c3ba04fcb5607b4950&amp;id=b61835ca34&amp;e=dcbeca3be3\" href=\"https:\/\/facebook.us20.list-manage.com\/track\/click?u=e656919c3ba04fcb5607b4950&amp;id=b61835ca34&amp;e=dcbeca3be3\" target=\"_blank\" rel=\"noopener noreferrer nofollow\" data-auth=\"NotApplicable\" data-linkindex=\"1\"><strong>sur r\u00e9servation\u00a0<\/strong><\/a>\u00a0sur le site de panda-events.com<\/p>\n","protected":false},"excerpt":{"rendered":"Du 26 au 28 septembre 2025, la ville de Nice s\u2019appr\u00eate \u00e0 devenir l\u2019\u00e9picentre de l\u2019art clownesque, du&hellip;\n","protected":false},"author":2,"featured_media":376947,"comment_status":"","ping_status":"","sticky":false,"template":"","format":"standard","meta":{"footnotes":""},"categories":[2819],"tags":[1111,11,1777,674,1011,27,12,2401,882,25],"class_list":{"0":"post-376946","1":"post","2":"type-post","3":"status-publish","4":"format-standard","5":"has-post-thumbnail","7":"category-nice","8":"tag-actu","9":"tag-actualites","10":"tag-eu","11":"tag-europe","12":"tag-fr","13":"tag-france","14":"tag-news","15":"tag-nice","16":"tag-provence-alpes-cote-dazur","17":"tag-republique-francaise"},"share_on_mastodon":{"url":"https:\/\/pubeurope.com\/@fr\/115172624851468948","error":""},"_links":{"self":[{"href":"https:\/\/www.europesays.com\/fr\/wp-json\/wp\/v2\/posts\/376946","targetHints":{"allow":["GET"]}}],"collection":[{"href":"https:\/\/www.europesays.com\/fr\/wp-json\/wp\/v2\/posts"}],"about":[{"href":"https:\/\/www.europesays.com\/fr\/wp-json\/wp\/v2\/types\/post"}],"author":[{"embeddable":true,"href":"https:\/\/www.europesays.com\/fr\/wp-json\/wp\/v2\/users\/2"}],"replies":[{"embeddable":true,"href":"https:\/\/www.europesays.com\/fr\/wp-json\/wp\/v2\/comments?post=376946"}],"version-history":[{"count":0,"href":"https:\/\/www.europesays.com\/fr\/wp-json\/wp\/v2\/posts\/376946\/revisions"}],"wp:featuredmedia":[{"embeddable":true,"href":"https:\/\/www.europesays.com\/fr\/wp-json\/wp\/v2\/media\/376947"}],"wp:attachment":[{"href":"https:\/\/www.europesays.com\/fr\/wp-json\/wp\/v2\/media?parent=376946"}],"wp:term":[{"taxonomy":"category","embeddable":true,"href":"https:\/\/www.europesays.com\/fr\/wp-json\/wp\/v2\/categories?post=376946"},{"taxonomy":"post_tag","embeddable":true,"href":"https:\/\/www.europesays.com\/fr\/wp-json\/wp\/v2\/tags?post=376946"}],"curies":[{"name":"wp","href":"https:\/\/api.w.org\/{rel}","templated":true}]}}