{"id":376948,"date":"2025-09-09T05:14:39","date_gmt":"2025-09-09T05:14:39","guid":{"rendered":"https:\/\/www.europesays.com\/fr\/376948\/"},"modified":"2025-09-09T05:14:39","modified_gmt":"2025-09-09T05:14:39","slug":"a-nantes-un-cambrioleur-en-serie-profitait-des-fenetres-ouvertes-le-matin","status":"publish","type":"post","link":"https:\/\/www.europesays.com\/fr\/376948\/","title":{"rendered":"\u00e0 Nantes, un cambrioleur en s\u00e9rie profitait des fen\u00eatres ouvertes le matin"},"content":{"rendered":"<p>Auteur, depuis juillet, d\u2019au moins une quinzaine de \u00abvols par escalade\u00bb dans l\u2019ouest de Nantes, un Alg\u00e9rien d\u00e9j\u00e0 connu de la justice a \u00e9t\u00e9 plac\u00e9 vendredi en garde \u00e0 vue. Il devait \u00eatre jug\u00e9 ce lundi en comparution imm\u00e9diate.<\/p>\n<p class=\"fig-paragraph\">Fut\u00e9 et agile, mais pas imprenable. Un homme de 37 ans, \u00e0 l\u2019origine de de plusieurs dizaines de\u00a0<a href=\"http:\/\/www.lefigaro.fr\/actualite-france\/un-cambriolage-toutes-les-trois-minutes-en-france-20240621\" target=\"_blank\" data-fig-type=\"Article\" rel=\"noopener nofollow\" data-gtm-custom-categorie=\"navigation\" data-gtm-custom-action=\"crossclick\" data-gtm-custom-label=\"Contextuel\" data-gtm-event=\"customEventSPE\" data-fig-domain=\"LEFIGARO\">cambriolages<\/a>\u00a0dans l\u2019ouest\u00a0<a href=\"https:\/\/www.lefigaro.fr\/nantes\" target=\"_blank\" data-fig-type=\"Section\" rel=\"sponsored noopener nofollow\" data-gtm-custom-categorie=\"navigation\" data-gtm-custom-action=\"crossclick\" data-gtm-custom-label=\"Contextuel\" data-gtm-event=\"customEventSPE\" data-fig-domain=\"LEFIGARO\">de Nantes<\/a>\u00a0(Loire-Atlantique) a \u00e9t\u00e9 interpell\u00e9, vendredi 5 septembre. La brigade nantaise d\u2019atteinte aux biens avait \u00e9t\u00e9 plac\u00e9e depuis plusieurs semaines sur les traces de cet habile voleur qui agissait selon un mode op\u00e9ratoire bien identifi\u00e9. En l\u2019occurrence, le suspect n\u2019intervenait qu\u2019en matin\u00e9e, entre 7h et 11h, profitant des fen\u00eatres laiss\u00e9es ouvertes, les jours de beau temps. Le cambrioleur grimpait alors aux \u00e9tages et p\u00e9n\u00e9trait sans effraction dans les logements.<\/p>\n<p class=\"fig-paragraph\">\u00abIl s\u2019agit d\u2019une personne tr\u00e8s agile et rapide, qui entrait soit par le rez-de-chauss\u00e9e, soit en passant par les fen\u00eatres aux \u00e9tages, en escaladant la fa\u00e7ade par une goutti\u00e8re ou en passant par un balcon. Il est \u00e9galement pass\u00e9 deux fois par un v\u00e9lux\u00bb, souffle une source polici\u00e8re. Chevronn\u00e9, le suspect avait ainsi encha\u00een\u00e9 jusqu\u2019\u00e0 trois vols &#8211; dont une tentative avort\u00e9e &#8211; en l\u2019espace de 45 minutes. Le cambrioleur \u0153uvrait \u00e0 Nantes et \u00e0 Saint-Herblain, en banlieue, depuis le mois de juillet. L\u2019homme se d\u00e9pla\u00e7ait \u00e0 v\u00e9lo, son butin cach\u00e9 dans un sac \u00e0 dos. Il emportait en priorit\u00e9 des bijoux, des montres, des t\u00e9l\u00e9phones et ordinateurs portables ainsi que du mat\u00e9riel multim\u00e9dia facilement transportable.<\/p>\n<p>                                    <a class=\"fig-a11y-skip a11y-hidden\" href=\"#fig-a11y-skip-main-inarticle\"><br \/>\n        Passer la publicit\u00e9<br \/>\n    <\/a><\/p>\n<p>Un \u00e9tranger r\u00e9cidiviste<\/p>\n<p class=\"fig-paragraph\">Compte tenu des horaires retenus pour ses d\u00e9lits, le suspect a \u00e9t\u00e9 rep\u00e9r\u00e9, pris en chasse et photographi\u00e9 \u00e0 plusieurs reprises par les habitants cambriol\u00e9s ou par des voisins. L\u2019\u00e2ge avanc\u00e9 de la majorit\u00e9 de ses victimes lui permettait de s\u2019\u00e9chapper sans encombre. Le portrait du voleur pr\u00e9sum\u00e9 \u00e9tait diffus\u00e9 au sein de boucles Whatsapp d\u2019habitants. D\u00e8s juillet, la d\u00e9couverte d\u2019une\u00a0<a href=\"https:\/\/www.lefigaro.fr\/sciences\/130-ans-apres-les-empreintes-digitales-permettent-encore-de-resoudre-plus-de-1000-affaires-par-mois-20190722\" target=\"_blank\" data-fig-type=\"Article\" rel=\"noopener nofollow\" data-gtm-custom-categorie=\"navigation\" data-gtm-custom-action=\"crossclick\" data-gtm-custom-label=\"Contextuel\" data-gtm-event=\"customEventSPE\" data-fig-domain=\"LEFIGARO\">empreinte digitale<\/a>\u00a0du suspect dans l\u2019un des appartements visit\u00e9s a livr\u00e9 une identit\u00e9 aux enqu\u00eateurs. L\u2019acrobate cambrioleur s\u2019est r\u00e9v\u00e9l\u00e9 \u00eatre un Alg\u00e9rien d\u00e9j\u00e0 condamn\u00e9 pour vol en 2015. L\u2019homme ne se trouvait cependant pas \u00e0 son domicile l\u00e9gal, enregistr\u00e9 chez sa m\u00e8re, \u00e0 Nantes.<\/p>\n<p class=\"fig-body-link\">\n            \u00c0 lire aussi<br \/>\n        <a class=\"fig-body-link__link\" href=\"http:\/\/www.lefigaro.fr\/nantes\/municipales-a-nantes-apres-le-retrait-de-ses-deux-chefs-de-fiel-la-campagne-de-la-france-insoumise-sombre-dans-l-incertitude-20250908\" target=\"_blank\" data-fig-type=\"NewsFlash\" rel=\"noopener nofollow\" data-gtm-custom-categorie=\"navigation\" data-gtm-custom-action=\"crossclick\" data-gtm-custom-label=\"Contextuel\" data-gtm-event=\"customEventSPE\" data-fig-domain=\"LEFIGARO\">Municipales \u00e0 Nantes\u00a0: apr\u00e8s le retrait de ses deux chefs de file, la campagne de La France insoumise sombre dans l\u2019incertitude<br \/>\n    <\/a>\n<\/p>\n<p class=\"fig-paragraph\">Paradoxalement, le suspect avait \u00e9t\u00e9 arr\u00eat\u00e9 en plein \u00e9t\u00e9 puis rel\u00e2ch\u00e9. Il avait \u00e9cop\u00e9 d\u2019une comparution sur reconnaissance pr\u00e9alable de culpabilit\u00e9 (CRPC) pour une affaire de recel, sans que les enqu\u00eateurs charg\u00e9s de la s\u00e9rie de cambriolages ne soient mis au courant. \u00abIl avait \u00e9t\u00e9 interpell\u00e9 le 3 ao\u00fbt pour possession de bijoux vol\u00e9s. D\u00e9f\u00e9r\u00e9 le lendemain, il reprend ses vols le 7 ao\u00fbt. Il y a eu une petite faille\u2026\u00bb, pr\u00e9cise une source polici\u00e8re qui justifie, du bout des l\u00e8vres, ce rat\u00e9 par le chass\u00e9-crois\u00e9 des vacances.<\/p>\n<p class=\"fig-paragraph\">L\u2019enqu\u00eate a finalement connu un tournant lorsque &#8211; ces derniers jours &#8211; l\u2019une des victimes est parvenue \u00e0 mettre en fuite le suspect surpris en train de cambrioler sa maison. \u00c0 cette occasion, le cambrioleur a perdu son t\u00e9l\u00e9phone portable. Examin\u00e9 par la police nationale, l\u2019appareil \u00e9tait r\u00e9cemment vol\u00e9, mais muni d\u2019une nouvelle carte SIM portant le carnet d\u2019adresses du suspect. Celui-ci \u00e9tait h\u00e9berg\u00e9 chez l\u2019un de ses contacts, dans le quartier sensible nantais de Bellevue, dans un logement aussit\u00f4t plac\u00e9 sous surveillance. Le suspect a \u00e9t\u00e9 arr\u00eat\u00e9 en flagrant d\u00e9lit, au retour d\u2019un dernier cambriolage. De nombreux objets vol\u00e9s ont \u00e9t\u00e9 d\u00e9couverts lors de la perquisition du logement o\u00f9 habitait le cambrioleur, qui poss\u00e9dait aussi du mat\u00e9riel pour authentifier de l\u2019or. Quelques grammes de coca\u00efne ont \u00e9galement \u00e9t\u00e9 saisis. Plac\u00e9 en garde \u00e0 vue pour \u00abvols par escalade\u00bb, le trentenaire n\u2019a reconnu que 16 des 34 faits d\u00e9nombr\u00e9s par les enqu\u00eateurs. Il devait \u00eatre jug\u00e9 lundi en comparution imm\u00e9diate, au tribunal correctionnel de Nantes.<\/p>\n","protected":false},"excerpt":{"rendered":"Auteur, depuis juillet, d\u2019au moins une quinzaine de \u00abvols par escalade\u00bb dans l\u2019ouest de Nantes, un Alg\u00e9rien d\u00e9j\u00e0&hellip;\n","protected":false},"author":2,"featured_media":376949,"comment_status":"","ping_status":"","sticky":false,"template":"","format":"standard","meta":{"footnotes":""},"categories":[2818],"tags":[1111,11,1174,1777,674,1011,27,766,12,2636,25],"class_list":{"0":"post-376948","1":"post","2":"type-post","3":"status-publish","4":"format-standard","5":"has-post-thumbnail","7":"category-nantes","8":"tag-actu","9":"tag-actualites","10":"tag-cambriolage","11":"tag-eu","12":"tag-europe","13":"tag-fr","14":"tag-france","15":"tag-nantes","16":"tag-news","17":"tag-pays-de-la-loire","18":"tag-republique-francaise"},"share_on_mastodon":{"url":"https:\/\/pubeurope.com\/@fr\/115172636309665567","error":""},"_links":{"self":[{"href":"https:\/\/www.europesays.com\/fr\/wp-json\/wp\/v2\/posts\/376948","targetHints":{"allow":["GET"]}}],"collection":[{"href":"https:\/\/www.europesays.com\/fr\/wp-json\/wp\/v2\/posts"}],"about":[{"href":"https:\/\/www.europesays.com\/fr\/wp-json\/wp\/v2\/types\/post"}],"author":[{"embeddable":true,"href":"https:\/\/www.europesays.com\/fr\/wp-json\/wp\/v2\/users\/2"}],"replies":[{"embeddable":true,"href":"https:\/\/www.europesays.com\/fr\/wp-json\/wp\/v2\/comments?post=376948"}],"version-history":[{"count":0,"href":"https:\/\/www.europesays.com\/fr\/wp-json\/wp\/v2\/posts\/376948\/revisions"}],"wp:featuredmedia":[{"embeddable":true,"href":"https:\/\/www.europesays.com\/fr\/wp-json\/wp\/v2\/media\/376949"}],"wp:attachment":[{"href":"https:\/\/www.europesays.com\/fr\/wp-json\/wp\/v2\/media?parent=376948"}],"wp:term":[{"taxonomy":"category","embeddable":true,"href":"https:\/\/www.europesays.com\/fr\/wp-json\/wp\/v2\/categories?post=376948"},{"taxonomy":"post_tag","embeddable":true,"href":"https:\/\/www.europesays.com\/fr\/wp-json\/wp\/v2\/tags?post=376948"}],"curies":[{"name":"wp","href":"https:\/\/api.w.org\/{rel}","templated":true}]}}