{"id":376971,"date":"2025-09-09T05:27:12","date_gmt":"2025-09-09T05:27:12","guid":{"rendered":"https:\/\/www.europesays.com\/fr\/376971\/"},"modified":"2025-09-09T05:27:12","modified_gmt":"2025-09-09T05:27:12","slug":"info-franceinfo-un-homme-soupconne-davoir-commandite-depuis-bordeaux-une-trentaine-de-viols-denfants-colombiens-et-malgaches-en-ligne","status":"publish","type":"post","link":"https:\/\/www.europesays.com\/fr\/376971\/","title":{"rendered":"INFO FRANCEINFO. Un homme soup\u00e7onn\u00e9 d&rsquo;avoir commandit\u00e9 depuis Bordeaux une trentaine de viols d&rsquo;enfants colombiens et malgaches en ligne"},"content":{"rendered":"\n<p class=\"c-chapo \">\n  Le suspect a \u00e9t\u00e9 mis en examen et incarc\u00e9r\u00e9, notamment pour \u00ab\u00a0complicit\u00e9 de viols et d&rsquo;agressions sexuelles sur mineurs\u00a0\u00bb, \u00ab\u00a0complicit\u00e9 de traites d&rsquo;\u00eatres humains aggrav\u00e9s\u00a0\u00bb et \u00ab\u00a0d\u00e9tention, acquisition et transaction d&rsquo;images p\u00e9docriminelles\u00a0\u00bb.\n<\/p>\n<p>            lire plus tard<\/p>\n<p id=\"dialog__title\" class=\"dialog__title\">Pour sauvegarder cet article, connectez-vous ou cr\u00e9ez un compte franceinfo<\/p>\n<p class=\"dialog__description\">Sans paiement. Sans abonnement.<\/p>\n<p>        Fermer la fen\u00eatre d\u2019activation des notifications France Info<\/p>\n<p>            cr\u00e9er votre compte<\/p>\n<p>            se connecter<\/p>\n<p>        Fermer la fen\u00eatre de pr\u00e9sentation<\/p>\n<p>    <img loading=\"lazy\" decoding=\"async\" class=\"signature__image lazyload\" width=\"100\" height=\"100\" data- alt=\"\" src=\"https:\/\/www.europesays.com\/fr\/wp-content\/uploads\/2025\/09\/margaux-stive-65c3aa7ac5aea283293814.png\"\/><\/p>\n<p>    Publi\u00e9 le 09\/09\/2025 06:22<\/p>\n<p>      Mis \u00e0 jour le 09\/09\/2025 06:22<\/p>\n<p>        Temps de lecture : 3min<\/p>\n<p>    <img decoding=\"async\"  alt=\"Une polici\u00e8re de dos. Image d'illustration. (LIONEL VADAM  \/ MAXPPP)\" width=\"432\" height=\"243\" src=\"https:\/\/www.europesays.com\/fr\/wp-content\/uploads\/2025\/09\/maxnewsspecialtwo213945-6834342e10ee8755370171.jpg\" fetchpriority=\"high\"\/><\/p>\n<p>      Une polici\u00e8re de dos. Image d&rsquo;illustration. (LIONEL VADAM  \/ MAXPPP)<\/p>\n<p>Un Bordelais d&rsquo;une trentaine d&rsquo;ann\u00e9es a \u00e9t\u00e9 mis en examen et plac\u00e9 en d\u00e9tention provisoire, il est soup\u00e7onn\u00e9 d&rsquo;avoir commandit\u00e9 et visionn\u00e9 en ligne et en direct une trentaine de viols d&rsquo;enfants en Colombie et \u00e0 Madagascar, <a href=\"https:\/\/www.franceinfo.fr\/societe\/pedocriminalite\/pedocriminalite-les-enqueteurs-alertent-sur-l-ampleur-inquietante-que-prend-le-phenomene-du-livestreaming_7328229.html\" rel=\"nofollow noopener\" target=\"_blank\">lors de session de \u00ab\u00a0livestreaming\u00a0\u00bb<\/a>, selon les informations du service police-justice de franceinfo. Il s&rsquo;agit de la premi\u00e8re mise en examen en France dans un dossier de \u00ab\u00a0livestreaming\u00a0\u00bb \u00e0 Madagascar, ces affaires concernant jusque-l\u00e0 surtout les Philippines et <a href=\"https:\/\/www.franceinfo.fr\/societe\/pedocriminalite\/pedocriminalite-les-enqueteurs-alertent-sur-l-ampleur-inquietante-que-prend-le-phenomene-du-livestreaming_7328229.html\" rel=\"nofollow noopener\" target=\"_blank\">la Colombie<\/a>.<\/p>\n<p>Cet employ\u00e9 administratif \u00e0 Bordeaux a \u00e9t\u00e9 plac\u00e9 en garde \u00e0 vue lundi dernier, trahi par son t\u00e9l\u00e9phone. Les enqu\u00eateurs l&rsquo;ont identifi\u00e9 et ont d\u00e9couvert sur ses supports informatiques des milliers de photos et de vid\u00e9os p\u00e9docriminelles.\u00a0Ils ont aussi mis la main sur des \u00e9changes avec des femmes en Colombie et \u00e0 Madagascar via des sites d&rsquo;escorts pour adultes, \u00e9changes qui d\u00e9viaient ensuite sur des messageries crypt\u00e9es. C&rsquo;est sur ces messageries qu&rsquo;il n\u00e9gociait avec elles les tarifs pour les <a href=\"https:\/\/www.franceinfo.fr\/faits-divers\/a-angouleme-un-baby-sitter-mis-en-examen-pour-viols-sur-plusieurs-enfants-au-moins-quatre-victimes-identifiees_7471258.html\" rel=\"nofollow noopener\" target=\"_blank\">viols d&rsquo;enfants<\/a> en direct.<\/p>\n<p>\u00ab\u00a0Ce dossier est la preuve qu&rsquo;on parvient, malgr\u00e9 ce sentiment d&rsquo;impunit\u00e9 qu\u2019ont parfois les p\u00e9docriminels, m\u00eame \u00e0 des milliers de kilom\u00e8tres et avec toutes les barri\u00e8res num\u00e9riques qui peuvent \u00eatre mises en place, \u00e0 d\u00e9tecter les infractions et \u00e0 identifier les auteurs et les victimes pour les mettre \u00e0 l\u2019abri\u00a0\u00bb, se f\u00e9licite Aur\u00e9lie Besan\u00e7on, nouvelle cheffe de l&rsquo;OFMIN, l&rsquo;office mineurs, le service d&rsquo;enqu\u00eate sp\u00e9cialis\u00e9 sur les violences sur mineurs.<\/p>\n<p>Les sessions duraient parfois plusieurs heures, et le mis en cause donnait des instructions en direct, depuis chez lui, sur les actes sexuels que devaient commettre les enfants mais aussi pour des violences commises sur eux. Sur cette trentaine de viols, au moins cinq victimes ont \u00e9t\u00e9 identifi\u00e9es gr\u00e2ce \u00e0 un \u00ab\u00a0travail de longue haleine, minutieux\u00a0\u00bb, selon Aur\u00e9lie Besan\u00e7on. Trois sont \u00e2g\u00e9es de moins de 10 ans, et deux ont entre 10 et 15 ans.<\/p>\n<p>\u00ab\u00a0Pour qu&rsquo;il y ait livestreaming il faut qu&rsquo;il y ait eu des instructions, un accord sur l&rsquo;abus sexuel qui va \u00eatre perp\u00e9tr\u00e9, et \u00e9galement sur le prix, explique Camille Chabot, r\u00e9f\u00e9rente livestreaming au parquet de Paris. Et quand on a des \u00e9changes pr\u00e9alables, on peut caract\u00e9riser les infractions qui sont constitutives de livestreaming\u00a0\u00bb.<\/p>\n<p>Ces faits ont commenc\u00e9 il y a au moins trois ans. Le Bordelais a d\u00e9bours\u00e9 15 000 euros au total. Apr\u00e8s 96 heures de garde \u00e0 vue, de lundi \u00e0 vendredi, il a \u00e9t\u00e9 mis en examen et plac\u00e9 en d\u00e9tention provisoire vendredi soir pour \u00ab\u00a0complicit\u00e9 de viols et d&rsquo;agressions sexuelles sur mineurs\u00a0\u00bb, \u00ab\u00a0complicit\u00e9 de traites d&rsquo;\u00eatres humains aggrav\u00e9s\u00a0\u00bb, \u00ab\u00a0participation \u00e0 une association de malfaiteurs criminels\u00a0\u00bb, \u00ab\u00a0d\u00e9tention, acquisition et transaction d&rsquo;images p\u00e9docriminelles\u00a0\u00bb. Pour ces infractions, consid\u00e9r\u00e9es comme des crimes, il encourt 20 ans de r\u00e9clusion.<\/p>\n<p>Il n&rsquo;\u00e9tait pas en contact avec des enfants dans son entourage ou dans son m\u00e9tier mais d&rsquo;apr\u00e8s <a href=\"https:\/\/www.franceinfo.fr\/replay-radio\/le-monde-d-elodie\/il-faut-proteger-les-enfants-la-commandante-de-police-veronique-bechu-alerte-sur-les-dangers-d-internet_6514013.html\" rel=\"nofollow noopener\" target=\"_blank\">l&rsquo;OFMIN<\/a>, la moiti\u00e9 des internautes qui visionnent en ligne des images p\u00e9docriminelles passent \u00e0 l&rsquo;acte dans la vie r\u00e9elle.\u00a0<\/p>\n","protected":false},"excerpt":{"rendered":"Le suspect a \u00e9t\u00e9 mis en examen et incarc\u00e9r\u00e9, notamment pour \u00ab\u00a0complicit\u00e9 de viols et d&rsquo;agressions sexuelles sur&hellip;\n","protected":false},"author":2,"featured_media":376972,"comment_status":"","ping_status":"","sticky":false,"template":"","format":"standard","meta":{"footnotes":""},"categories":[1888],"tags":[1111,1928,11,1927,1777,674,1011,27,12,1926,626,1925,25],"class_list":{"0":"post-376971","1":"post","2":"type-post","3":"status-publish","4":"format-standard","5":"has-post-thumbnail","7":"category-paris","8":"tag-actu","9":"tag-actu-paris","10":"tag-actualites","11":"tag-actualites-paris","12":"tag-eu","13":"tag-europe","14":"tag-fr","15":"tag-france","16":"tag-news","17":"tag-news-paris","18":"tag-paris","19":"tag-paris-news","20":"tag-republique-francaise"},"share_on_mastodon":{"url":"https:\/\/pubeurope.com\/@fr\/115172687554091236","error":""},"_links":{"self":[{"href":"https:\/\/www.europesays.com\/fr\/wp-json\/wp\/v2\/posts\/376971","targetHints":{"allow":["GET"]}}],"collection":[{"href":"https:\/\/www.europesays.com\/fr\/wp-json\/wp\/v2\/posts"}],"about":[{"href":"https:\/\/www.europesays.com\/fr\/wp-json\/wp\/v2\/types\/post"}],"author":[{"embeddable":true,"href":"https:\/\/www.europesays.com\/fr\/wp-json\/wp\/v2\/users\/2"}],"replies":[{"embeddable":true,"href":"https:\/\/www.europesays.com\/fr\/wp-json\/wp\/v2\/comments?post=376971"}],"version-history":[{"count":0,"href":"https:\/\/www.europesays.com\/fr\/wp-json\/wp\/v2\/posts\/376971\/revisions"}],"wp:featuredmedia":[{"embeddable":true,"href":"https:\/\/www.europesays.com\/fr\/wp-json\/wp\/v2\/media\/376972"}],"wp:attachment":[{"href":"https:\/\/www.europesays.com\/fr\/wp-json\/wp\/v2\/media?parent=376971"}],"wp:term":[{"taxonomy":"category","embeddable":true,"href":"https:\/\/www.europesays.com\/fr\/wp-json\/wp\/v2\/categories?post=376971"},{"taxonomy":"post_tag","embeddable":true,"href":"https:\/\/www.europesays.com\/fr\/wp-json\/wp\/v2\/tags?post=376971"}],"curies":[{"name":"wp","href":"https:\/\/api.w.org\/{rel}","templated":true}]}}