{"id":376975,"date":"2025-09-09T05:29:12","date_gmt":"2025-09-09T05:29:12","guid":{"rendered":"https:\/\/www.europesays.com\/fr\/376975\/"},"modified":"2025-09-09T05:29:12","modified_gmt":"2025-09-09T05:29:12","slug":"quand-le-reve-fou-dun-musee-a-paris-cachait-une-monstrueuse-arnaque","status":"publish","type":"post","link":"https:\/\/www.europesays.com\/fr\/376975\/","title":{"rendered":"quand le r\u00eave fou d&rsquo;un mus\u00e9e \u00e0 Paris cachait une monstrueuse arnaque"},"content":{"rendered":"<p>            Par<br \/>\n        <strong><br \/>\n            <a href=\"https:\/\/actu.fr\/auteur\/antoine-blanchet\" title=\"Consulter tous les articles de Antoine Blanchet\" target=\"_blank\" rel=\"noopener\">Antoine Blanchet<\/a><br \/>\n        <\/strong><\/p>\n<p>        Publi\u00e9 le<\/p>\n<p>            9 sept. 2025 \u00e0 7h00        <\/p>\n<p>Ce lundi 8\u00a0septembre 2025 s\u2019est ouvert \u00e0 <a href=\"https:\/\/actu.fr\/paris\/\" target=\"_blank\" rel=\"noopener\">Paris<\/a> <strong>le proc\u00e8s de G\u00e9rard Lh\u00e9ritier,<\/strong> ancien patron de la soci\u00e9t\u00e9 <strong>Aristophil<\/strong>. Aux c\u00f4t\u00e9s de sept autres personnes, il est jug\u00e9 pour une <a href=\"https:\/\/actu.fr\/tag\/escroquerie\" target=\"_blank\" rel=\"noopener\">escroquerie financi\u00e8re pharamineuse<\/a> aux manuscrits anciens. Parmi les projets d\u2019envergure du principal pr\u00e9venu, la cr\u00e9ation en 2004 d\u2019un mus\u00e9e des lettres et manuscrits en plein boulevard Saint-Germain.<\/p>\n<p>Des placements mirobolants<\/p>\n<p class=\" wall-content\">L\u2019entreprise de placement en \u0153uvres d\u2019art est soup\u00e7onn\u00e9e d\u2019avoir fait perdre plus de 900\u00a0millions d\u2019euros \u00e0 des milliers d\u2019\u00e9pargnants. Elle promettait des rendements annuels mirobolants gr\u00e2ce \u00e0 l\u2019achat de lettres et manuscrits originaux de Simone de Beauvoir, Albert Einstein ou encore Marcel Proust.<\/p>\n<p class=\" wall-content\">La soci\u00e9t\u00e9, cr\u00e9\u00e9e en 2003, employait 65 salari\u00e9s et s\u2019appuyait sur un r\u00e9seau de 600 \u00e0 800 courtiers pour vendre ses lettres et manuscrits. Des \u00e9pargnants <strong>ont investi 10.000, 40.000 ou m\u00eame 750.000 euros<\/strong> pour devenir propri\u00e9taires \u2013 en int\u00e9gralit\u00e9 ou en indivision \u2013 de documents anciens originaux avec l\u2019annonce de taux de rendement annuel compris entre 8\u2009% et 9\u2009%. Aristophil annon\u00e7ait vouloir leur racheter ces documents au bout de cinq \u00e0 sept ans avec une plus-value annonc\u00e9e de 40\u2009%. Sans pr\u00e9ciser clairement les risques encourus par ces placements sur un march\u00e9 confidentiel dont les prix \u00e9taient largement sur\u00e9valu\u00e9s par l\u2019entreprise.<\/p>\n<p class=\" wall-content\">La justice soup\u00e7onne en r\u00e9alit\u00e9 une <a href=\"https:\/\/actu.fr\/ile-de-france\/paris_75056\/coupe-lui-l-oreille-l-arnaque-massive-aux-cryptomonnaies-finit-en-home-jacking-a-paris_62191246.html\" target=\"_blank\" rel=\"noopener\">pyramide de Ponzi<\/a>, une fraude financi\u00e8re qui repose sur le recrutement de nouveaux \u00e9pargnants pour r\u00e9mun\u00e9rer les anciens en gonflant artificiellement la valeur des manuscrits. Environ 18.000 personnes avaient investi dans la soci\u00e9t\u00e9, parfois l\u2019int\u00e9gralit\u00e9 de leurs \u00e9conomies.<\/p>\n<p>Un Mus\u00e9e des lettres et manuscrits<\/p>\n<p class=\" wall-content\">Le principal pr\u00e9venu, G\u00e9rard Lh\u00e9ritier, 77\u00a0ans, \u00e9tait une sommit\u00e9 dans le monde du manuscrit. En 2004, il avait m\u00eame fond\u00e9 un lieu culturel d\u2019un nouveau genre\u2009: le Mus\u00e9e des lettres et manuscrits. En plein c\u0153ur du faubourg Saint-Germain, les visiteurs pouvaient d\u00e9ambuler devant des centaines de documents \u00e9crits par Marcel Proust ou encore Thomas Edison. Le pr\u00e9sentateur de t\u00e9l\u00e9vision <a href=\"https:\/\/actu.fr\/societe\/affaire-ppda-on-a-forcement-rate-quelque-chose-reconnait-un-ancien-dirigeant-de-tf1_61836575.html\" target=\"_blank\" rel=\"noopener\">Patrick Poivre d\u2019Arvor<\/a> avait m\u00eame \u00e9t\u00e9 nomm\u00e9 <strong>parrain du lieu.<\/strong> Ce dernier a finalement mis la cl\u00e9 sous la porte en 2015, apr\u00e8s la d\u00e9couverte du scandale financier.<\/p>\n<p class=\" wall-content\">Jusqu\u2019au 3\u00a0octobre, le principal pr\u00e9venu va faire face<strong> \u00e0 plus de 4.500 parties civiles<\/strong>, dont l\u2019\u00e9pargne s\u2019est volatilis\u00e9e lors de la faillite de sa soci\u00e9t\u00e9 en 2015. Souriant et v\u00eatu d\u2019une \u00e9l\u00e9gante veste bleu p\u00e9trole, l\u2019ancien magnat des livres rares, \u00ab\u2009dont l\u2019\u00e9tat de sant\u00e9 s\u2019est d\u00e9grad\u00e9 ces derni\u00e8res ann\u00e9es\u2009\u00bb selon son avocat Beno\u00eet Verger, \u00ab\u2009avec des pertes d\u2019\u00e9quilibre et de m\u00e9moire\u2009\u00bb, a pris place sur le banc des pr\u00e9venus, un b\u00e2ton de randonn\u00e9e \u00e0 la main.<\/p>\n<p class=\" wall-content\">Avec AFP<\/p>\n<p class=\" wall-content\">Personnalisez votre actualit\u00e9 en ajoutant vos villes et m\u00e9dias en favori avec <a href=\"https:\/\/moncompte.actu.fr\" title=\"D\u00e9couvez Mon Actu\" rel=\"nofollow noopener\" data-trk=\"{&quot;cta&quot;:{&quot;action&quot;:&quot;https:\\\/\\\/moncompte.actu.fr&quot;,&quot;category&quot;:&quot;mon compte&quot;,&quot;from&quot;:&quot;article footer&quot;,&quot;name&quot;:&quot;Mon actu&quot;,&quot;type&quot;:&quot;cta&quot;}}\" target=\"_blank\">Mon Actu<\/a>.<\/p>\n","protected":false},"excerpt":{"rendered":"Par Antoine Blanchet Publi\u00e9 le 9 sept. 2025 \u00e0 7h00 Ce lundi 8\u00a0septembre 2025 s\u2019est ouvert \u00e0 Paris&hellip;\n","protected":false},"author":2,"featured_media":376976,"comment_status":"","ping_status":"","sticky":false,"template":"","format":"standard","meta":{"footnotes":""},"categories":[1888],"tags":[11,1777,674,118,1011,27,303,12,626,2694,25],"class_list":{"0":"post-376975","1":"post","2":"type-post","3":"status-publish","4":"format-standard","5":"has-post-thumbnail","7":"category-paris","8":"tag-actualites","9":"tag-eu","10":"tag-europe","11":"tag-faits-divers","12":"tag-fr","13":"tag-france","14":"tag-justice","15":"tag-news","16":"tag-paris","17":"tag-proces","18":"tag-republique-francaise"},"share_on_mastodon":{"url":"https:\/\/pubeurope.com\/@fr\/115172695305903984","error":""},"_links":{"self":[{"href":"https:\/\/www.europesays.com\/fr\/wp-json\/wp\/v2\/posts\/376975","targetHints":{"allow":["GET"]}}],"collection":[{"href":"https:\/\/www.europesays.com\/fr\/wp-json\/wp\/v2\/posts"}],"about":[{"href":"https:\/\/www.europesays.com\/fr\/wp-json\/wp\/v2\/types\/post"}],"author":[{"embeddable":true,"href":"https:\/\/www.europesays.com\/fr\/wp-json\/wp\/v2\/users\/2"}],"replies":[{"embeddable":true,"href":"https:\/\/www.europesays.com\/fr\/wp-json\/wp\/v2\/comments?post=376975"}],"version-history":[{"count":0,"href":"https:\/\/www.europesays.com\/fr\/wp-json\/wp\/v2\/posts\/376975\/revisions"}],"wp:featuredmedia":[{"embeddable":true,"href":"https:\/\/www.europesays.com\/fr\/wp-json\/wp\/v2\/media\/376976"}],"wp:attachment":[{"href":"https:\/\/www.europesays.com\/fr\/wp-json\/wp\/v2\/media?parent=376975"}],"wp:term":[{"taxonomy":"category","embeddable":true,"href":"https:\/\/www.europesays.com\/fr\/wp-json\/wp\/v2\/categories?post=376975"},{"taxonomy":"post_tag","embeddable":true,"href":"https:\/\/www.europesays.com\/fr\/wp-json\/wp\/v2\/tags?post=376975"}],"curies":[{"name":"wp","href":"https:\/\/api.w.org\/{rel}","templated":true}]}}