{"id":376977,"date":"2025-09-09T05:30:13","date_gmt":"2025-09-09T05:30:13","guid":{"rendered":"https:\/\/www.europesays.com\/fr\/376977\/"},"modified":"2025-09-09T05:30:13","modified_gmt":"2025-09-09T05:30:13","slug":"circulation-douce-emploi-le-port-geant-du-grand-paris-doit-transformer-la-vallee-de-la-seine","status":"publish","type":"post","link":"https:\/\/www.europesays.com\/fr\/376977\/","title":{"rendered":"Circulation douce, emploi\u2026 Le port g\u00e9ant du Grand Paris doit transformer la vall\u00e9e de la Seine"},"content":{"rendered":"<p class=\"paragraph text_align_left lp-f-body-02\">L\u2019id\u00e9e a \u00e9merg\u00e9 il y a plus de vingt-cinq ans. Elle entre d\u00e9sormais, enfin, dans sa phase concr\u00e8te. Le chantier de Port Seine m\u00e9tropole Ouest (PSMO), <a href=\"https:\/\/www.leparisien.fr\/yvelines-78\/dans-les-yvelines-le-chantier-du-futur-port-industriel-du-grand-paris-debute-et-fait-des-remous-09-02-2024-R2APJ5OCXBGQ7PU7M5GJ2JSB3A.php\" target=\"_blank\" rel=\"noreferrer noopener\">immense port industriel du Grand Paris<\/a> en aval de la capitale, dans les Yvelines, va \u00eatre officiellement lanc\u00e9 le 25 septembre, apr\u00e8s un an et demi de travaux pr\u00e9paratoires. Mais les riverains, en particulier les habitants des communes d\u2019Ach\u00e8res, de Conflans-Sainte-Honorine, d\u2019Andr\u00e9sy et de Maurecourt, vont pouvoir le d\u00e9couvrir d\u00e8s le 20 septembre.<\/p>\n<p class=\"paragraph text_align_left lp-f-body-02\">Haropa Port, \u00e9tablissement public qui g\u00e8re les ports de Paris (<a href=\"https:\/\/www.leparisien.fr\/hauts-de-seine-92\/145-000-mouvements-enregistres-en-2024-au-port-de-gennevilliers-le-terminal-a-conteneurs-bat-un-nouveau-record-21-02-2025-54YPIJTTD5CTJBRX4E2WHA65JQ.php\" target=\"_self\" rel=\"noopener\">Gennevilliers<\/a>, Bonneuil-sur-Marne et Javel) et ceux de Rouen et du Havre (Seine-Maritime), profite des Journ\u00e9es europ\u00e9ennes du patrimoine pour pr\u00e9senter l\u2019ambitieux projet qu\u2019il porte entre les ports de Gennevilliers et de Limay-Porcheville. Et qui s\u2019\u00e9tend sur plus de 100 hectares\u2026<\/p>\n","protected":false},"excerpt":{"rendered":"L\u2019id\u00e9e a \u00e9merg\u00e9 il y a plus de vingt-cinq ans. Elle entre d\u00e9sormais, enfin, dans sa phase concr\u00e8te.&hellip;\n","protected":false},"author":2,"featured_media":376978,"comment_status":"","ping_status":"","sticky":false,"template":"","format":"standard","meta":{"footnotes":""},"categories":[1888],"tags":[11,1777,674,1011,27,1944,12,626,25,1938],"class_list":{"0":"post-376977","1":"post","2":"type-post","3":"status-publish","4":"format-standard","5":"has-post-thumbnail","7":"category-paris","8":"tag-actualites","9":"tag-eu","10":"tag-europe","11":"tag-fr","12":"tag-france","13":"tag-ma-ville","14":"tag-news","15":"tag-paris","16":"tag-republique-francaise","17":"tag-yvelines"},"share_on_mastodon":{"url":"https:\/\/pubeurope.com\/@fr\/115172699387808383","error":""},"_links":{"self":[{"href":"https:\/\/www.europesays.com\/fr\/wp-json\/wp\/v2\/posts\/376977","targetHints":{"allow":["GET"]}}],"collection":[{"href":"https:\/\/www.europesays.com\/fr\/wp-json\/wp\/v2\/posts"}],"about":[{"href":"https:\/\/www.europesays.com\/fr\/wp-json\/wp\/v2\/types\/post"}],"author":[{"embeddable":true,"href":"https:\/\/www.europesays.com\/fr\/wp-json\/wp\/v2\/users\/2"}],"replies":[{"embeddable":true,"href":"https:\/\/www.europesays.com\/fr\/wp-json\/wp\/v2\/comments?post=376977"}],"version-history":[{"count":0,"href":"https:\/\/www.europesays.com\/fr\/wp-json\/wp\/v2\/posts\/376977\/revisions"}],"wp:featuredmedia":[{"embeddable":true,"href":"https:\/\/www.europesays.com\/fr\/wp-json\/wp\/v2\/media\/376978"}],"wp:attachment":[{"href":"https:\/\/www.europesays.com\/fr\/wp-json\/wp\/v2\/media?parent=376977"}],"wp:term":[{"taxonomy":"category","embeddable":true,"href":"https:\/\/www.europesays.com\/fr\/wp-json\/wp\/v2\/categories?post=376977"},{"taxonomy":"post_tag","embeddable":true,"href":"https:\/\/www.europesays.com\/fr\/wp-json\/wp\/v2\/tags?post=376977"}],"curies":[{"name":"wp","href":"https:\/\/api.w.org\/{rel}","templated":true}]}}