{"id":376981,"date":"2025-09-09T05:32:11","date_gmt":"2025-09-09T05:32:11","guid":{"rendered":"https:\/\/www.europesays.com\/fr\/376981\/"},"modified":"2025-09-09T05:32:11","modified_gmt":"2025-09-09T05:32:11","slug":"la-france-et-lallemagne-veulent-sanctionner-un-peu-plus-le-petrole-russe","status":"publish","type":"post","link":"https:\/\/www.europesays.com\/fr\/376981\/","title":{"rendered":"La France et l\u2019Allemagne veulent sanctionner un peu plus le p\u00e9trole russe\u2026"},"content":{"rendered":"<p>La France et l\u2019Allemagne veulent encore plus sanctionner le p\u00e9trole russe<\/p>\n<p>La France et l\u2019Allemagne proposent que l&rsquo;Union europ\u00e9enne cible Lukoil, une compagnie p\u00e9troli\u00e8re russe pr\u00e9sente en Europe, ainsi que davantage d\u2019acteurs hors de l\u2019UE qui aident la Russie \u00e0 vendre son p\u00e9trole, dans le cadre du 19e paquet de sanctions en pr\u00e9paration, selon des sources diplomatiques lundi.<\/p>\n<p>Les ventes de p\u00e9trole et de gaz sont les principales sources de financement de l\u2019effort de guerre russe contre l\u2019Ukraine, soulignent ces deux pays dans un document de travail. Il est donc indispensable, selon eux, de cibler davantage les acteurs, soci\u00e9t\u00e9s ou pays tiers, au centre de ces ventes d\u2019hydrocarbures, y compris Lukoil, un des derniers groupes priv\u00e9s du secteur en Russie. Cette compagnie poss\u00e8de des stations-service dans l\u2019UE, notamment en Belgique.<\/p>\n<p>Kiev affirme qu\u2019un missile a \u00e9t\u00e9 utilis\u00e9 pour frapper le si\u00e8ge du gouvernement<\/p>\n<p>L\u2019attaque russe qui a endommag\u00e9 dimanche le si\u00e8ge du gouvernement ukrainien \u00e0 Kiev, une premi\u00e8re en plus de trois ans de guerre, a \u00e9t\u00e9 men\u00e9e avec un missile balistique Iskander, a indiqu\u00e9 lundi le bras droit de Volodymyr Zelensky. Andri\u00ef Iermak, chef de l\u2019administration pr\u00e9sidentielle ukrainienne, a pr\u00e9cis\u00e9 avoir \u00e9voqu\u00e9 cette attaque lors d\u2019un appel avec le chef de la diplomatie am\u00e9ricaine, Marco Rubio.<\/p>\n<p>Bienvenue dans ce nouveau Live<\/p>\n<p>Bonjour \u00e0 toutes et \u00e0 tous. Comme chaque jour, la r\u00e9daction de 20 Minutes est mobilis\u00e9e pour vous donner l\u2019ensemble des informations sur le conflit entre Kiev et Moscou.<\/p>\n<p>Voulue avec insistance par Donald Trump, la paix n\u2019est toujours pas \u00e0 l\u2019ordre du jour. Les n\u00e9gociations sont m\u00eame au point mort avec la recrudescence des attaques russes sur l\u2019Ukraine, visant notamment la capitale. Cette situation ne pla\u00eet pas du tout au locataire de la Maison-Blanche et, en Europe, Bruxelles s\u2019appr\u00eate \u00e0 imposer de nouvelles sanctions contre la Russie.<\/p>\n","protected":false},"excerpt":{"rendered":"La France et l\u2019Allemagne veulent encore plus sanctionner le p\u00e9trole russe La France et l\u2019Allemagne proposent que l&rsquo;Union&hellip;\n","protected":false},"author":2,"featured_media":376982,"comment_status":"","ping_status":"","sticky":false,"template":"","format":"standard","meta":{"footnotes":""},"categories":[1590],"tags":[47,11,75,73,1777,674,131,74,12,132,220,555,133,135,134],"class_list":{"0":"post-376981","1":"post","2":"type-post","3":"status-publish","4":"format-standard","5":"has-post-thumbnail","7":"category-ukraine","8":"tag-actualite","9":"tag-actualites","10":"tag-donald-trump","11":"tag-etats-unis","12":"tag-eu","13":"tag-europe","14":"tag-guerre-en-ukraine","15":"tag-monde","16":"tag-news","17":"tag-russie","18":"tag-ukraine","19":"tag-union-europeenne-ue","20":"tag-video","21":"tag-vladimir-poutine","22":"tag-volodymyr-zelensky"},"share_on_mastodon":{"url":"https:\/\/pubeurope.com\/@fr\/115172707140471805","error":""},"_links":{"self":[{"href":"https:\/\/www.europesays.com\/fr\/wp-json\/wp\/v2\/posts\/376981","targetHints":{"allow":["GET"]}}],"collection":[{"href":"https:\/\/www.europesays.com\/fr\/wp-json\/wp\/v2\/posts"}],"about":[{"href":"https:\/\/www.europesays.com\/fr\/wp-json\/wp\/v2\/types\/post"}],"author":[{"embeddable":true,"href":"https:\/\/www.europesays.com\/fr\/wp-json\/wp\/v2\/users\/2"}],"replies":[{"embeddable":true,"href":"https:\/\/www.europesays.com\/fr\/wp-json\/wp\/v2\/comments?post=376981"}],"version-history":[{"count":0,"href":"https:\/\/www.europesays.com\/fr\/wp-json\/wp\/v2\/posts\/376981\/revisions"}],"wp:featuredmedia":[{"embeddable":true,"href":"https:\/\/www.europesays.com\/fr\/wp-json\/wp\/v2\/media\/376982"}],"wp:attachment":[{"href":"https:\/\/www.europesays.com\/fr\/wp-json\/wp\/v2\/media?parent=376981"}],"wp:term":[{"taxonomy":"category","embeddable":true,"href":"https:\/\/www.europesays.com\/fr\/wp-json\/wp\/v2\/categories?post=376981"},{"taxonomy":"post_tag","embeddable":true,"href":"https:\/\/www.europesays.com\/fr\/wp-json\/wp\/v2\/tags?post=376981"}],"curies":[{"name":"wp","href":"https:\/\/api.w.org\/{rel}","templated":true}]}}