{"id":376991,"date":"2025-09-09T05:37:11","date_gmt":"2025-09-09T05:37:11","guid":{"rendered":"https:\/\/www.europesays.com\/fr\/376991\/"},"modified":"2025-09-09T05:37:11","modified_gmt":"2025-09-09T05:37:11","slug":"schema-directeur-pour-la-gestion-des-crises-de-cybersecurite-au-sein-de-lue","status":"publish","type":"post","link":"https:\/\/www.europesays.com\/fr\/376991\/","title":{"rendered":"Sch\u00e9ma directeur pour la gestion des crises de cybers\u00e9curit\u00e9 au sein de l&rsquo;UE"},"content":{"rendered":"<p>\n            Les technologies num\u00e9riques et la connectivit\u00e9 mondiale sont essentielles \u00e0 la croissance \u00e9conomique de l&rsquo;Union europ\u00e9enne. Toutefois, elles accroissent \u00e9galement le risque d\u2019incidents de cybers\u00e9curit\u00e9 et de cyberattaques qui menacent directement la s\u00e9curit\u00e9, l\u2019\u00e9conomie et la soci\u00e9t\u00e9 de l\u2019UE, avec d&#8230;\n    <\/p>\n<p>Une erreur s&rsquo;est produite. Veuillez r\u00e9essayer ult\u00e9rieurement<\/p>\n","protected":false},"excerpt":{"rendered":"Les technologies num\u00e9riques et la connectivit\u00e9 mondiale sont essentielles \u00e0 la croissance \u00e9conomique de l&rsquo;Union europ\u00e9enne. Toutefois, elles&hellip;\n","protected":false},"author":2,"featured_media":376992,"comment_status":"","ping_status":"","sticky":false,"template":"","format":"standard","meta":{"footnotes":""},"categories":[1586],"tags":[11,51065,1777,674,1779,1011,27,12,15932,25,1778,364],"class_list":{"0":"post-376991","1":"post","2":"type-post","3":"status-publish","4":"format-standard","5":"has-post-thumbnail","7":"category-europe","8":"tag-actualites","9":"tag-compta-audit","10":"tag-eu","11":"tag-europe","12":"tag-european-union","13":"tag-fr","14":"tag-france","15":"tag-news","16":"tag-profession","17":"tag-republique-francaise","18":"tag-ue","19":"tag-union-europeenne"},"share_on_mastodon":{"url":"https:\/\/pubeurope.com\/@fr\/115172726735893605","error":""},"_links":{"self":[{"href":"https:\/\/www.europesays.com\/fr\/wp-json\/wp\/v2\/posts\/376991","targetHints":{"allow":["GET"]}}],"collection":[{"href":"https:\/\/www.europesays.com\/fr\/wp-json\/wp\/v2\/posts"}],"about":[{"href":"https:\/\/www.europesays.com\/fr\/wp-json\/wp\/v2\/types\/post"}],"author":[{"embeddable":true,"href":"https:\/\/www.europesays.com\/fr\/wp-json\/wp\/v2\/users\/2"}],"replies":[{"embeddable":true,"href":"https:\/\/www.europesays.com\/fr\/wp-json\/wp\/v2\/comments?post=376991"}],"version-history":[{"count":0,"href":"https:\/\/www.europesays.com\/fr\/wp-json\/wp\/v2\/posts\/376991\/revisions"}],"wp:featuredmedia":[{"embeddable":true,"href":"https:\/\/www.europesays.com\/fr\/wp-json\/wp\/v2\/media\/376992"}],"wp:attachment":[{"href":"https:\/\/www.europesays.com\/fr\/wp-json\/wp\/v2\/media?parent=376991"}],"wp:term":[{"taxonomy":"category","embeddable":true,"href":"https:\/\/www.europesays.com\/fr\/wp-json\/wp\/v2\/categories?post=376991"},{"taxonomy":"post_tag","embeddable":true,"href":"https:\/\/www.europesays.com\/fr\/wp-json\/wp\/v2\/tags?post=376991"}],"curies":[{"name":"wp","href":"https:\/\/api.w.org\/{rel}","templated":true}]}}