{"id":377008,"date":"2025-09-09T05:50:10","date_gmt":"2025-09-09T05:50:10","guid":{"rendered":"https:\/\/www.europesays.com\/fr\/377008\/"},"modified":"2025-09-09T05:50:10","modified_gmt":"2025-09-09T05:50:10","slug":"valerie-lemercier-de-nouveau-dechainee-dans-quotidien","status":"publish","type":"post","link":"https:\/\/www.europesays.com\/fr\/377008\/","title":{"rendered":"Val\u00e9rie Lemercier de nouveau d\u00e9cha\u00een\u00e9e dans \u00abQuotidien\u00bb"},"content":{"rendered":"<p>    Val\u00e9rie Lemercier dans \u00abQuotidien\u00bb<br \/>\n                Capture \u00e9cran<\/p>\n<p>L\u2019humoriste a poursuivi la plaisanterie, sur sa grossesse fictive, commenc\u00e9e en mars dernier sur le plateau du talk-show anim\u00e9 par Yann Barth\u00e8s sur TMC.<\/p>\n<p class=\"fig-paragraph\">\u00abLa derni\u00e8re fois, je vous avais annonc\u00e9 un heureux \u00e9v\u00e8nement\u00bb, rappelle ce lundi 8 septembre\u00a0<a href=\"http:\/\/tvmag.lefigaro.fr\/programme-tv\/people\/sans-poil-sans-gemissement-la-clause-que-valerie-lemercier-impose-avant-de-signer-pour-un-film-20250411\" target=\"_blank\" data-fig-type=\"Article\" rel=\"noopener\" data-gtm-custom-categorie=\"navigation\" data-gtm-custom-action=\"crossclick\" data-gtm-custom-label=\"Contextuel\" data-gtm-event=\"customEventSPE\" data-fig-domain=\"TVMAG\"><strong>Val\u00e9rie Lemercier<\/strong><\/a> . En effet, en mars dernier, l\u2019humoriste avait\u00a0<a href=\"https:\/\/madame.lefigaro.fr\/celebrites\/actu-people\/j-attends-mon-premier-enfant-a-61-ans-sans-pma-sans-gpa-et-sans-relation-sexuelle-valerie-lemercier-presente-son-nouveau-spectacle-avec-humour-20250319\" target=\"_blank\" data-fig-type=\"Article\" rel=\"noopener\" data-gtm-custom-categorie=\"navigation\" data-gtm-custom-action=\"crossclick\" data-gtm-custom-label=\"Contextuel\" data-gtm-event=\"customEventSPE\" data-fig-domain=\"MADAME\">marqu\u00e9 les esprits<\/a>\u00a0sur le plateau de \u00abQuotidien\u00bb en annon\u00e7ant\u00a0: \u00abJ\u2019attends mon premier enfant \u00e0 61 ans, sans PMA, sans GPA et sans relation sexuelle\u00bb. Ce soir, elle a d\u00e9cid\u00e9 de poursuivre la vanne.<\/p>\n<p class=\"fig-paragraph\">\u00abAlors j\u2019ai v\u00e9rifi\u00e9 et en fait, je suis constip\u00e9e depuis 5 mois\u00bb, annonce-t-elle de but en blanc avec le ton caustique qu\u2019on lui conna\u00eet. \u00abC\u2019\u00e9tait une bonne constipation, pas une selle pendant 5 mois\u00bb, insiste-t-elle. \u00ab\u00c7a fait beaucoup\u00bb, reconna\u00eet-elle.<\/p>\n<p>                                    <a class=\"fig-a11y-skip a11y-hidden\" href=\"#fig-a11y-skip-main-inarticle\"><br \/>\n        Passer la publicit\u00e9<br \/>\n    <\/a><\/p>\n<p>\u00abRevendre sur Vinted\u00bb<\/p>\n<p class=\"fig-paragraph\">\u00abJe suis d\u00e9sol\u00e9e, j\u2019ai re\u00e7u beaucoup de cadeaux\u00bb, poursuit-elle avant d\u2019\u00e9num\u00e9rer les pr\u00e9sents fictifs\u00a0: \u00abIl y a la maison Dior qui m\u2019a offert un chauffe-biberon en argent, j\u2019ai re\u00e7u de la layette&#8230; Enfin beaucoup de cadeaux.\u00bb<\/p>\n<p class=\"fig-paragraph\">Mais, h\u00e9las pour Val\u00e9rie Lemercier, il va falloir \u00abrendre tout \u00e7a\u00bb. \u00abOu plut\u00f4t revendre sur Vinted\u00bb, lui sugg\u00e8re\u00a0<a href=\"http:\/\/tvmag.lefigaro.fr\/programme-tv\/actu-tele\/il-y-a-des-nouveautes-yann-barthes-devoile-l-identite-des-quatre-humoristes-qui-rejoignent-quotidien-20250830\" target=\"_blank\" data-fig-type=\"Article\" rel=\"noopener\" data-gtm-custom-categorie=\"navigation\" data-gtm-custom-action=\"crossclick\" data-gtm-custom-label=\"Contextuel\" data-gtm-event=\"customEventSPE\" data-fig-domain=\"TVMAG\">Yann Barth\u00e8s<\/a>\u00a0en \u00e9voquant la c\u00e9l\u00e8bre application de seconde main. L\u2019animateur du talk-show de TMC s\u2019amuse beaucoup \u00e0 participer au spectacle apr\u00e8s avoir comment\u00e9 l\u2019actualit\u00e9 politique et la chute de Fran\u00e7ois Bayrou.<\/p>\n<p class=\"fig-paragraph\">\u00c0 chacun de ses passages, Val\u00e9rie Lemercier fait mouche. En avril dernier dans \u00abC \u00e0 vous\u00bb sur France 5, pour la promotion d\u2019Aimons-nous vivants\u00a0r\u00e9alis\u00e9 par Jean-Pierre Am\u00e9ris, elle avait \u00e9voqu\u00e9 un crit\u00e8re non n\u00e9gociable dans le sc\u00e9nario avant de signer pour un film. \u00abRegardez les contrats aupr\u00e8s de mon agent. J\u2019ai une clause \u201csans poil, sans g\u00e9missement\u201d\u00bb, avait-elle expliqu\u00e9\u00a0<a href=\"http:\/\/tvmag.lefigaro.fr\/programme-tv\/people\/sans-poil-sans-gemissement-la-clause-que-valerie-lemercier-impose-avant-de-signer-pour-un-film-20250411\" target=\"_blank\" data-fig-type=\"Article\" rel=\"noopener\" data-gtm-custom-categorie=\"navigation\" data-gtm-custom-action=\"crossclick\" data-gtm-custom-label=\"Contextuel\" data-gtm-event=\"customEventSPE\" data-fig-domain=\"TVMAG\">face \u00e0 Anne-\u00c9lisabeth Lemoine<\/a>.<\/p>\n","protected":false},"excerpt":{"rendered":"Val\u00e9rie Lemercier dans \u00abQuotidien\u00bb Capture \u00e9cran L\u2019humoriste a poursuivi la plaisanterie, sur sa grossesse fictive, commenc\u00e9e en mars&hellip;\n","protected":false},"author":2,"featured_media":377009,"comment_status":"","ping_status":"","sticky":false,"template":"","format":"standard","meta":{"footnotes":""},"categories":[1359],"tags":[58,59,1011,27,973,8648,4094,1405],"class_list":{"0":"post-377008","1":"post","2":"type-post","3":"status-publish","4":"format-standard","5":"has-post-thumbnail","7":"category-people","8":"tag-divertissement","9":"tag-entertainment","10":"tag-fr","11":"tag-france","12":"tag-people","13":"tag-tmc","14":"tag-valerie-lemercier","15":"tag-yann-barthes"},"share_on_mastodon":{"url":"https:\/\/pubeurope.com\/@fr\/115172777846765921","error":""},"_links":{"self":[{"href":"https:\/\/www.europesays.com\/fr\/wp-json\/wp\/v2\/posts\/377008","targetHints":{"allow":["GET"]}}],"collection":[{"href":"https:\/\/www.europesays.com\/fr\/wp-json\/wp\/v2\/posts"}],"about":[{"href":"https:\/\/www.europesays.com\/fr\/wp-json\/wp\/v2\/types\/post"}],"author":[{"embeddable":true,"href":"https:\/\/www.europesays.com\/fr\/wp-json\/wp\/v2\/users\/2"}],"replies":[{"embeddable":true,"href":"https:\/\/www.europesays.com\/fr\/wp-json\/wp\/v2\/comments?post=377008"}],"version-history":[{"count":0,"href":"https:\/\/www.europesays.com\/fr\/wp-json\/wp\/v2\/posts\/377008\/revisions"}],"wp:featuredmedia":[{"embeddable":true,"href":"https:\/\/www.europesays.com\/fr\/wp-json\/wp\/v2\/media\/377009"}],"wp:attachment":[{"href":"https:\/\/www.europesays.com\/fr\/wp-json\/wp\/v2\/media?parent=377008"}],"wp:term":[{"taxonomy":"category","embeddable":true,"href":"https:\/\/www.europesays.com\/fr\/wp-json\/wp\/v2\/categories?post=377008"},{"taxonomy":"post_tag","embeddable":true,"href":"https:\/\/www.europesays.com\/fr\/wp-json\/wp\/v2\/tags?post=377008"}],"curies":[{"name":"wp","href":"https:\/\/api.w.org\/{rel}","templated":true}]}}