{"id":377012,"date":"2025-09-09T05:53:11","date_gmt":"2025-09-09T05:53:11","guid":{"rendered":"https:\/\/www.europesays.com\/fr\/377012\/"},"modified":"2025-09-09T05:53:11","modified_gmt":"2025-09-09T05:53:11","slug":"avec-son-compagnon-mickael-coralie-maries-au-premier-regard-installee-dans-un-riad-de-1500m%c2%b2-au-maroc-quelle-partage-avec-un-autre-couple","status":"publish","type":"post","link":"https:\/\/www.europesays.com\/fr\/377012\/","title":{"rendered":"Avec son compagnon Micka\u00ebl, Coralie (Mari\u00e9s au premier regard) install\u00e9e dans un riad de 1500m\u00b2 au Maroc qu&rsquo;elle partage avec un autre couple !"},"content":{"rendered":"<p>            <img loading=\"lazy\" decoding=\"async\" src=\"https:\/\/www.europesays.com\/fr\/wp-content\/uploads\/2025\/04\/67-60dc2d2db82b7-35x35-1.jpg\" class=\"author-article-picture\" width=\"35\" height=\"35\"\/><\/p>\n<p>                Par<br \/>\n                                    <a class=\"author-article-bio-link\" href=\"https:\/\/www.purepeople.com\/auteur\/hiba-semali_a67\" rel=\"nofollow noopener\" target=\"_blank\">Hiba Semali<\/a><br \/>\n                                                    | R\u00e9dactrice<\/p>\n<p>\n                Rattach\u00e9e \u00e0 la rubrique t\u00e9l\u00e9, Hiba Semali se consacre au petit \u00e9cran. The Voice, Koh-Lanta, Top Chef, Secret Story, Star Academy ou encore Les Marseillais n&rsquo;ont aucun secret pour elle.\n            <\/p>\n<p>\n    Son m\u00e9tier, sa famille, ses habitudes&#8230; Elle a tout quitt\u00e9 par amour pour Micka\u00ebl. Coralie, candidate de la derni\u00e8re saison de \u00ab\u00a0Mari\u00e9s au premier regard\u00a0\u00bb a d\u00e9but\u00e9 une nouvelle vie pr\u00e8s de Marrakech, loin de son Var. Et sur place, elle vit dans un v\u00e9ritable palace !\n<\/p>\n<p>                            <img loading=\"lazy\" decoding=\"async\" class=\"player-thumbnail\" src=\"https:\/\/www.europesays.com\/fr\/wp-content\/uploads\/2025\/09\/ee981c7ea6d546b2-580x326-2.jpg\" width=\"580\" height=\"326\"\/><\/p>\n<p>                    Avec son compagnon Micka\u00ebl, Coralie (Mari\u00e9s au premier regard) install\u00e9e dans un riad de 1500m\u00b2 au Maroc qu&rsquo;elle partage avec un autre couple !<\/p>\n<p>La suite apr\u00e8s la publicit\u00e9<\/p>\n<p>En participant \u00e0 <strong>Mari\u00e9s au premier regard<\/strong>, <strong>Coralie <\/strong>ne s&rsquo;imaginait pas une seconde de la tournure que prendrait sa vie. <a href=\"https:\/\/www.purepeople.com\/article\/coralie-et-bruno-maries-au-premier-regard-toujours-maries-depuis-la-fin-du-tournage-on-connait-leur-vrai-bilan_a539428\/1\" rel=\"nofollow noopener\" target=\"_blank\">Devant les cam\u00e9ras de M6, elle a \u00e9pous\u00e9 Bruno<\/a>, avec qui les experts l&rsquo;avaient jug\u00e9e compatible \u00e0 78%. Mais, finalement, le couple n&rsquo;a pas dur\u00e9. C&rsquo;est alors qu&rsquo;<a href=\"https:\/\/www.purepeople.com\/article\/je-lai-retrouve-grace-a-lemission-coralie-maries-au-premier-regard-2025-est-de-nouveau-en-couple-bruno-donne-son-avis-sur-son-compagnon_a539528\/1\" rel=\"nofollow noopener\" target=\"_blank\">un homme de son pass\u00e9 a refait surface<\/a> : un certain <a href=\"https:\/\/www.purepeople.com\/article\/javais-une-famille-des-enfants-le-nouveau-compagnon-de-coralie-maries-au-premier-regard-deja-engage-lors-de-leur-rencontre_a540470\/1\" rel=\"nofollow noopener\" target=\"_blank\">Micka\u00ebl, \u00e0 l&rsquo;\u00e9poque mari\u00e9 et p\u00e8re de famille<\/a>. Entre eux, tout est all\u00e9 tr\u00e8s vite. Au point que la jeune femme venue du Var a tout plaqu\u00e9 pour s&rsquo;installer avec lui au Maroc, o\u00f9 il a repris l&rsquo;activit\u00e9 familiale.\u00a0<\/p>\n<p>Jeudi 4 septembre dernier, en story sur son compte Instagram, Coralie a donn\u00e9 de ses nouvelles. Cette fois, il n&rsquo;est pas question de raconter comment <a href=\"https:\/\/www.purepeople.com\/article\/au-maroc-coralie-maries-au-premier-regard-et-son-compagnon-recales-dun-restaurant-on-est-oblige-de-manger-dehors_a541640\/1\" rel=\"nofollow noopener\" target=\"_blank\">elle, son amoureux et son petit chien ont \u00e9t\u00e9 recal\u00e9s d&rsquo;un restaurant<\/a> au Maroc mais plut\u00f4t d&rsquo;\u00e9voquer son cadre de vie de l&rsquo;autre c\u00f4t\u00e9 de la M\u00e9diterran\u00e9e. L&rsquo;occasion pour elle d&rsquo;expliquer qu&rsquo;elle vit sur place avec Micka\u00ebl, mais pas que. En effet, les parents de ce dernier sont \u00e9galement install\u00e9s au m\u00eame endroit et les deux couples cohabitent ensemble. \u00ab\u00a0Ils sont adorables. Ils font tout pour que je me sente chez moi et que l&rsquo;on soit bien. <strong>C&rsquo;est une p\u00e9riode de transition pour mettre en place notre projet<\/strong>. Car nous avons un tr\u00e8s beau projet qu&rsquo;il nous tient \u00e0 c\u0153ur de r\u00e9aliser pour notre chez nous\u00a0\u00bb, indique-t-elle alors.<\/p>\n<p>Coralie (Mari\u00e9s au premier regard) loin d&rsquo;\u00eatre \u00e0 l&rsquo;\u00e9troit au Maroc avec Micka\u00ebl !<\/p>\n<p>Coralie n&rsquo;a donc pas seulement rejoint son compagnon Micka\u00ebl pr\u00e8s du village de Tahannaout, non loin de Marrakech. En effet, sur place, elle a \u00e9galement retrouv\u00e9 ses beaux-parents. Mais la demeure de son cher et tendre n&rsquo;est pas \u00e9troite, il y a de la place pour tout le monde ! \u00ab\u00a0<strong>Cette maison est un riad<\/strong> et a \u00e9t\u00e9 con\u00e7ue pour \u00eatre un h\u00f4tel. <strong>Il fait 1500 m\u00b2<\/strong>, alors autant vous dire que l&rsquo;on ne se marche pas dessus\u00a0\u00bb, pr\u00e9cise <a href=\"https:\/\/www.purepeople.com\/article\/coralie-maries-au-premier-regard-a-tout-plaque-pour-son-nouveau-compagnon-partie-au-maroc-va-t-elle-continuer-dexercer-son-metier_a541518\/1\" rel=\"nofollow noopener\" target=\"_blank\">l&rsquo;infirmi\u00e8re lib\u00e9rale qui met entre parenth\u00e8ses son m\u00e9tier<\/a> le temps de l&rsquo;installation au Maroc. Dans un espace si vaste, il y a de la place pour quatre mais aussi pour bien plus. D&rsquo;ailleurs, ils ne se privent pas d&rsquo;inviter des proches r\u00e9guli\u00e8rement. \u00ab\u00a0Apr\u00e8s, on a toujours du monde qui vient nous voir. On adore partager, alors on profite du moment pleinement en attendant la prochaine \u00e9tape\u00a0\u00bb, ajoute-t-elle. Au-del\u00e0 du projet qu&rsquo;elle \u00e9voquait plus t\u00f4t, Coralie avait indiqu\u00e9 vouloir \u00e9galement agrandir la famille. Car si Micka\u00ebl est d\u00e9j\u00e0 papa de trois enfants n\u00e9s d&rsquo;une pr\u00e9c\u00e9dente relation, ce n&rsquo;est pas encore de la jeune femme&#8230;<\/p>\n","protected":false},"excerpt":{"rendered":"Par Hiba Semali | R\u00e9dactrice Rattach\u00e9e \u00e0 la rubrique t\u00e9l\u00e9, Hiba Semali se consacre au petit \u00e9cran. The&hellip;\n","protected":false},"author":2,"featured_media":377013,"comment_status":"","ping_status":"","sticky":false,"template":"","format":"standard","meta":{"footnotes":""},"categories":[1356],"tags":[58,59,1011,27,252,1364],"class_list":{"0":"post-377012","1":"post","2":"type-post","3":"status-publish","4":"format-standard","5":"has-post-thumbnail","7":"category-television","8":"tag-divertissement","9":"tag-entertainment","10":"tag-fr","11":"tag-france","12":"tag-television","13":"tag-tv"},"share_on_mastodon":{"url":"https:\/\/pubeurope.com\/@fr\/115172789867277945","error":""},"_links":{"self":[{"href":"https:\/\/www.europesays.com\/fr\/wp-json\/wp\/v2\/posts\/377012","targetHints":{"allow":["GET"]}}],"collection":[{"href":"https:\/\/www.europesays.com\/fr\/wp-json\/wp\/v2\/posts"}],"about":[{"href":"https:\/\/www.europesays.com\/fr\/wp-json\/wp\/v2\/types\/post"}],"author":[{"embeddable":true,"href":"https:\/\/www.europesays.com\/fr\/wp-json\/wp\/v2\/users\/2"}],"replies":[{"embeddable":true,"href":"https:\/\/www.europesays.com\/fr\/wp-json\/wp\/v2\/comments?post=377012"}],"version-history":[{"count":0,"href":"https:\/\/www.europesays.com\/fr\/wp-json\/wp\/v2\/posts\/377012\/revisions"}],"wp:featuredmedia":[{"embeddable":true,"href":"https:\/\/www.europesays.com\/fr\/wp-json\/wp\/v2\/media\/377013"}],"wp:attachment":[{"href":"https:\/\/www.europesays.com\/fr\/wp-json\/wp\/v2\/media?parent=377012"}],"wp:term":[{"taxonomy":"category","embeddable":true,"href":"https:\/\/www.europesays.com\/fr\/wp-json\/wp\/v2\/categories?post=377012"},{"taxonomy":"post_tag","embeddable":true,"href":"https:\/\/www.europesays.com\/fr\/wp-json\/wp\/v2\/tags?post=377012"}],"curies":[{"name":"wp","href":"https:\/\/api.w.org\/{rel}","templated":true}]}}