{"id":377015,"date":"2025-09-09T05:57:36","date_gmt":"2025-09-09T05:57:36","guid":{"rendered":"https:\/\/www.europesays.com\/fr\/377015\/"},"modified":"2025-09-09T05:57:36","modified_gmt":"2025-09-09T05:57:36","slug":"cet-acteur-emblematique-des-films-harry-potter-va-reprendre-son-role-dans-la-serie-de-hbo-parismatch-be","status":"publish","type":"post","link":"https:\/\/www.europesays.com\/fr\/377015\/","title":{"rendered":"Cet acteur embl\u00e9matique des films &quot;Harry Potter&quot; va reprendre son r\u00f4le dans la s\u00e9rie de HBO &#8211; parismatch.be"},"content":{"rendered":"<ol>\n<li><a href=\"https:\/\/news.google.com\/rss\/articles\/CBMi_gFBVV95cUxOR3FTNTh1N1V4RWJPWThyWXhkdENVUmZmMU9BMlZjdVNsd3FOM2RlZlRCSXc5NnMzWTRJNkFPSFZlX3hwNENmTzM1MlJBU1EtWE14alhWMm1jQ19WeXkyVFVuNVVJOE1pek9pMXhPbVRhSWVhekZYZXptNEx2RzBPMmFyXzRYUUNPUGt1Vjlfc083NTNVQXU5ZnBubmFYaHpoazliTElBbk5kZ0hTdXVQOTZvRVl5UkE4Vy14eFp6ZHE5Sjh1UnIyUHBURVd5ZzBEcG1fVWxyTEE1aWttUmZCVmtFdE1GT2ttLUVSellKZ2g3OHVGdTRzZHIwQUxOUQ?oc=5\" target=\"_blank\" rel=\"nofollow noopener\">Cet acteur embl\u00e9matique des films \u00ab\u00a0Harry Potter\u00a0\u00bb va reprendre son r\u00f4le dans la s\u00e9rie de HBO<\/a>&nbsp;&nbsp;parismatch.be<\/li>\n<li><a href=\"https:\/\/news.google.com\/rss\/articles\/CBMi0AFBVV95cUxOM1c0X2ZtRV84ZXVvenFJSU9yanRuWFBGTElnREdzYTBOR282REhYMmlPNThyRldTd0RhbHFBUlJDZWFvSEJIbElfM1dfTG1XcTVzd0w2MHA4T3k1SU01aXNTSk84dU0wRWppNGZnRDBuVzhmU0J5cXd2Sm1HNWFnelFBU00wVGVBQXBLSVpPZzYtOUFkSWZqRy1CY2lmTnl1TGw4bThCUTBrbHcxdXY0a1FtRmwyUTdYTTB0Z3psYVNSX0xza1lVZDFDRUZlQ1Zh?oc=5\" target=\"_blank\" rel=\"nofollow noopener\">Une star des films Harry Potter va reprendre son r\u00f4le dans la s\u00e9rie t\u00e9l\u00e9vis\u00e9e HBO<\/a>&nbsp;&nbsp;IGN<\/li>\n<li><a href=\"https:\/\/news.google.com\/rss\/articles\/CBMiwwFBVV95cUxQdWxLT2FsLUdsQ0M5UVJQOUZJdTM3MG5XXzlDWi10WGtRSkJOWkRwXzBNYk5pTm5KRE5qMXowV29nczExRUEzOF9JSHJKcmVUMDE0SFpBSThTNFBkS3RnOGE5aWx5SmthcjJsaFNmSXNHekUwYmgwSUNIWnhCVm80US1CUDh5em11aldiRVNYNkdidGtFcjY1VE1pdFd3MWRPU3lNcW5qQlFGdkNzbEh3WkpzZnZOOUp5NjBSU05OX2VsbUE?oc=5\" target=\"_blank\" rel=\"nofollow noopener\">Warwick Davis reprend son r\u00f4le dans la s\u00e9rie \u00ab Harry Potter \u00bb<\/a>&nbsp;&nbsp;20 Minutes<\/li>\n<li><a href=\"https:\/\/news.google.com\/rss\/articles\/CBMi1gFBVV95cUxQS0hZeDZ1aEszVURwN0RVcjhxdkpqRko2LXZFSVBueThzVWpiVldZNnNEU29NYmg1a0s1UHA1X3huRzhyeVY5eWVPUzItS0JBcmU1OEV5WWhndU9uMi1aWW5hcTMwMUxJc0RCNnpTUGxlUzJkWjMxQVpCSEZIS0FLWGVHeTQyZEJiVGF3aVNHaVZ2cnc0bTdjT3I3V2Y1VXl2UmN2WHdvSDZvdk1xQzJIc2tUX0pOczFES2FZWG8tb3ZMTHB4XzNMZnhEakpLSmpjOXJQUGpn?oc=5\" target=\"_blank\" rel=\"nofollow noopener\">Cet acteur culte des films Harry Potter reprend son r\u00f4le dans la s\u00e9rie attendue en 2027<\/a>&nbsp;&nbsp;programme-tv.net<\/li>\n<li><a href=\"https:\/\/news.google.com\/rss\/articles\/CBMipAJBVV95cUxPcWJuOHBRbG9HM1c5OEE3US1ncmpjdjRtaU54SjltTlplR3o4c2hyT2UxNEZGQzVfLWxwLTlXVkVwNkVKUUFoNHRDNElfQ0RranhnZ2FadU1PT0VwSjFIc3Ixd01TMHFScEtYTzhMZDRxQ1FXUnFpVWM5VS0zZVFOc0NXMWFnN0pPMFFwWFdCdFdDd0tPRkRNMGcwZXBVV3FDTkQ3OEdIbjdKV0wzR1JnNjZvRG93NnBickJwTDg0M01Ra0tZNEFHeW81dzVqa0FzemRZM3dpTEdHLW5neTZZaUFmNnVaRmJfeVEyd1VXVXVBVzZTQlhNU1V6N3M2VHZ0cTNDb0pfRzByMFNwTjJrRVZZbXlmYk9jbmVseEdlUVotcC1m?oc=5\" target=\"_blank\" rel=\"nofollow noopener\">\u00ab\u00a0Il n&rsquo;y a plus rien \u00e0 faire pour moi\u00a0\u00bb : le r\u00e9alisateur de la saga refuse de participer \u00e0 la s\u00e9rie Harry Potter<\/a>&nbsp;&nbsp;Portail Orange<\/li>\n<\/ol>\n","protected":false},"excerpt":{"rendered":"Cet acteur embl\u00e9matique des films \u00ab\u00a0Harry Potter\u00a0\u00bb va reprendre son r\u00f4le dans la s\u00e9rie de HBO&nbsp;&nbsp;parismatch.be Une star&hellip;\n","protected":false},"author":2,"featured_media":1445,"comment_status":"","ping_status":"","sticky":false,"template":"","format":"standard","meta":{"footnotes":""},"categories":[1354],"tags":[58,59,1346,1011,27,1360],"class_list":{"0":"post-377015","1":"post","2":"type-post","3":"status-publish","4":"format-standard","5":"has-post-thumbnail","7":"category-films","8":"tag-divertissement","9":"tag-entertainment","10":"tag-films","11":"tag-fr","12":"tag-france","13":"tag-movies"},"share_on_mastodon":{"url":"https:\/\/pubeurope.com\/@fr\/115172805355519514","error":""},"_links":{"self":[{"href":"https:\/\/www.europesays.com\/fr\/wp-json\/wp\/v2\/posts\/377015","targetHints":{"allow":["GET"]}}],"collection":[{"href":"https:\/\/www.europesays.com\/fr\/wp-json\/wp\/v2\/posts"}],"about":[{"href":"https:\/\/www.europesays.com\/fr\/wp-json\/wp\/v2\/types\/post"}],"author":[{"embeddable":true,"href":"https:\/\/www.europesays.com\/fr\/wp-json\/wp\/v2\/users\/2"}],"replies":[{"embeddable":true,"href":"https:\/\/www.europesays.com\/fr\/wp-json\/wp\/v2\/comments?post=377015"}],"version-history":[{"count":0,"href":"https:\/\/www.europesays.com\/fr\/wp-json\/wp\/v2\/posts\/377015\/revisions"}],"wp:featuredmedia":[{"embeddable":true,"href":"https:\/\/www.europesays.com\/fr\/wp-json\/wp\/v2\/media\/1445"}],"wp:attachment":[{"href":"https:\/\/www.europesays.com\/fr\/wp-json\/wp\/v2\/media?parent=377015"}],"wp:term":[{"taxonomy":"category","embeddable":true,"href":"https:\/\/www.europesays.com\/fr\/wp-json\/wp\/v2\/categories?post=377015"},{"taxonomy":"post_tag","embeddable":true,"href":"https:\/\/www.europesays.com\/fr\/wp-json\/wp\/v2\/tags?post=377015"}],"curies":[{"name":"wp","href":"https:\/\/api.w.org\/{rel}","templated":true}]}}