{"id":377020,"date":"2025-09-09T06:02:12","date_gmt":"2025-09-09T06:02:12","guid":{"rendered":"https:\/\/www.europesays.com\/fr\/377020\/"},"modified":"2025-09-09T06:02:12","modified_gmt":"2025-09-09T06:02:12","slug":"dany-boon-apres-sa-separation-avec-laurence-arne-lacteur-officialise-sa-relation-avec-sa-nouvelle-cherie-clara-vello","status":"publish","type":"post","link":"https:\/\/www.europesays.com\/fr\/377020\/","title":{"rendered":"Dany Boon\u00a0: apr\u00e8s sa s\u00e9paration avec Laurence Arn\u00e9, l&rsquo;acteur officialise sa relation avec sa nouvelle ch\u00e9rie Clara Vello"},"content":{"rendered":"<p>C&rsquo;est l&rsquo;<strong><a href=\"https:\/\/www.public.fr\/dany-boon-la-veille-de-la-mort-de-son-pere-il-a-vecu-un-miracle\" rel=\"nofollow noopener\" target=\"_blank\">un des Ch&#8217;tis les plus c\u00e9l\u00e8bres de France<\/a><\/strong>. Professionnellement, tout semble aller pour le mieux pour Dany Boon que les spectateurs peuvent retrouver au moins <strong>une fois par an au cin\u00e9ma<\/strong>. Ainsi, l&rsquo;an dernier, a-t-on pu le voir dans Les Ch\u00e8vres\u00a0! de Fred Cavay\u00e9 mais aussi dans La Famille Hennedricks de <strong>Laurence Arn\u00e9<\/strong> qui, \u00e0 l&rsquo;\u00e9poque, \u00e9tait sa compagne. \u00ab\u00a0\u00c9tait\u00a0\u00bb car, en effet, c&rsquo;est d\u00e9sormais de l&rsquo;histoire ancienne. Apr\u00e8s <strong>six ans de relation<\/strong>, <a href=\"https:\/\/www.public.fr\/une-demande-en-mariage-qui-ne-venait-pas-dany-boon-la-raison-de-sa-recente-rupture-devoilee\" rel=\"nofollow noopener\" target=\"_blank\">leur idylle a pris fin<\/a>.<\/p>\n<p>C&rsquo;est <a href=\"https:\/\/www.public.fr\/je-suis-tres-heureuse-laurence-arne-apres-sa-rupture-avec-dany-boon-sa-nouvelle-vie-au-cote-de-clovis-cornillac\" rel=\"nofollow noopener\" target=\"_blank\">la r\u00e9alisatrice<\/a> en personne qui l&rsquo;a annonc\u00e9 dans les colonnes de La Tribune Dimanche en janvier dernier\u00a0: \u00ab\u00a0Il faut faire attention \u00e0 ne pas se sacrifier et oublier son \u00e9panouissement personnel. Je l&rsquo;ai v\u00e9cu avec le p\u00e8re de mon fils et avec tous mes autres partenaires. <strong>Si l&rsquo;on n&rsquo;est plus en phase avec ses \u00e9motions, avec ses principes, il vaut mieux se s\u00e9parer<\/strong>\u00ab\u00a0, avait-elle confi\u00e9 alors que <a href=\"https:\/\/www.public.fr\/plus-en-phase-avec-ses-principes-laurence-arne-confirme-sa-rupture-avec-dany-boon\" rel=\"nofollow noopener\" target=\"_blank\">tous les deux<\/a> s&rsquo;\u00e9taient rencontr\u00e9s en 2018 sur le tournage de La Ch&rsquo;tite famille.<\/p>\n<p>Une s\u00e9paration \u00e0 demi-mot que <a href=\"https:\/\/www.public.fr\/je-reviendrai-pour-hanter-ce-connard-dany-boon-regle-ses-comptes-avec-lauteur-dune-terrible-fake-news\" rel=\"nofollow noopener\" target=\"_blank\">l&rsquo;humoriste de 59 ans<\/a>, lui, <strong>n&rsquo;a jamais confirm\u00e9<\/strong> laissant planer le doute mais, ce 8\u00a0septembre, ce dernier a pris le taureau par les cornes. En effet, ce n&rsquo;est<strong> pas seul <\/strong>qu&rsquo;il a assist\u00e9 \u00e0 la projection de son prochain film mais <strong>en tr\u00e8s bonne compagnie<\/strong>. Enfin, on conna\u00eet <a href=\"https:\/\/www.public.fr\/dany-boon-en-couple-avec-le-sosie-de-son-ex-lacteur-aurait-craque-sur-sa-maquilleuse\" rel=\"nofollow noopener\" target=\"_blank\">le visage de celle qui partage sa vie<\/a>.<\/p>\n<p>Dany Boon\u00a0: sa nouvelle ch\u00e9rie se pr\u00e9nomme Clara Vello<\/p>\n<p>Ce lundi 8\u00a0septembre, Dany Boon a assist\u00e9 <strong>\u00e0 l&rsquo;avant-premi\u00e8re du film Regarde <\/strong>d&rsquo;Emmanuel Poulain-Arnaud, dont il partage l&rsquo;affiche avec Audrey Fleurot et qui sortira en salles le 17\u00a0septembre prochain. Apr\u00e8s avoir pris la pose avec toute l&rsquo;\u00e9quipe du film et en solo, c&rsquo;est avec sa nouvelle compagne que <a href=\"https:\/\/www.google.com\/url?sa=t&amp;source=web&amp;rct=j&amp;opi=89978449&amp;url=https:\/\/vsd.fr\/84991-dany-boon-escroque-de-45me-celui-qui-lui-a-pris-des-millions-veut-maintenant-lindemniser\/&amp;ved=2ahUKEwiir_b54MqPAxXuRaQEHRhmArQQFnoECBYQAQ&amp;usg=AOvVaw34UbaYcgMDL8dUq7LFAzKR\" rel=\"nofollow noopener\" target=\"_blank\">l&rsquo;ami de Line Renaud<\/a> s&rsquo;est affich\u00e9 sous les flashs des photographes. Main dans la main, le couple est apparu <strong>tr\u00e8s complice<\/strong> lors de ce rendez-vous.<\/p>\n<p>Mais alors <strong>qui est cette jeune femme pr\u00e9nomm\u00e9e Clara Vello\u00a0?<\/strong> Et bien, cette derni\u00e8re n&rsquo;est autre que la <strong>maquilleuse officielle<\/strong> de son partenaire de vie. Par ailleurs, elle a aussi maquill\u00e9 de nombreuses autres c\u00e9l\u00e9brit\u00e9s par le pass\u00e9 comme \u00c9nora Malagr\u00e9, l&rsquo;ancienne Miss Marine Lorphelin, l&rsquo;ex ministre Bruno Lemaire ou encore Charles Aznavour. Sur les r\u00e9seaux sociaux, on peut par ailleurs d\u00e9couvrir que la jolie blonde serait <strong>\u00e2g\u00e9e de 43 ans et maman de deux enfants<\/strong>.<\/p>\n<p>      Mentionn\u00e9s dans cet article<\/p>\n<p>      Sur le m\u00eame sujet<\/p>\n","protected":false},"excerpt":{"rendered":"C&rsquo;est l&rsquo;un des Ch&#8217;tis les plus c\u00e9l\u00e8bres de France. Professionnellement, tout semble aller pour le mieux pour Dany&hellip;\n","protected":false},"author":2,"featured_media":377021,"comment_status":"","ping_status":"","sticky":false,"template":"","format":"standard","meta":{"footnotes":""},"categories":[8],"tags":[1376,10903,1193,2392,17146,58,59,1011,27,17147],"class_list":{"0":"post-377020","1":"post","2":"type-post","3":"status-publish","4":"format-standard","5":"has-post-thumbnail","7":"category-divertissement","8":"tag-amour","9":"tag-avant-premiere","10":"tag-couple","11":"tag-couple-de-stars","12":"tag-dany-boon","13":"tag-divertissement","14":"tag-entertainment","15":"tag-fr","16":"tag-france","17":"tag-laurence-arne"},"share_on_mastodon":{"url":"https:\/\/pubeurope.com\/@fr\/115172825062446180","error":""},"_links":{"self":[{"href":"https:\/\/www.europesays.com\/fr\/wp-json\/wp\/v2\/posts\/377020","targetHints":{"allow":["GET"]}}],"collection":[{"href":"https:\/\/www.europesays.com\/fr\/wp-json\/wp\/v2\/posts"}],"about":[{"href":"https:\/\/www.europesays.com\/fr\/wp-json\/wp\/v2\/types\/post"}],"author":[{"embeddable":true,"href":"https:\/\/www.europesays.com\/fr\/wp-json\/wp\/v2\/users\/2"}],"replies":[{"embeddable":true,"href":"https:\/\/www.europesays.com\/fr\/wp-json\/wp\/v2\/comments?post=377020"}],"version-history":[{"count":0,"href":"https:\/\/www.europesays.com\/fr\/wp-json\/wp\/v2\/posts\/377020\/revisions"}],"wp:featuredmedia":[{"embeddable":true,"href":"https:\/\/www.europesays.com\/fr\/wp-json\/wp\/v2\/media\/377021"}],"wp:attachment":[{"href":"https:\/\/www.europesays.com\/fr\/wp-json\/wp\/v2\/media?parent=377020"}],"wp:term":[{"taxonomy":"category","embeddable":true,"href":"https:\/\/www.europesays.com\/fr\/wp-json\/wp\/v2\/categories?post=377020"},{"taxonomy":"post_tag","embeddable":true,"href":"https:\/\/www.europesays.com\/fr\/wp-json\/wp\/v2\/tags?post=377020"}],"curies":[{"name":"wp","href":"https:\/\/api.w.org\/{rel}","templated":true}]}}