{"id":377022,"date":"2025-09-09T06:03:11","date_gmt":"2025-09-09T06:03:11","guid":{"rendered":"https:\/\/www.europesays.com\/fr\/377022\/"},"modified":"2025-09-09T06:03:11","modified_gmt":"2025-09-09T06:03:11","slug":"ces-blocs-de-glace-geants-comme-des-stades-seffondrent-dans-locean-et-creent-des-tsunamis-devastateurs-detectes-par-fibre-optique","status":"publish","type":"post","link":"https:\/\/www.europesays.com\/fr\/377022\/","title":{"rendered":"Ces blocs de glace g\u00e9ants comme des stades s&rsquo;effondrent dans l&rsquo;oc\u00e9an et cr\u00e9ent des tsunamis d\u00e9vastateurs d\u00e9tect\u00e9s par fibre optique"},"content":{"rendered":"<tr>\n<td><strong>EN BREF<\/strong><\/td>\n<\/tr>\n<tr>\n<td>\n<ul>\n<li>\ud83c\udf0d La <strong>technologie DAS<\/strong> utilise des c\u00e2bles en fibre optique pour d\u00e9tecter les vibrations caus\u00e9es par les glaciers.<\/li>\n<li>\ud83e\uddca Les \u00e9v\u00e9nements de <strong>v\u00ealage<\/strong> au Groenland sont suivis avec une pr\u00e9cision sans pr\u00e9c\u00e9dent gr\u00e2ce \u00e0 cette m\u00e9thode.<\/li>\n<li>\u26a0\ufe0f Les chercheurs d\u00e9couvrent que le m\u00e9lange des eaux chaudes et froides contribue \u00e0 la <strong>fonte acc\u00e9l\u00e9r\u00e9e<\/strong> des glaciers.<\/li>\n<li>\ud83d\udd0d Cette \u00e9tude pourrait permettre de concevoir un <strong>syst\u00e8me d\u2019alerte pr\u00e9coce<\/strong> pour les tsunamis induits par la glace.<\/li>\n<\/ul>\n<\/td>\n<\/tr>\n<p>Les c\u00e2bles en fibre optique, souvent utilis\u00e9s pour acheminer internet, sont en train de r\u00e9volutionner notre compr\u00e9hension des glaciers. Ces c\u00e2bles permettent non seulement de transmettre des donn\u00e9es, mais aussi de d\u00e9tecter les signaux de l\u2019environnement environnant. Cette technologie, appel\u00e9e d\u00e9tection acoustique distribu\u00e9e (DAS), est si sensible qu\u2019elle peut suivre les pas d\u2019une personne marchant au-dessus d\u2019un c\u00e2ble. R\u00e9cemment, des chercheurs ont pos\u00e9 un c\u00e2ble en fibre optique sur le fond marin pr\u00e8s d\u2019un glacier du Groenland. Cette initiative a permis de r\u00e9v\u00e9ler des d\u00e9tails in\u00e9dits sur les \u00e9v\u00e9nements de v\u00ealage, lorsque des morceaux de glace se d\u00e9tachent pour tomber dans l\u2019oc\u00e9an. Ces informations pourraient \u00eatre cruciales pour comprendre les processus cach\u00e9s qui acc\u00e9l\u00e8rent la d\u00e9t\u00e9rioration de la calotte glaciaire de l\u2019\u00eele.<\/p>\n<p>Les glaciers du Groenland en mutation<\/p>\n<p>Historiquement, avant m\u00eame l\u2019influence humaine sur le climat, les glaciers du Groenland se d\u00e9tachaient naturellement. L\u2019\u00eele est recouverte de glaciers qui s\u2019\u00e9coulent lentement vers l\u2019oc\u00e9an, se fragmentant en icebergs qui d\u00e9rivent en mer. \u00c0 une \u00e9poque o\u00f9 les temp\u00e9ratures \u00e9taient plus basses, la calotte glaciaire se r\u00e9g\u00e9n\u00e9rait facilement gr\u00e2ce aux chutes de neige. Cependant, avec la hausse des temp\u00e9ratures, la situation a radicalement chang\u00e9. La fonte accrue produit de l\u2019eau de fonte qui s\u2019\u00e9coule sous les glaciers, les soulevant et les lubrifiant. Cela affecte non seulement la perte de masse directement \u00e0 la surface, mais influence aussi la vitesse \u00e0 laquelle ces immenses glaciers, comparables \u00e0 des tapis roulants de glace, se d\u00e9placent vers l\u2019oc\u00e9an.<\/p>\n<p>En cons\u00e9quence, le Groenland perd d\u00e9sormais beaucoup plus de glace qu\u2019il n\u2019en regagne. Cette situation est souvent compar\u00e9e \u00e0 un compte bancaire dont le solde diminue lentement mais s\u00fbrement. Des chercheurs soulignent que les mod\u00e8les actuels sous-estiment largement la quantit\u00e9 de glace fondant au contact de la mer. La collecte de donn\u00e9es pr\u00e9cises est rendue difficile par les dangers inh\u00e9rents \u00e0 l\u2019approche de ces colosses de glace en chute libre.<\/p>\n<blockquote class=\"wp-embedded-content\" data-secret=\"zu22EVkuqx\">\n<p><a href=\"https:\/\/www.le-gaz.fr\/2025\/06\/23\/ce-pays-de-2-millions-dhabitants-bouleverse-la-technologie-mondiale-avec-cette-climatisation-sans-gaz-inedite-depuis-100-ans-decouvrez-comment-ils-ont-fait\/\" rel=\"nofollow noopener\" target=\"_blank\">Ce pays de 2 millions d\u2019habitants bouleverse la technologie mondiale avec cette climatisation sans gaz in\u00e9dite depuis 100 ans, d\u00e9couvrez comment ils ont fait<\/a><\/p>\n<\/blockquote>\n<p>La technologie au service de la science<\/p>\n<p>Les chercheurs ont adopt\u00e9 une approche innovante en posant six kilom\u00e8tres de c\u00e2ble parall\u00e8lement \u00e0 la \u00ab limite de v\u00ealage \u00bb d\u2019un glacier au Groenland. Ce c\u00e2ble capte les vibrations caus\u00e9es par les fractures et les chutes de glace, gr\u00e2ce \u00e0 des appareils d\u2019interrogation aliment\u00e9s par panneaux solaires. Ces dispositifs analysent les donn\u00e9es acoustiques et les variations de temp\u00e9rature dans le fjord. Comme l\u2019explique un scientifique impliqu\u00e9 dans l\u2019\u00e9tude, cette technologie permet de visualiser et d\u2019entendre les fractures, fournissant ainsi une compr\u00e9hension plus compl\u00e8te des \u00e9v\u00e9nements de v\u00ealage.<\/p>\n<blockquote>\n<p>\u00ab Ces blocs de glace peuvent \u00eatre aussi grands qu\u2019un stade \u00bb, a d\u00e9clar\u00e9 un chercheur.<\/p>\n<blockquote class=\"wp-embedded-content\" data-secret=\"29WsXfQzyK\"><p><a href=\"https:\/\/www.le-gaz.fr\/2025\/08\/23\/un-trou-mysterieux-dans-la-banquise-revele-son-secret-apres-50-ans-et-pulverise-toutes-les-explications-des-chercheurs-abasourdis\/\" rel=\"nofollow noopener\" target=\"_blank\">Un trou myst\u00e9rieux dans la banquise r\u00e9v\u00e8le son secret apr\u00e8s 50 ans et pulv\u00e9rise toutes les explications des chercheurs abasourdis<\/a><\/p><\/blockquote>\n<p><iframe loading=\"lazy\" class=\"wp-embedded-content\" sandbox=\"allow-scripts\" security=\"restricted\" style=\"position: absolute; visibility: hidden;\" title=\"\u00ab\u00a0Un trou myst\u00e9rieux dans la banquise r\u00e9v\u00e8le son secret apr\u00e8s 50 ans et pulv\u00e9rise toutes les explications des chercheurs abasourdis\u00a0\u00bb &#8212; Le Gaz\" src=\"https:\/\/www.le-gaz.fr\/2025\/08\/23\/un-trou-mysterieux-dans-la-banquise-revele-son-secret-apres-50-ans-et-pulverise-toutes-les-explications-des-chercheurs-abasourdis\/embed\/#?secret=7LH7QVhU6v#?secret=29WsXfQzyK\" data-secret=\"29WsXfQzyK\" width=\"600\" height=\"338\" frameborder=\"0\" marginwidth=\"0\" marginheight=\"0\" scrolling=\"no\"><\/iframe><\/p>\n<\/blockquote>\n<p>Lorsqu\u2019ils tombent, ils excitent les vagues, cr\u00e9ant une agitation sous-marine que le syst\u00e8me DAS d\u00e9tecte avec pr\u00e9cision. Ainsi, ce c\u00e2ble en fibre optique offre une fen\u00eatre unique sur les processus invisibles sous la surface, r\u00e9v\u00e9lant comment les blocs de glace influencent le mouvement des eaux chaudes et froides.<\/p>\n<p>R\u00e9v\u00e9lation des processus cach\u00e9s<\/p>\n<p>Le syst\u00e8me de c\u00e2bles a permis de mettre en lumi\u00e8re un ph\u00e9nom\u00e8ne jusqu\u2019alors inconnu : le m\u00e9lange de l\u2019eau chaude et sal\u00e9e du fond avec l\u2019eau froide de surface. Ce ph\u00e9nom\u00e8ne perturbe la couche isolante de l\u2019eau de fonte, acc\u00e9l\u00e9rant ainsi la fonte du glacier. L\u2019\u00e9tude sugg\u00e8re que ce m\u00e9lange pourrait \u00eatre le cha\u00eenon manquant dans nos mod\u00e8les climatiques, expliquant les taux de fonte plus \u00e9lev\u00e9s observ\u00e9s. L\u2019interaction complexe entre l\u2019eau et la glace pourrait cr\u00e9er un cycle de r\u00e9troaction, o\u00f9 plus de v\u00ealage entra\u00eene plus de m\u00e9lange, qui \u00e0 son tour favorise plus de v\u00ealage.<\/p>\n<blockquote>\n<p>\u00ab Peut-\u00eatre que cette \u00e9tude est la cl\u00e9 pour comprendre les taux de fonte \u00e9lev\u00e9s que nous observons \u00bb, a d\u00e9clar\u00e9 un expert.<\/p>\n<\/blockquote>\n<p>La technologie des c\u00e2bles optiques offre une m\u00e9thode s\u00fbre et \u00e9conomique pour collecter des donn\u00e9es pr\u00e9cieuses, contrairement \u00e0 l\u2019approche traditionnelle qui n\u00e9cessite des exp\u00e9ditions dangereuses pr\u00e8s des glaciers.<\/p>\n<p>Vers un avenir incertain<\/p>\n<p>Les chercheurs ambitionnent de prolonger la dur\u00e9e d\u2019utilisation de ces c\u00e2bles pour observer les changements saisonniers. Ils envisagent \u00e9galement d\u2019installer des c\u00e2bles pr\u00e8s des villes c\u00f4ti\u00e8res du Groenland pour concevoir un syst\u00e8me d\u2019alerte pr\u00e9coce contre les tsunamis induits par la glace. Cependant, le temps presse pour comprendre pleinement les dynamiques de la glace du Groenland, alors que les glaciers continuent de se fragmenter \u00e0 un rythme alarmant.<\/p>\n<p>Cette course contre la montre inqui\u00e8te certains scientifiques, qui craignent que les boucles de r\u00e9troaction ne conduisent \u00e0 une acc\u00e9l\u00e9ration de la perte de glace. Quelle pourrait \u00eatre la prochaine \u00e9tape pour utiliser cette technologie innovante dans d\u2019autres r\u00e9gions du monde o\u00f9 les glaciers sont menac\u00e9s par le changement climatique?<\/p>\n<p>Cet article s\u2019appuie sur des sources v\u00e9rifi\u00e9es et l\u2019assistance de technologies \u00e9ditoriales.<\/p>\n<p id=\"rating\">\u00c7a vous a plu ?\u00a04.5\/5 (22)<\/p>\n","protected":false},"excerpt":{"rendered":"EN BREF \ud83c\udf0d La technologie DAS utilise des c\u00e2bles en fibre optique pour d\u00e9tecter les vibrations caus\u00e9es par&hellip;\n","protected":false},"author":2,"featured_media":377023,"comment_status":"","ping_status":"","sticky":false,"template":"","format":"standard","meta":{"footnotes":""},"categories":[7],"tags":[1011,27,43,40,41,39,42,44],"class_list":{"0":"post-377022","1":"post","2":"type-post","3":"status-publish","4":"format-standard","5":"has-post-thumbnail","7":"category-sciences-et-technologies","8":"tag-fr","9":"tag-france","10":"tag-science","11":"tag-science-and-technology","12":"tag-sciences","13":"tag-sciences-et-technologies","14":"tag-technologies","15":"tag-technology"},"share_on_mastodon":{"url":"https:\/\/pubeurope.com\/@fr\/115172829348490873","error":""},"_links":{"self":[{"href":"https:\/\/www.europesays.com\/fr\/wp-json\/wp\/v2\/posts\/377022","targetHints":{"allow":["GET"]}}],"collection":[{"href":"https:\/\/www.europesays.com\/fr\/wp-json\/wp\/v2\/posts"}],"about":[{"href":"https:\/\/www.europesays.com\/fr\/wp-json\/wp\/v2\/types\/post"}],"author":[{"embeddable":true,"href":"https:\/\/www.europesays.com\/fr\/wp-json\/wp\/v2\/users\/2"}],"replies":[{"embeddable":true,"href":"https:\/\/www.europesays.com\/fr\/wp-json\/wp\/v2\/comments?post=377022"}],"version-history":[{"count":0,"href":"https:\/\/www.europesays.com\/fr\/wp-json\/wp\/v2\/posts\/377022\/revisions"}],"wp:featuredmedia":[{"embeddable":true,"href":"https:\/\/www.europesays.com\/fr\/wp-json\/wp\/v2\/media\/377023"}],"wp:attachment":[{"href":"https:\/\/www.europesays.com\/fr\/wp-json\/wp\/v2\/media?parent=377022"}],"wp:term":[{"taxonomy":"category","embeddable":true,"href":"https:\/\/www.europesays.com\/fr\/wp-json\/wp\/v2\/categories?post=377022"},{"taxonomy":"post_tag","embeddable":true,"href":"https:\/\/www.europesays.com\/fr\/wp-json\/wp\/v2\/tags?post=377022"}],"curies":[{"name":"wp","href":"https:\/\/api.w.org\/{rel}","templated":true}]}}