{"id":377027,"date":"2025-09-09T06:05:13","date_gmt":"2025-09-09T06:05:13","guid":{"rendered":"https:\/\/www.europesays.com\/fr\/377027\/"},"modified":"2025-09-09T06:05:13","modified_gmt":"2025-09-09T06:05:13","slug":"cest-sur-quon-va-etre-impacte-la-filiere-porcine-francaise-grogne-contre-une-decision-chinoise","status":"publish","type":"post","link":"https:\/\/www.europesays.com\/fr\/377027\/","title":{"rendered":"\u00ab\u00a0C\u2019est s\u00fbr qu\u2019on va \u00eatre impact\u00e9\u00a0\u00bb\u2026 La fili\u00e8re porcine fran\u00e7aise grogne contre une d\u00e9cision chinoise"},"content":{"rendered":"<p>Il n\u2019y a pas que les \u00c9tats-Unis qui s\u00e8ment le chaud et le froid sur la plan\u00e8te <a href=\"https:\/\/www.20minutes.fr\/economie\/droits-douane-americains\/\" class=\"c-link c-link--is-underlined\" rel=\"nofollow noopener\" target=\"_blank\">avec les droits de douane<\/a>. Dans cette guerre commerciale, la Chine peut aussi se montrer redoutable. A partir de mercredi, P\u00e9kin va imposer provisoirement des taxes suppl\u00e9mentaires sur le porc europ\u00e9en. Premier pays consommateur de cochons dans le monde, la Chine a en effet peu appr\u00e9ci\u00e9 la d\u00e9cision de l\u2019Union europ\u00e9enne <a href=\"https:\/\/www.20minutes.fr\/economie\/4113753-20241004-hausse-droits-douane-voitures-electriques-peut-entrainer-guerre-commerciale-chine\" class=\"c-link c-link--is-underlined\" rel=\"nofollow noopener\" target=\"_blank\">de surtaxer ses voitures \u00e9lectriques<\/a>. En repr\u00e9sailles, P\u00e9kin a donc d\u00e9cid\u00e9 d\u2019en faire de m\u00eame sur certains produits comme le cognac, les produits laitiers ou la viande de porc en lan\u00e7ant des enqu\u00eates antidumping.<\/p>\n<p>\u00ab\u00a0L\u2019autorit\u00e9 responsable de l\u2019enqu\u00eate a d\u00e9termin\u00e9, de mani\u00e8re pr\u00e9liminaire, que les importations de porcs et de sous-produits porcins en provenance <a href=\"https:\/\/www.20minutes.fr\/dossier\/ue\" class=\"c-link c-link--is-underlined\" rel=\"nofollow noopener\" target=\"_blank\">de l\u2019Union europ\u00e9enne<\/a> font l\u2019objet de dumping\u00a0\u00bb, a indiqu\u00e9 vendredi le minist\u00e8re chinois du Commerce, ajoutant que l\u2019industrie chinoise avait \u00ab\u00a0subi un pr\u00e9judice important\u00a0\u00bb. En attendant les conclusions de l\u2019enqu\u00eate qui doivent \u00eatre rendues en fin d\u2019ann\u00e9e, des droits de douane compris entre 15,6\u00a0% et 62,4\u00a0% vont donc s\u2019appliquer dans les prochaines semaines sur la viande porcine europ\u00e9enne.<\/p>\n<p>Des Chinois tr\u00e8s friands des oreilles et des pieds<\/p>\n<p>Cette d\u00e9cision inqui\u00e8te naturellement la fili\u00e8re fran\u00e7aise, qui a export\u00e9 l\u2019an dernier 115.000 tonnes <a href=\"https:\/\/www.20minutes.fr\/dossier\/porc\" class=\"c-link c-link--is-underlined\" rel=\"nofollow noopener\" target=\"_blank\">de porc<\/a> en Chine. \u00ab\u00a0C\u2019est s\u00fbr qu\u2019on va \u00eatre impact\u00e9 pour au moins les six mois qui viennent\u00a0\u00bb, indique Michel Bloc\u2019h, pr\u00e9sident de l\u2019Union des groupements de producteurs de viande de Bretagne (UGPVB). Car si la Chine est le premier producteur mondial de viande de porc, elle en importe aussi beaucoup d\u2019Europe. \u00ab\u00a0Ils consomment les oreilles, les pieds ou les queues, des morceaux que personne ne mange chez nous\u00a0\u00bb, souligne Michel Bloc\u2019h, par ailleurs pr\u00e9sident de l\u2019AOP Porc Grand Ouest.<\/p>\n<p>Sans autre d\u00e9bouch\u00e9 pour ces pi\u00e8ces moins nobles, les producteurs vont donc continuer de les exporter <a href=\"https:\/\/www.20minutes.fr\/dossier\/chine\" class=\"c-link c-link--is-underlined\" rel=\"nofollow noopener\" target=\"_blank\">vers la Chine<\/a> plut\u00f4t que de les d\u00e9truire. \u00ab\u00a0Mais avec ces taxes en plus, on ne gagnera rien et on perdra m\u00eame peut-\u00eatre de l\u2019argent, assure-t-il. Les grands op\u00e9rateurs vont donc \u00eatre impact\u00e9s et ils vont forc\u00e9ment r\u00e9pertorier cela en amont en achetant les b\u00eates moins ch\u00e8res.\u00a0\u00bb<\/p>\n<\/p>\n<p>Apr\u00e8s trois belles ann\u00e9es, la fili\u00e8re porcine fran\u00e7aise s\u2019appr\u00eate donc \u00e0 conna\u00eetre des temps plus difficiles. \u00ab\u00a0La tendance est d\u00e9j\u00e0 \u00e0 la baisse depuis quelque temps et on sait traditionnellement que la consommation de viande porcine recule en hiver, souligne Michel Bloc\u2019h. On savait donc que la conjoncture serait tr\u00e8s moyenne \u00e0 l\u2019automne mais avec \u00e7a en plus, j\u2019ai peur qu\u2019elle soit mauvaise.\u00a0\u00bb<\/p>\n","protected":false},"excerpt":{"rendered":"Il n\u2019y a pas que les \u00c9tats-Unis qui s\u00e8ment le chaud et le froid sur la plan\u00e8te avec&hellip;\n","protected":false},"author":2,"featured_media":377028,"comment_status":"","ping_status":"","sticky":false,"template":"","format":"standard","meta":{"footnotes":""},"categories":[5],"tags":[47,11,327,829,309,13909,215,33,5798,1011,27,14,74,12,2484,13908,2549,555,28],"class_list":{"0":"post-377027","1":"post","2":"type-post","3":"status-publish","4":"format-standard","5":"has-post-thumbnail","7":"category-international","8":"tag-actualite","9":"tag-actualites","10":"tag-agriculture","11":"tag-bretagne","12":"tag-chine","13":"tag-cochon","14":"tag-commerce","15":"tag-economie","16":"tag-exportation","17":"tag-fr","18":"tag-france","19":"tag-international","20":"tag-monde","21":"tag-news","22":"tag-pekin","23":"tag-porc","24":"tag-taxe","25":"tag-union-europeenne-ue","26":"tag-world"},"share_on_mastodon":{"url":"https:\/\/pubeurope.com\/@fr\/115172836828674528","error":""},"_links":{"self":[{"href":"https:\/\/www.europesays.com\/fr\/wp-json\/wp\/v2\/posts\/377027","targetHints":{"allow":["GET"]}}],"collection":[{"href":"https:\/\/www.europesays.com\/fr\/wp-json\/wp\/v2\/posts"}],"about":[{"href":"https:\/\/www.europesays.com\/fr\/wp-json\/wp\/v2\/types\/post"}],"author":[{"embeddable":true,"href":"https:\/\/www.europesays.com\/fr\/wp-json\/wp\/v2\/users\/2"}],"replies":[{"embeddable":true,"href":"https:\/\/www.europesays.com\/fr\/wp-json\/wp\/v2\/comments?post=377027"}],"version-history":[{"count":0,"href":"https:\/\/www.europesays.com\/fr\/wp-json\/wp\/v2\/posts\/377027\/revisions"}],"wp:featuredmedia":[{"embeddable":true,"href":"https:\/\/www.europesays.com\/fr\/wp-json\/wp\/v2\/media\/377028"}],"wp:attachment":[{"href":"https:\/\/www.europesays.com\/fr\/wp-json\/wp\/v2\/media?parent=377027"}],"wp:term":[{"taxonomy":"category","embeddable":true,"href":"https:\/\/www.europesays.com\/fr\/wp-json\/wp\/v2\/categories?post=377027"},{"taxonomy":"post_tag","embeddable":true,"href":"https:\/\/www.europesays.com\/fr\/wp-json\/wp\/v2\/tags?post=377027"}],"curies":[{"name":"wp","href":"https:\/\/api.w.org\/{rel}","templated":true}]}}