{"id":377029,"date":"2025-09-09T06:07:11","date_gmt":"2025-09-09T06:07:11","guid":{"rendered":"https:\/\/www.europesays.com\/fr\/377029\/"},"modified":"2025-09-09T06:07:11","modified_gmt":"2025-09-09T06:07:11","slug":"mettre-en-doute-le-professionnalisme-de-deschamps-est-assez-lamentable","status":"publish","type":"post","link":"https:\/\/www.europesays.com\/fr\/377029\/","title":{"rendered":"\u00ab\u00a0Mettre en doute le professionnalisme de Deschamps est assez lamentable\u00a0\u00bb"},"content":{"rendered":"\n<p>L&rsquo;oeil de Bixente Lizarazu\u00a0: \u00ab\u00a0Mettre en doute le professionnalisme de Deschamps est assez lamentable\u00a0\u00bb<\/p>\n<p>Les Bleus joueront leur deuxi\u00e8me match de cette tr\u00eave, face \u00e0 l&rsquo;Islande mardi soir (20h45), sans Ousmane Demb\u00e9l\u00e9 et D\u00e9sir\u00e9 Dou\u00e9, bless\u00e9s face \u00e0 l&rsquo;Ukraine. Notre consultant, Bixente Lizarazu, \u00e9voque les s\u00e9v\u00e8res critiques tomb\u00e9es sur le s\u00e9lectionneur, Didier Deschamps, qu&rsquo;il juge trop s\u00e9v\u00e8res.<\/p>\n","protected":false},"excerpt":{"rendered":"L&rsquo;oeil de Bixente Lizarazu\u00a0: \u00ab\u00a0Mettre en doute le professionnalisme de Deschamps est assez lamentable\u00a0\u00bb Les Bleus joueront leur&hellip;\n","protected":false},"author":2,"featured_media":377030,"comment_status":"","ping_status":"","sticky":false,"template":"","format":"standard","meta":{"footnotes":""},"categories":[2],"tags":[11,1011,27,12],"class_list":{"0":"post-377029","1":"post","2":"type-post","3":"status-publish","4":"format-standard","5":"has-post-thumbnail","7":"category-actualites","8":"tag-actualites","9":"tag-fr","10":"tag-france","11":"tag-news"},"share_on_mastodon":{"url":"https:\/\/pubeurope.com\/@fr\/115172844714027441","error":""},"_links":{"self":[{"href":"https:\/\/www.europesays.com\/fr\/wp-json\/wp\/v2\/posts\/377029","targetHints":{"allow":["GET"]}}],"collection":[{"href":"https:\/\/www.europesays.com\/fr\/wp-json\/wp\/v2\/posts"}],"about":[{"href":"https:\/\/www.europesays.com\/fr\/wp-json\/wp\/v2\/types\/post"}],"author":[{"embeddable":true,"href":"https:\/\/www.europesays.com\/fr\/wp-json\/wp\/v2\/users\/2"}],"replies":[{"embeddable":true,"href":"https:\/\/www.europesays.com\/fr\/wp-json\/wp\/v2\/comments?post=377029"}],"version-history":[{"count":0,"href":"https:\/\/www.europesays.com\/fr\/wp-json\/wp\/v2\/posts\/377029\/revisions"}],"wp:featuredmedia":[{"embeddable":true,"href":"https:\/\/www.europesays.com\/fr\/wp-json\/wp\/v2\/media\/377030"}],"wp:attachment":[{"href":"https:\/\/www.europesays.com\/fr\/wp-json\/wp\/v2\/media?parent=377029"}],"wp:term":[{"taxonomy":"category","embeddable":true,"href":"https:\/\/www.europesays.com\/fr\/wp-json\/wp\/v2\/categories?post=377029"},{"taxonomy":"post_tag","embeddable":true,"href":"https:\/\/www.europesays.com\/fr\/wp-json\/wp\/v2\/tags?post=377029"}],"curies":[{"name":"wp","href":"https:\/\/api.w.org\/{rel}","templated":true}]}}