{"id":377031,"date":"2025-09-09T06:08:13","date_gmt":"2025-09-09T06:08:13","guid":{"rendered":"https:\/\/www.europesays.com\/fr\/377031\/"},"modified":"2025-09-09T06:08:13","modified_gmt":"2025-09-09T06:08:13","slug":"des-boites-en-verre-pour-les-plats-a-emporter","status":"publish","type":"post","link":"https:\/\/www.europesays.com\/fr\/377031\/","title":{"rendered":"des bo\u00eetes en verre pour les plats \u00e0 emporter"},"content":{"rendered":"<p>Depuis janvier\u00a02025, Ekpe Kossi Kougnigban suit une formation pour relancer localement le projet \u00ab En bo\u00eete le plat\u00a0\u00bb. Quatre commerces de ventes \u00e0 emporter sont d\u00e9j\u00e0 partenaires.<\/p>\n<p>Kitchen Street a ainsi r\u00e9cemment int\u00e9gr\u00e9 le r\u00e9seau aux c\u00f4t\u00e9s de la Cantine Num\u00e9ro Dix, Tartatata Caf\u00e9 et Vrac en vert. \u00ab \u00c0 partir du moment o\u00f9 le commerce propose du vrac \u00e0 emporter, il n\u2019y a pas de crit\u00e8res fixes\u00a0\u00bb, explique-t-il.<\/p>\n<p>\u00ab\u00a0Le client est libre de rendre sa bo\u00eete consign\u00e9e \u00e0 3\u00a0euros dans le commerce qui l\u2019arrange le plus\u00a0\u00bb<\/p>\n<p>\u00ab L\u2019objectif final est de r\u00e9duire les&#8230;<\/p>\n","protected":false},"excerpt":{"rendered":"Depuis janvier\u00a02025, Ekpe Kossi Kougnigban suit une formation pour relancer localement le projet \u00ab En bo\u00eete le plat\u00a0\u00bb.&hellip;\n","protected":false},"author":2,"featured_media":377032,"comment_status":"","ping_status":"","sticky":false,"template":"","format":"standard","meta":{"footnotes":""},"categories":[9653],"tags":[1111,11,2430,7539,1777,674,1011,27,12,25,4001,7538,104,1631],"class_list":{"0":"post-377031","1":"post","2":"type-post","3":"status-publish","4":"format-standard","5":"has-post-thumbnail","7":"category-saint-etienne","8":"tag-actu","9":"tag-actualites","10":"tag-auvergne-rhone-alpes","11":"tag-edition-loire-sud","12":"tag-eu","13":"tag-europe","14":"tag-fr","15":"tag-france","16":"tag-news","17":"tag-republique-francaise","18":"tag-saint-etienne","19":"tag-saint-etienne-ville","20":"tag-societe","21":"tag-vie-associative"},"share_on_mastodon":{"url":"https:\/\/pubeurope.com\/@fr\/115172848779227396","error":""},"_links":{"self":[{"href":"https:\/\/www.europesays.com\/fr\/wp-json\/wp\/v2\/posts\/377031","targetHints":{"allow":["GET"]}}],"collection":[{"href":"https:\/\/www.europesays.com\/fr\/wp-json\/wp\/v2\/posts"}],"about":[{"href":"https:\/\/www.europesays.com\/fr\/wp-json\/wp\/v2\/types\/post"}],"author":[{"embeddable":true,"href":"https:\/\/www.europesays.com\/fr\/wp-json\/wp\/v2\/users\/2"}],"replies":[{"embeddable":true,"href":"https:\/\/www.europesays.com\/fr\/wp-json\/wp\/v2\/comments?post=377031"}],"version-history":[{"count":0,"href":"https:\/\/www.europesays.com\/fr\/wp-json\/wp\/v2\/posts\/377031\/revisions"}],"wp:featuredmedia":[{"embeddable":true,"href":"https:\/\/www.europesays.com\/fr\/wp-json\/wp\/v2\/media\/377032"}],"wp:attachment":[{"href":"https:\/\/www.europesays.com\/fr\/wp-json\/wp\/v2\/media?parent=377031"}],"wp:term":[{"taxonomy":"category","embeddable":true,"href":"https:\/\/www.europesays.com\/fr\/wp-json\/wp\/v2\/categories?post=377031"},{"taxonomy":"post_tag","embeddable":true,"href":"https:\/\/www.europesays.com\/fr\/wp-json\/wp\/v2\/tags?post=377031"}],"curies":[{"name":"wp","href":"https:\/\/api.w.org\/{rel}","templated":true}]}}