{"id":377033,"date":"2025-09-09T06:09:12","date_gmt":"2025-09-09T06:09:12","guid":{"rendered":"https:\/\/www.europesays.com\/fr\/377033\/"},"modified":"2025-09-09T06:09:12","modified_gmt":"2025-09-09T06:09:12","slug":"la-chapelle-de-la-suche-en-passe-detre-vendue-sans-perdre-sa-vocation","status":"publish","type":"post","link":"https:\/\/www.europesays.com\/fr\/377033\/","title":{"rendered":"la chapelle de la Suche en passe d\u2019\u00eatre vendue sans perdre sa vocation"},"content":{"rendered":"<p>Daniel Petitgen\u00eat et sa femme avaient pris la douloureuse d\u00e9cision il y a quelques mois de <a href=\"https:\/\/www.vosgesmatin.fr\/culture-loisirs\/2025\/04\/01\/l-ancienne-chapelle-de-la-suche-a-saint-etienne-les-remiremont-est-a-vendre-a-contrecoeur\" target=\"_blank\" rel=\"noopener\">se s\u00e9parer de leur chapelle<\/a> , dite de la Suche, \u00e0 Saint-Etienne-l\u00e8s-Remiremont qu\u2019ils avaient acquise en 2012. Leur \u00e2ge et un \u00e9v\u00e9nement tragique ne leur ont pas laiss\u00e9 le choix. Une bonne \u00e9toile vient de se pencher sur Notre-Dame d\u2019Esp\u00e9rance.<\/p>\n<p>Une Spinalienne, originaire de Saint-Etienne-l\u00e8s-Remiremont, est tomb\u00e9e sur son charme, d\u2019un coup et d\u2019un seul. \u00ab\u00a0Quand je l\u2019ai visit\u00e9e, j\u2019ai eu un \u00e9norme coup de c\u0153ur\u00a0\u00bb, confie Isabelle Sartori, \u00e0 peine retrait\u00e9e. Elle est en passe de l\u2019acqu\u00e9rir. Elle est all\u00e9e au bout de son nouveau destin en reprenant \u00e9galement la pr\u00e9sidence de l\u2019association La Chapelle des Arts qui sommeillait.<\/p>\n<p>Ce contenu est bloqu\u00e9 car vous n&rsquo;avez pas accept\u00e9 les cookies et autres traceurs.<\/p>\n<p>En cliquant sur \u00ab J\u2019accepte \u00bb, les cookies et autres traceurs seront d\u00e9pos\u00e9s et vous pourrez visualiser les contenus  (<a href=\"\" class=\"consentModule_policy\" target=\"_blank\" title=\"Consulter la politique de protection des donn\u00e9es du fournisseur\">plus d&rsquo;informations<\/a>).<\/p>\n<p>En cliquant sur \u00ab J\u2019accepte tous les cookies \u00bb, vous autorisez des d\u00e9p\u00f4ts de cookies et autres traceurs pour le stockage de vos donn\u00e9es sur nos sites et applications \u00e0 des fins de personnalisation et de ciblage publicitaire.<\/p>\n<p class=\"consentModule_secondaryText\">Vous gardez la possibilit\u00e9 de retirer votre consentement \u00e0 tout moment en consultant notre <a href=\"https:\/\/www.vosgesmatin.fr\/protection-des-donnees\" target=\"_blank\" title=\"Consulter notre politique de protection des donn\u00e9es\" rel=\"noopener\">politique de protection des donn\u00e9es<\/a>. <br \/>&#13;<br \/>\n            <a href=\"https:\/\/www.vosgesmatin.fr\/culture-loisirs\/2025\/09\/09\/javascript:Didomi.notice.show()\" class=\"consentModule_cmp\" target=\"_blank\" rel=\"noopener\">G\u00e9rer mes choix<\/a>&#13;\n        <\/p>\n<p>&#13;<br \/>\n                        J&rsquo;accepte&#13;<br \/>\n            J&rsquo;accepte tous les cookies&#13;\n        <\/p>\n<p>La chapelle, lieu de culture, et l\u2019association ne faisaient qu\u2019une. Pour la r\u00e9veiller, elle a juste chang\u00e9 le nom de l\u2019association par Noctua, en r\u00e9f\u00e9rence \u00e0 la chouette qui tr\u00f4ne devant la chapelle et sculpt\u00e9e par Daniel Petitgen\u00eat lui-m\u00eame. \u00ab\u00a0En latin, Noctua veut dire chouette.\u00a0\u00bb<\/p>\n<p>Un beau geste qui doit forc\u00e9ment rassurer l\u2019ancien propri\u00e9taire. Car il n\u2019esp\u00e9rait qu\u2019une seule chose\u00a0: \u00ab\u00a0Que l\u2019\u00e2me des lieux soit conserv\u00e9e.\u00a0\u00bb Isabelle Sartori, <a href=\"https:\/\/www.vosgesmatin.fr\/vosges\/2014\/10\/16\/isabelle-sartori-une-diversite-folle-et-des-experiences-memorables\" target=\"_blank\" rel=\"noopener\"> une personnalit\u00e9 reconnue dans le spectacle vivant et les arts de rue<\/a> , le promet, respectueuse \u00ab\u00a0de tout ce qu\u2019ils ont fait\u00a0\u00bb. La chapelle va rester un lieu de rendez-vous culturels, de concerts, de spectacles, d\u2019expositions, de rencontres, de d\u00e9bats\u2026<\/p>\n","protected":false},"excerpt":{"rendered":"Daniel Petitgen\u00eat et sa femme avaient pris la douloureuse d\u00e9cision il y a quelques mois de se s\u00e9parer&hellip;\n","protected":false},"author":2,"featured_media":377034,"comment_status":"","ping_status":"","sticky":false,"template":"","format":"standard","meta":{"footnotes":""},"categories":[9653],"tags":[1111,11,2430,22455,6211,1687,1798,1777,674,2271,107,1011,27,873,12,5486,25,4001,33907,774],"class_list":{"0":"post-377033","1":"post","2":"type-post","3":"status-publish","4":"format-standard","5":"has-post-thumbnail","7":"category-saint-etienne","8":"tag-actu","9":"tag-actualites","10":"tag-auvergne-rhone-alpes","11":"tag-cc-de-la-porte-des-vosges-meridionales-88a","12":"tag-conference","13":"tag-culture-loisirs","14":"tag-edition-remiremont-gerardmer","15":"tag-eu","16":"tag-europe","17":"tag-exposition-arts-plastiques","18":"tag-fil-info","19":"tag-fr","20":"tag-france","21":"tag-musique","22":"tag-news","23":"tag-rencontre","24":"tag-republique-francaise","25":"tag-saint-etienne","26":"tag-saint-etienne-les-remiremont","27":"tag-vosges"},"share_on_mastodon":{"url":"https:\/\/pubeurope.com\/@fr\/115172852587508196","error":""},"_links":{"self":[{"href":"https:\/\/www.europesays.com\/fr\/wp-json\/wp\/v2\/posts\/377033","targetHints":{"allow":["GET"]}}],"collection":[{"href":"https:\/\/www.europesays.com\/fr\/wp-json\/wp\/v2\/posts"}],"about":[{"href":"https:\/\/www.europesays.com\/fr\/wp-json\/wp\/v2\/types\/post"}],"author":[{"embeddable":true,"href":"https:\/\/www.europesays.com\/fr\/wp-json\/wp\/v2\/users\/2"}],"replies":[{"embeddable":true,"href":"https:\/\/www.europesays.com\/fr\/wp-json\/wp\/v2\/comments?post=377033"}],"version-history":[{"count":0,"href":"https:\/\/www.europesays.com\/fr\/wp-json\/wp\/v2\/posts\/377033\/revisions"}],"wp:featuredmedia":[{"embeddable":true,"href":"https:\/\/www.europesays.com\/fr\/wp-json\/wp\/v2\/media\/377034"}],"wp:attachment":[{"href":"https:\/\/www.europesays.com\/fr\/wp-json\/wp\/v2\/media?parent=377033"}],"wp:term":[{"taxonomy":"category","embeddable":true,"href":"https:\/\/www.europesays.com\/fr\/wp-json\/wp\/v2\/categories?post=377033"},{"taxonomy":"post_tag","embeddable":true,"href":"https:\/\/www.europesays.com\/fr\/wp-json\/wp\/v2\/tags?post=377033"}],"curies":[{"name":"wp","href":"https:\/\/api.w.org\/{rel}","templated":true}]}}