{"id":377035,"date":"2025-09-09T06:11:31","date_gmt":"2025-09-09T06:11:31","guid":{"rendered":"https:\/\/www.europesays.com\/fr\/377035\/"},"modified":"2025-09-09T06:11:31","modified_gmt":"2025-09-09T06:11:31","slug":"upm-arrete-la-production-de-materiaux-pour-etiquettes-a-nancy","status":"publish","type":"post","link":"https:\/\/www.europesays.com\/fr\/377035\/","title":{"rendered":"UPM arr\u00eate la production de mat\u00e9riaux pour \u00e9tiquettes \u00e0 Nancy"},"content":{"rendered":"<p>&#13;<br \/>\n\t\u00abCentraliser la production dans des usines plus comp\u00e9titives en termes de co\u00fbts pour am\u00e9liorer la rentabilit\u00e9 et la qualit\u00e9 des produits\u00bb : telle est la raison invoqu\u00e9e par Tim Kirchen, vice-pr\u00e9sident ex\u00e9cutif d&rsquo;<a title=\"Nouveaut\u00e9s du groupe forestier UPM sur L&#039;Usine Nouvelle\" href=\"https:\/\/www.usinenouvelle.com\/upm\/\" rel=\"noopener\" target=\"\" class=\"lien-contextuel\">UPM<\/a> Adhesive Materials, pour expliquer, dans un communiqu\u00e9, l\u2019arr\u00eat de la production de l\u2019usine de Nancy (Meurthe-et-Moselle). L&rsquo;usine est d\u00e9di\u00e9e \u00e0 la fabrication de mat\u00e9riaux pour l\u2019\u00e9tiquetage. 82 postes sont menac\u00e9s.<\/p>\n<p>&#13;<br \/>\n\tLe site continuera n\u00e9anmoins de fonctionner en tant que plate-forme logistique afin d&rsquo;assurer la distribution des produits aux clients d&rsquo;Europe occidentale.<\/p>\n<p>&#13;<br \/>\n\tUPM Adhesive Materials, anciennement UPM Raflatac, compte parmi les leaders de la production de mat\u00e9riaux pour \u00e9tiquettes, essentiellement du papier, mais aussi du plastique. Le groupe, qui est bas\u00e9 en Finlande, fournit \u00e9galement des produits autoadh\u00e9sifs, des solutions pour l\u2019industrie graphique et des rubans adh\u00e9sifs. Il a r\u00e9alis\u00e9, en 2024, un chiffre d&rsquo;affaires de 1,6 milliard d&rsquo;euros avec un effectif de 3200 personnes. <\/p>\n<p class=\"editoTitleType1 editoTitleType1--lagoon is-uppercase\">S\u00e9lectionn\u00e9 <b>pour vous<\/b><\/p>\n<p>                                                                            <a class=\"editoCardType21__link editoCardType21__containerImage\" href=\"https:\/\/www.usinenouvelle.com\/article\/de-la-loi-agec-au-ppwr-demeler-l-echeveau.N2237230\" data-xiti-name=\"2237230\" target=\"_blank\" rel=\"noopener\"><\/p>\n<p>                                                                                                                                                    <img decoding=\"async\" src=\"data:image\/gif;base64,R0lGODdhAQABAPAAAMPDwwAAACwAAAAAAQABAAACAkQBADs=\" data-original=\"\/mediatheque\/3\/8\/9\/001530983_256x170_c.jpg\" alt=\"De la loi Agec au PPWR, d\u00e9m\u00ealer l\u2019\u00e9cheveau\"\/><\/p>\n<p>                            <\/a><\/p>\n","protected":false},"excerpt":{"rendered":"&#13; \u00abCentraliser la production dans des usines plus comp\u00e9titives en termes de co\u00fbts pour am\u00e9liorer la rentabilit\u00e9 et&hellip;\n","protected":false},"author":2,"featured_media":377036,"comment_status":"","ping_status":"","sticky":false,"template":"","format":"standard","meta":{"footnotes":""},"categories":[9635],"tags":[1111,11,11291,2724,1777,674,1011,27,775,12328,6848,3457,1702,12,6847,6849,25],"class_list":{"0":"post-377035","1":"post","2":"type-post","3":"status-publish","4":"format-standard","5":"has-post-thumbnail","7":"category-nancy","8":"tag-actu","9":"tag-actualites","10":"tag-eco-social","11":"tag-emballage","12":"tag-eu","13":"tag-europe","14":"tag-fr","15":"tag-france","16":"tag-grand-est","17":"tag-impression","18":"tag-matieres-premieres","19":"tag-meurthe-et-moselle","20":"tag-nancy","21":"tag-news","22":"tag-papier","23":"tag-papier-carton","24":"tag-republique-francaise"},"share_on_mastodon":{"url":"https:\/\/pubeurope.com\/@fr\/115172860431483349","error":""},"_links":{"self":[{"href":"https:\/\/www.europesays.com\/fr\/wp-json\/wp\/v2\/posts\/377035","targetHints":{"allow":["GET"]}}],"collection":[{"href":"https:\/\/www.europesays.com\/fr\/wp-json\/wp\/v2\/posts"}],"about":[{"href":"https:\/\/www.europesays.com\/fr\/wp-json\/wp\/v2\/types\/post"}],"author":[{"embeddable":true,"href":"https:\/\/www.europesays.com\/fr\/wp-json\/wp\/v2\/users\/2"}],"replies":[{"embeddable":true,"href":"https:\/\/www.europesays.com\/fr\/wp-json\/wp\/v2\/comments?post=377035"}],"version-history":[{"count":0,"href":"https:\/\/www.europesays.com\/fr\/wp-json\/wp\/v2\/posts\/377035\/revisions"}],"wp:featuredmedia":[{"embeddable":true,"href":"https:\/\/www.europesays.com\/fr\/wp-json\/wp\/v2\/media\/377036"}],"wp:attachment":[{"href":"https:\/\/www.europesays.com\/fr\/wp-json\/wp\/v2\/media?parent=377035"}],"wp:term":[{"taxonomy":"category","embeddable":true,"href":"https:\/\/www.europesays.com\/fr\/wp-json\/wp\/v2\/categories?post=377035"},{"taxonomy":"post_tag","embeddable":true,"href":"https:\/\/www.europesays.com\/fr\/wp-json\/wp\/v2\/tags?post=377035"}],"curies":[{"name":"wp","href":"https:\/\/api.w.org\/{rel}","templated":true}]}}