{"id":377037,"date":"2025-09-09T06:12:14","date_gmt":"2025-09-09T06:12:14","guid":{"rendered":"https:\/\/www.europesays.com\/fr\/377037\/"},"modified":"2025-09-09T06:12:14","modified_gmt":"2025-09-09T06:12:14","slug":"la-rentree-aux-couleurs-du-patrimoine-au-cinema-de-six-fours","status":"publish","type":"post","link":"https:\/\/www.europesays.com\/fr\/377037\/","title":{"rendered":"La rentr\u00e9e aux couleurs du patrimoine au cin\u00e9ma de Six-Fours"},"content":{"rendered":"<p>Malgr\u00e9 un \u00e9t\u00e9 morose pour les cin\u00e9mas dans l\u2019Hexagone, avec une baisse de pr\u00e8s de 23% de fr\u00e9quentation par rapport \u00e0 l\u2019\u00e9t\u00e9 2024 selon le CNC, le Six n\u2019\u00e9toiles affiche une \u00e9nergie intacte pour la rentr\u00e9e et propose au public des rendez-vous m\u00ealant d\u00e9couvertes, rencontres et patrimoine.<\/p>\n<p>D\u00e8s ce soir \u00e0 20h30, une avant-premi\u00e8re pas comme les autres attend les spectateurs. Le titre et le sujet du film resteront secrets jusqu\u2019aux premi\u00e8res images. S\u00e9lectionn\u00e9e par l\u2019AFCAE, Association fran\u00e7aise des cin\u00e9mas d\u2019art et d\u2019essai, cette proposition vise \u00e0 \u00e9veiller la curiosit\u00e9 et \u00e0 encourager le public \u00e0 sortir des sentiers battus.<\/p>\n<p>\u00ab\u00a0C\u2019est une jolie fa\u00e7on de pousser le grand public \u00e0 la d\u00e9couverte\u00a0\u00bb, souligne No\u00e9mie Dumas, la directrice du cin\u00e9ma. Cette initiative sera reconduite chaque mois. Pour les impatients, un indice est tout de m\u00eame donn\u00e9: le film de ce soir est l\u2019adaptation d\u2019un roman.<\/p>\n<p>Autre rendez-vous pour les cin\u00e9philes: ce jeudi \u00e0 20h15, le public pourra assister \u00e0 l\u2019avant-premi\u00e8re de M\u00e9t\u00e9ors en pr\u00e9sence de l\u2019acteur marseillais Idir Azougli. Une occasion rare d\u2019\u00e9changer directement avec un com\u00e9dien et de plonger dans les coulisses de la cr\u00e9ation d\u2019un long-m\u00e9trage.<\/p>\n<p>Marcel Pagnol \u00e0 l\u2019honneur pour les Journ\u00e9es du patrimoine<\/p>\n<p>\u00c0 partir de ce mercredi, le cin\u00e9ma rend hommage \u00e0 l\u2019un des plus grands Proven\u00e7aux: Marcel Pagnol. Une r\u00e9trospective de ses films restaur\u00e9s sera propos\u00e9e au public: Merlusse (mercredi 10 \u00e0 17h), Cigalon (jeudi 11 \u00e0 16h15), Manon des Sources (vendredi 12 \u00e0 14h et dimanche 14 \u00e0 11h), et Ugolin (dimanche 14 \u00e0 14h).<\/p>\n<p>\u00ab\u00a0C\u2019est l\u2019occasion de se pencher sur une figure qui tient au c\u0153ur de tous les gens de la r\u00e9gion. \u00c9crivain, il a aussi \u00e9t\u00e9 un fabuleux r\u00e9alisateur qui s\u2019est battu pendant la Seconde Guerre mondiale pour exercer son m\u00e9tier et qui a su, plus tard, garder un ancrage profond sur ses terres natales en cr\u00e9ant des studios de tournage dans les collines du Sud\u00a0\u00bb, rappelle No\u00e9mie Dumas. La r\u00e9trospective s\u2019ach\u00e8vera le 19 \u00e0 19h avec l\u2019avant-premi\u00e8re en plein air de Marcel et Monsieur Pagnol, film d\u2019animation pr\u00e9sent\u00e9 au dernier Festival de Cannes. Le rendez-vous est fix\u00e9 au domaine du Plan de la Mer de la famille Priolio.<\/p>\n<p>\u00c0 noter \u00e9galement ce mois-ci: le mardi 16 d\u00e8s 19h15, une soir\u00e9e quiz et ap\u00e9ro convivial avec des cadeaux \u00e0 gagner autour du film Downton Abbey III; le mercredi 17 \u00e0 20h30, la soir\u00e9e de lancement de Femmes! festival avec Les filles d\u00e9sir en pr\u00e9sence de la r\u00e9alisatrice Princia Car et de la cosc\u00e9nariste L\u00e9na Mardi; enfin, le vendredi 26 septembre \u00e0 20h, une soir\u00e9e pr\u00e9ambule au salon litt\u00e9raire Romance les Plages avec la projection de Libre \u00e9change et un cocktail de bienvenue.<\/p>\n<p>Infos et r\u00e9servations: sixnetoiles.fr<\/p>\n<p>            Du grand \u00e9cran aux salles de classe<\/p>\n<p>Au Six N\u2019\u00c9toiles, le cin\u00e9ma ne s\u2019arr\u00eate pas \u00e0 l\u2019\u00e9cran : il devient aussi un outil p\u00e9dagogique et une passerelle vers l\u2019\u00e9ducation \u00e0 l\u2019image. Tout au long de l\u2019ann\u00e9e, l\u2019\u00e9tablissement accompagne les \u00e9l\u00e8ves, du primaire au lyc\u00e9e, dans leur d\u00e9couverte du septi\u00e8me art. Cet automne, deux projections priv\u00e9es sont pr\u00e9vues pour les lyc\u00e9ens : M\u00e9t\u00e9ors et Little Jafna, ce dernier suivi d\u2019un \u00e9change en visioconf\u00e9rence avec l\u2019un des acteurs.<\/p>\n<p>\u00ab Notre r\u00f4le est aussi de proposer \u00e0 la jeunesse une fen\u00eatre ouverte sur le reste du monde. Certains \u00e9tablissements proposent des cursus option cin\u00e9ma au baccalaur\u00e9at. Pour se pr\u00e9parer, les \u00e9l\u00e8ves viennent visionner des films, faire des rencontres et poser des questions. \u00c0 la fin de l\u2019ann\u00e9e, ils sont \u00e9valu\u00e9s sur une cr\u00e9ation : court-m\u00e9trage, analyse de film ou sc\u00e9nario en fonction de leur sensibilit\u00e9 \u00bb, explique la directrice.<\/p>\n<p>Partenariat avec le lyc\u00e9e de la Coudouli\u00e8re<\/p>\n<p>Le partenariat avec le lyc\u00e9e professionnel de la Coudouli\u00e8re illustre aussi cette mission : les \u00e9l\u00e8ves de la fili\u00e8re accueil participent \u00e0 l\u2019organisation d\u2019\u00e9v\u00e9nements et vont jusqu\u2019\u00e0 programmer leurs propres soir\u00e9es th\u00e9matiques.<\/p>\n<p>L\u2019an dernier, leur soir\u00e9e \u00ab manga et film asiatique \u00bb avait fait salle comble. Avec Amnesty International, les classes d\u00e9couvrent aussi des films engag\u00e9s qui nourrissent le d\u00e9bat.<br \/>&#13;<br \/>\nQuant aux plus jeunes, ils s\u2019initient \u00e0 l\u2019image gr\u00e2ce \u00e0 des classiques choisis par le CNC et l\u2019\u00c9ducation nationale, comme Calamity ou Le Magicien d\u2019Oz. Ces actions p\u00e9dagogiques se prolongent avec le public : un Cin\u00e9 P\u2019tit D\u00e9j autour du film Timoche aura lieu dimanche 21 \u00e0 10 h, et une s\u00e9ance Cin\u2019\u00c9motions se d\u00e9roulera samedi 4 octobre \u00e0 14 h 30 avec Grosse Col\u00e8re et Fantaisies.<\/p>\n","protected":false},"excerpt":{"rendered":"Malgr\u00e9 un \u00e9t\u00e9 morose pour les cin\u00e9mas dans l\u2019Hexagone, avec une baisse de pr\u00e8s de 23% de fr\u00e9quentation&hellip;\n","protected":false},"author":2,"featured_media":377038,"comment_status":"","ping_status":"","sticky":false,"template":"","format":"standard","meta":{"footnotes":""},"categories":[9619],"tags":[1111,11,1777,674,1011,27,12,882,25,2310,3366],"class_list":{"0":"post-377037","1":"post","2":"type-post","3":"status-publish","4":"format-standard","5":"has-post-thumbnail","7":"category-toulon","8":"tag-actu","9":"tag-actualites","10":"tag-eu","11":"tag-europe","12":"tag-fr","13":"tag-france","14":"tag-news","15":"tag-provence-alpes-cote-dazur","16":"tag-republique-francaise","17":"tag-toulon","18":"tag-vie-locale"},"share_on_mastodon":{"url":"https:\/\/pubeurope.com\/@fr\/115172864402731773","error":""},"_links":{"self":[{"href":"https:\/\/www.europesays.com\/fr\/wp-json\/wp\/v2\/posts\/377037","targetHints":{"allow":["GET"]}}],"collection":[{"href":"https:\/\/www.europesays.com\/fr\/wp-json\/wp\/v2\/posts"}],"about":[{"href":"https:\/\/www.europesays.com\/fr\/wp-json\/wp\/v2\/types\/post"}],"author":[{"embeddable":true,"href":"https:\/\/www.europesays.com\/fr\/wp-json\/wp\/v2\/users\/2"}],"replies":[{"embeddable":true,"href":"https:\/\/www.europesays.com\/fr\/wp-json\/wp\/v2\/comments?post=377037"}],"version-history":[{"count":0,"href":"https:\/\/www.europesays.com\/fr\/wp-json\/wp\/v2\/posts\/377037\/revisions"}],"wp:featuredmedia":[{"embeddable":true,"href":"https:\/\/www.europesays.com\/fr\/wp-json\/wp\/v2\/media\/377038"}],"wp:attachment":[{"href":"https:\/\/www.europesays.com\/fr\/wp-json\/wp\/v2\/media?parent=377037"}],"wp:term":[{"taxonomy":"category","embeddable":true,"href":"https:\/\/www.europesays.com\/fr\/wp-json\/wp\/v2\/categories?post=377037"},{"taxonomy":"post_tag","embeddable":true,"href":"https:\/\/www.europesays.com\/fr\/wp-json\/wp\/v2\/tags?post=377037"}],"curies":[{"name":"wp","href":"https:\/\/api.w.org\/{rel}","templated":true}]}}