{"id":377039,"date":"2025-09-09T06:13:22","date_gmt":"2025-09-09T06:13:22","guid":{"rendered":"https:\/\/www.europesays.com\/fr\/377039\/"},"modified":"2025-09-09T06:13:22","modified_gmt":"2025-09-09T06:13:22","slug":"paolo-garbisi-je-mentends-super-bien-avec-lui-cest-cool-de-se-retrouver-ici-a-toulon","status":"publish","type":"post","link":"https:\/\/www.europesays.com\/fr\/377039\/","title":{"rendered":"Paolo Garbisi : \u00ab Je m\u2019entends super bien avec lui, c\u2019est cool de se retrouver ici, \u00e0 Toulon ! \u00bb"},"content":{"rendered":"<p>Le trois-quarts centre international Italien Juan Ignacio Brex a disput\u00e9 son premier match de Top 14, samedi soir avec Toulon, contre Montpellier.<\/p>\n<p>Et pour sa premi\u00e8re sous les couleurs Rouge et Noir, l\u2019Italien a remport\u00e9 une victoire.<\/p>\n<p>L\u2019ouvreur Italien du Rugby Club Toulonnais, Paolo Garbisi n\u2019a pas manqu\u00e9 d\u2019exprimer sa joie de pouvoir jouer avec son compatriote Brex.<\/p>\n<p>Il se dit tr\u00e8s heureux de pouvoir retrouver son ami \u00e0 Toulon.<\/p>\n<p>Il s\u2019est confi\u00e9 via <a href=\"https:\/\/www.varmatin.com\/rugby\/l-adaptation-express-de-nacho-brex-avec-le-rct-1000897\" rel=\"nofollow noopener\" target=\"_blank\">Var-matin<\/a>.<\/p>\n<p><strong>A lire ci-dessous :<\/strong><\/p>\n<p>\u00ab\u00a0Ce n\u2019est jamais facile d\u2019arriver dans un nouveau championnat. Souvent, il faut un temps d\u2019adaptation. Mais \u201cNacho\u00a0\u00bb a fait un tr\u00e8s bon match. Il a montr\u00e9 beaucoup de ses qualit\u00e9s, que ce soit en attaque comme en d\u00e9fense.<\/p>\n<p>Je m\u2019entends super bien avec lui. C\u2019est cool de se retrouver ici, \u00e0 Toulon, dans le m\u00eame club. Sinon, sur le terrain, on voit tr\u00e8s souvent les m\u00eames choses. Alors, forc\u00e9ment, \u00e7a facilite le jeu. C\u2019est plus fluide.\u00a0\u00bb\u00a0<\/p>\n","protected":false},"excerpt":{"rendered":"Le trois-quarts centre international Italien Juan Ignacio Brex a disput\u00e9 son premier match de Top 14, samedi soir&hellip;\n","protected":false},"author":2,"featured_media":377040,"comment_status":"","ping_status":"","sticky":false,"template":"","format":"standard","meta":{"footnotes":""},"categories":[9619],"tags":[1111,11,1777,674,1011,27,12,882,25,2310],"class_list":{"0":"post-377039","1":"post","2":"type-post","3":"status-publish","4":"format-standard","5":"has-post-thumbnail","7":"category-toulon","8":"tag-actu","9":"tag-actualites","10":"tag-eu","11":"tag-europe","12":"tag-fr","13":"tag-france","14":"tag-news","15":"tag-provence-alpes-cote-dazur","16":"tag-republique-francaise","17":"tag-toulon"},"share_on_mastodon":{"url":"https:\/\/pubeurope.com\/@fr\/115172868319552392","error":""},"_links":{"self":[{"href":"https:\/\/www.europesays.com\/fr\/wp-json\/wp\/v2\/posts\/377039","targetHints":{"allow":["GET"]}}],"collection":[{"href":"https:\/\/www.europesays.com\/fr\/wp-json\/wp\/v2\/posts"}],"about":[{"href":"https:\/\/www.europesays.com\/fr\/wp-json\/wp\/v2\/types\/post"}],"author":[{"embeddable":true,"href":"https:\/\/www.europesays.com\/fr\/wp-json\/wp\/v2\/users\/2"}],"replies":[{"embeddable":true,"href":"https:\/\/www.europesays.com\/fr\/wp-json\/wp\/v2\/comments?post=377039"}],"version-history":[{"count":0,"href":"https:\/\/www.europesays.com\/fr\/wp-json\/wp\/v2\/posts\/377039\/revisions"}],"wp:featuredmedia":[{"embeddable":true,"href":"https:\/\/www.europesays.com\/fr\/wp-json\/wp\/v2\/media\/377040"}],"wp:attachment":[{"href":"https:\/\/www.europesays.com\/fr\/wp-json\/wp\/v2\/media?parent=377039"}],"wp:term":[{"taxonomy":"category","embeddable":true,"href":"https:\/\/www.europesays.com\/fr\/wp-json\/wp\/v2\/categories?post=377039"},{"taxonomy":"post_tag","embeddable":true,"href":"https:\/\/www.europesays.com\/fr\/wp-json\/wp\/v2\/tags?post=377039"}],"curies":[{"name":"wp","href":"https:\/\/api.w.org\/{rel}","templated":true}]}}