{"id":377041,"date":"2025-09-09T06:14:27","date_gmt":"2025-09-09T06:14:27","guid":{"rendered":"https:\/\/www.europesays.com\/fr\/377041\/"},"modified":"2025-09-09T06:14:27","modified_gmt":"2025-09-09T06:14:27","slug":"castelnau-le-lez-sante-publique-journee-de-depistage-gratuit-de-linsuffisance-cardiaque","status":"publish","type":"post","link":"https:\/\/www.europesays.com\/fr\/377041\/","title":{"rendered":"CASTELNAU LE LEZ &#8211; Sant\u00e9 publique : Journ\u00e9e de d\u00e9pistage gratuit de l&rsquo;insuffisance cardiaque"},"content":{"rendered":"<p>Pathologie silencieuse et en forte croissance, l\u2019insuffisance cardiaque (IC) touche chaque ann\u00e9e 1 patient sur 5 de plus de 60 ans et repr\u00e9senterait une des premi\u00e8res causes d\u2019hospitalisation chez les adultes. Sur le territoire de la CPTS Montpellier Nord Grand Pic Saint-Loup, pr\u00e8s de 750 personnes sont aujourd\u2019hui diagnostiqu\u00e9es. L\u2019identification des risques de rechute est un enjeu majeur pour diminuer les r\u00e9hospitalisations. Par ailleurs, le d\u00e9pistage pr\u00e9coce sauve des vies. Le lien ville-h\u00f4pital en sortie de s\u00e9jour, l\u2019adaptation des traitements et une meilleure coordination entre m\u00e9decins traitants, sp\u00e9cialistes et \u00e9quipes lib\u00e9rales constituent des pistes d\u2019am\u00e9lioration identifi\u00e9es.<\/p>\n<p><strong>Une journ\u00e9e de pr\u00e9vention ouverte \u00e0 tous<\/strong><\/p>\n<p>Dans le cadre de la Semaine nationale de l\u2019insuffisance cardiaque (du 22 au 29 septembre 2025 &#8211; avant la Journ\u00e9e mondiale du c\u0153ur du 29 septembre), la CPTS Montpellier Nord Grand Pic Saint-Loup avec ses partenaires, le Groupe Clinip\u00f4le, l\u2019URPS Biologistes, la F\u00e9d\u00e9ration Fran\u00e7aise de Cardiologie et le Club C\u0153ur et Sant\u00e9, organisent une journ\u00e9e de d\u00e9pistage gratuit dont l\u2019objectif est de rep\u00e9rer plus t\u00f4t les patients \u00e0 risque et renforcer la pr\u00e9vention gr\u00e2ce \u00e0 un accompagnement coordonn\u00e9.<\/p>\n<p><strong>Clinique du Parc \u2013 Castelnau-le-Lez<br \/>Jeudi 25 septembre 2025 \u2013 de 10h \u00e0 16h<\/strong><\/p>\n<p><strong>Le d\u00e9pistage, gratuit et ouvert \u00e0 tous, se pr\u00e9sente de la mani\u00e8re suivante\u00a0:<\/strong><\/p>\n<ul>\n<li>Prise de tension art\u00e9rielle,<\/li>\n<li>Questionnaire rapide pour \u00e9valuer les risques<\/li>\n<li>Analyse d\u2019un biomarqueur sanguin (NT-proBNP) si n\u00e9cessaire,<\/li>\n<li>Mesure de la glyc\u00e9mie,<\/li>\n<li>Rep\u00e9rage de l&rsquo;insuffisance cardiaque avec les signes EPOF (Essoufflement, Prise de poids rapide, \u0152d\u00e8me pieds\/jambes, fatigue importante),<\/li>\n<li>Conseils nutritionnels personnalis\u00e9s par une di\u00e9t\u00e9ticienne, remise de documentation pr\u00e9vention (alimentation, activit\u00e9 physique, sant\u00e9 du c\u0153ur).<\/li>\n<\/ul>\n<p>Au-del\u00e0 de cette journ\u00e9e de d\u00e9pistage, la CPTS organise aussi une soir\u00e9e th\u00e9matique le jeudi 25 septembre sur \u00ab\u00a0l\u2019insuffisance cardiaque chez la personne \u00e2g\u00e9e\u00a0\u00bb, avec les interventions du Pr Roubille, cardiologue au CHU de Montpellier, et du Dr Bouali, g\u00e9riatre.\u00a0\u00a0&gt;&gt; Clinique du Pic Saint Loup \u00e0 Saint-Cl\u00e9ment de Rivi\u00e8re \u2013 Salle de l\u2019Hortus &#8211; \u00e0 partir de 19h30 &#8211; Inscriptions \u00e0 la soir\u00e9e ici<\/p>\n","protected":false},"excerpt":{"rendered":"Pathologie silencieuse et en forte croissance, l\u2019insuffisance cardiaque (IC) touche chaque ann\u00e9e 1 patient sur 5 de plus&hellip;\n","protected":false},"author":2,"featured_media":377042,"comment_status":"","ping_status":"","sticky":false,"template":"","format":"standard","meta":{"footnotes":""},"categories":[9599],"tags":[1111,11,1777,674,1011,27,2208,12,2680,25],"class_list":{"0":"post-377041","1":"post","2":"type-post","3":"status-publish","4":"format-standard","5":"has-post-thumbnail","7":"category-montpellier","8":"tag-actu","9":"tag-actualites","10":"tag-eu","11":"tag-europe","12":"tag-fr","13":"tag-france","14":"tag-montpellier","15":"tag-news","16":"tag-occitanie","17":"tag-republique-francaise"},"share_on_mastodon":{"url":"https:\/\/pubeurope.com\/@fr\/115172872260892798","error":""},"_links":{"self":[{"href":"https:\/\/www.europesays.com\/fr\/wp-json\/wp\/v2\/posts\/377041","targetHints":{"allow":["GET"]}}],"collection":[{"href":"https:\/\/www.europesays.com\/fr\/wp-json\/wp\/v2\/posts"}],"about":[{"href":"https:\/\/www.europesays.com\/fr\/wp-json\/wp\/v2\/types\/post"}],"author":[{"embeddable":true,"href":"https:\/\/www.europesays.com\/fr\/wp-json\/wp\/v2\/users\/2"}],"replies":[{"embeddable":true,"href":"https:\/\/www.europesays.com\/fr\/wp-json\/wp\/v2\/comments?post=377041"}],"version-history":[{"count":0,"href":"https:\/\/www.europesays.com\/fr\/wp-json\/wp\/v2\/posts\/377041\/revisions"}],"wp:featuredmedia":[{"embeddable":true,"href":"https:\/\/www.europesays.com\/fr\/wp-json\/wp\/v2\/media\/377042"}],"wp:attachment":[{"href":"https:\/\/www.europesays.com\/fr\/wp-json\/wp\/v2\/media?parent=377041"}],"wp:term":[{"taxonomy":"category","embeddable":true,"href":"https:\/\/www.europesays.com\/fr\/wp-json\/wp\/v2\/categories?post=377041"},{"taxonomy":"post_tag","embeddable":true,"href":"https:\/\/www.europesays.com\/fr\/wp-json\/wp\/v2\/tags?post=377041"}],"curies":[{"name":"wp","href":"https:\/\/api.w.org\/{rel}","templated":true}]}}