{"id":377043,"date":"2025-09-09T06:15:10","date_gmt":"2025-09-09T06:15:10","guid":{"rendered":"https:\/\/www.europesays.com\/fr\/377043\/"},"modified":"2025-09-09T06:15:10","modified_gmt":"2025-09-09T06:15:10","slug":"le-pot-de-depart-de-francois-bayrou-organise-a-montpellier","status":"publish","type":"post","link":"https:\/\/www.europesays.com\/fr\/377043\/","title":{"rendered":"Le pot de d\u00e9part de Fran\u00e7ois Bayrou organis\u00e9 \u00e0 Montpellier"},"content":{"rendered":"<p>Lundi soir \u00e0 Montpellier, la chute du gouvernement a fait quelques heureux. 200 personnes environ ont particip\u00e9 au pot de d\u00e9part du 1er ministre organis\u00e9 devant l&rsquo;Hotel de ville. Des sympathisants de gauche et d&rsquo;extr\u00eame gauche, ravis de voir Fran\u00e7ois Bayrou contraint \u00e0 la d\u00e9mission.\n<\/p>\n<p>Quelques tables d\u00e9pli\u00e9es sur la grande esplanade devant l&rsquo;H\u00f4tel de ville; pos\u00e9es dessus, des assiettes pleines de cacahu\u00e8tes et des bouteilles sorties pour le pot de d\u00e9part de Fran\u00e7ois Bayrou.<\/p>\n<p>200 personnes environ ont r\u00e9pondu \u00e0 l&rsquo;appel, des sympathisants de gauche et d&rsquo;extr\u00eame gauche pour qui\u00a0 la chute du gouvernement n&rsquo;est qu&rsquo;une premi\u00e8re \u00e9tape. Tout le monde garde en ligne de mire la journ\u00e9e \u00ab\u00a0Bloquons tout\u00a0\u00bb pr\u00e9vue ce mercredi 10 septembre.<\/p>\n<p>Gabriel, un \u00e9tudiant, r\u00e9sume \u00e0 lui seul le sentiment g\u00e9n\u00e9ral\u00a0: \u00ab\u00a0L&rsquo;id\u00e9al serait une d\u00e9mission de Macron mais on a bien\u00a0compris qu&rsquo;il comptait rester \u00e0 l&rsquo;Elys\u00e9e. Moi \u00e0 sa place pour mon honneur, je partirai, mais s&rsquo;il faut qu&rsquo;on le fasse partir, on le fera partir&#8230;\u00a0\u00bb<\/p>\n","protected":false},"excerpt":{"rendered":"Lundi soir \u00e0 Montpellier, la chute du gouvernement a fait quelques heureux. 200 personnes environ ont particip\u00e9 au&hellip;\n","protected":false},"author":2,"featured_media":377044,"comment_status":"","ping_status":"","sticky":false,"template":"","format":"standard","meta":{"footnotes":""},"categories":[9599],"tags":[1111,11,1777,674,1011,27,2208,12,2680,25],"class_list":{"0":"post-377043","1":"post","2":"type-post","3":"status-publish","4":"format-standard","5":"has-post-thumbnail","7":"category-montpellier","8":"tag-actu","9":"tag-actualites","10":"tag-eu","11":"tag-europe","12":"tag-fr","13":"tag-france","14":"tag-montpellier","15":"tag-news","16":"tag-occitanie","17":"tag-republique-francaise"},"share_on_mastodon":{"url":"https:\/\/pubeurope.com\/@fr\/115172876202397822","error":""},"_links":{"self":[{"href":"https:\/\/www.europesays.com\/fr\/wp-json\/wp\/v2\/posts\/377043","targetHints":{"allow":["GET"]}}],"collection":[{"href":"https:\/\/www.europesays.com\/fr\/wp-json\/wp\/v2\/posts"}],"about":[{"href":"https:\/\/www.europesays.com\/fr\/wp-json\/wp\/v2\/types\/post"}],"author":[{"embeddable":true,"href":"https:\/\/www.europesays.com\/fr\/wp-json\/wp\/v2\/users\/2"}],"replies":[{"embeddable":true,"href":"https:\/\/www.europesays.com\/fr\/wp-json\/wp\/v2\/comments?post=377043"}],"version-history":[{"count":0,"href":"https:\/\/www.europesays.com\/fr\/wp-json\/wp\/v2\/posts\/377043\/revisions"}],"wp:featuredmedia":[{"embeddable":true,"href":"https:\/\/www.europesays.com\/fr\/wp-json\/wp\/v2\/media\/377044"}],"wp:attachment":[{"href":"https:\/\/www.europesays.com\/fr\/wp-json\/wp\/v2\/media?parent=377043"}],"wp:term":[{"taxonomy":"category","embeddable":true,"href":"https:\/\/www.europesays.com\/fr\/wp-json\/wp\/v2\/categories?post=377043"},{"taxonomy":"post_tag","embeddable":true,"href":"https:\/\/www.europesays.com\/fr\/wp-json\/wp\/v2\/tags?post=377043"}],"curies":[{"name":"wp","href":"https:\/\/api.w.org\/{rel}","templated":true}]}}