{"id":377045,"date":"2025-09-09T06:16:10","date_gmt":"2025-09-09T06:16:10","guid":{"rendered":"https:\/\/www.europesays.com\/fr\/377045\/"},"modified":"2025-09-09T06:16:10","modified_gmt":"2025-09-09T06:16:10","slug":"les-dernieres-informations-et-reactions-en-attendant-un-nouveau-premier-ministre","status":"publish","type":"post","link":"https:\/\/www.europesays.com\/fr\/377045\/","title":{"rendered":"les derni\u00e8res informations et r\u00e9actions, en attendant un nouveau premier ministre"},"content":{"rendered":"<p>   A Clermont-Ferrand, \u00ab\u00a0plus on sera nombreux, plus on pourra esp\u00e9rer faire bouger les lignes\u00a0\u00bb             <\/p>\n<p class=\"post__live-container--answer-text post__space-node\">19\u00a0heures. Sous la bruine, une clameur monte parmi la petite foule qui s\u2019est mass\u00e9e aux pieds de l\u2019imposant \u00e9difice de la pr\u00e9fecture de Clermont-Ferrand, en pierre de Volvic\u00a0: \u00ab\u00a0Il est tomb\u00e9\u00a0\u00bb lance-t-on, comme si on parlait de la t\u00eate d\u2019un roi. Cris, applaudissements, sifflets, fumig\u00e8nes. A Clermont, ils sont environ 200 \u00e0 avoir brav\u00e9 la pluie, sous leur parapluie color\u00e9, pour un \u00ab\u00a0pot de d\u00e9part de Bayrou\u00a0\u00bb, comme il s\u2019en tient un peu partout en France, lundi, devant les mairies ou sur les places de village.<\/p>\n<p class=\"post__live-container--answer-text post__space-node\">Militants associatifs, syndicaux et politiques, \u00e9tudiants en keffieh, drapeaux palestiniens\u2026 La gauche locale serre les rangs. On se salue, \u00e0 force de manifestations et de luttes, on se conna\u00eet tous plus ou moins. L\u2019ambiance est bon enfant\u00a0: la fanfare locale \u00ab\u00a0La R\u00e9volta\u00a0\u00bb joue Bella Ciao, <a href=\"https:\/\/www.lemonde.fr\/m-le-mag\/article\/2023\/02\/01\/reforme-des-retraites-les-rosies-renfilent-leur-bleu-de-travail_6160146_4500055.html\" rel=\"nofollow noopener\" target=\"_blank\">les \u00ab\u00a0Rosies\u00a0\u00bb locales [troupe majoritairement f\u00e9minine cr\u00e9\u00e9e lors du premier projet de r\u00e9forme des retraites de Macron en\u00a02019] ont rev\u00eatu leur bleu de travail et leur bandana<\/a>.<\/p>\n<p class=\"post__live-container--answer-text post__space-node\">Claire, ergoth\u00e9rapeute de 50\u00a0ans, est venue seule. Elle n\u2019est pas militante ni dans les boucles Telegram, et elle n\u2019a assist\u00e9 \u00e0 aucune AG jusqu\u2019\u00e0 pr\u00e9sent. Elle est venue grossir les rangs, \u00ab\u00a0en soutien, parce que plus on sera nombreux, plus on pourra esp\u00e9rer faire bouger les lignes\u00a0\u00bb. Parce qu\u2019elle est \u00ab\u00a0d\u00e9pit\u00e9e par l\u2019absence d\u2019\u00e9coute des citoyens\u00a0\u00bb. Elle cite l\u2019usage devenu r\u00e9current du 49.3 et le vote de la loi Duplomb\u00a0: \u00ab\u00a0Tout passe en force.\u00a0\u00bb<\/p>\n<p class=\"post__live-container--answer-text post__space-node\">Tr\u00e9sori\u00e8re d\u2019Osez le f\u00e9minisme\u00a063, Oph\u00e9lie Barbarin, 31\u00a0ans, ne cache pas ses inqui\u00e9tudes pour la suite\u00a0: \u00ab\u00a0OK, Bayrou a saut\u00e9, mais si c\u2019est pour qu\u2019on ait Retailleau ensuite, \u00e7a n\u2019arrangera rien \u00e0 la situation de nos associations f\u00e9ministes, qui pallient avec des bouts de ficelles le recul de l\u2019Etat dans les territoires\u00a0\u00bb. Et de rappeler que le CIDFF (Centre de ressources, de documentation et de formation) du d\u00e9partement a failli fermer faute de moyens suffisants. Des associations pourtant essentielles aux femmes, notamment en milieu rural.<\/p>\n<p class=\"post__live-container--answer-text post__space-node\">P\u00e9diatre retrait\u00e9, de \u00ab\u00a0toutes les luttes\u00a0\u00bb, Genevi\u00e8ve, 72\u00a0ans, en tenue des Rosies est particuli\u00e8rement pr\u00e9occup\u00e9e par l\u2019\u00e9tat de la d\u00e9mocratie. Elle en a vu, pourtant. Elle aussi regrette le \u00ab\u00a0passage en force\u00a0\u00bb sur la loi Duplomb et sur la r\u00e9forme des retraites par \u00ab\u00a0l\u2019usage r\u00e9current du 49.3\u00a0\u00bb\u2026 Le fait que 2\u00a0millions de citoyens aient sign\u00e9 la p\u00e9tition demandant son retrait, au c\u0153ur de l\u2019\u00e9t\u00e9, lui a toutefois redonn\u00e9 foi quant \u00e0 l\u2019\u00e9lan citoyen.<\/p>\n<p class=\"post__live-container--answer-text post__space-node\">Sur les coups de 20\u00a0heures, une militante appelle les plus motiv\u00e9s \u00e0 poursuivre la soir\u00e9e \u00e0 la maison du peuple, pour une assembl\u00e9e g\u00e9n\u00e9rale. Pour les autres, rendez-vous est donn\u00e9 d\u00e8s 7\u00a0heures du matin, mercredi 10\u00a0septembre, sur les ronds-points du Br\u00e9zet et des Pistes, pour une journ\u00e9e qui s\u2019annonce longue. Les plus d\u00e9termin\u00e9s entendent bien faire du 10 le d\u00e9but d\u2019une mobilisation durable. D\u2019autres se montrent plus pessimistes quant au pouvoir citoyen, us\u00e9s par toutes leurs manifestations, leurs journ\u00e9es de gr\u00e8ves et leur vote pour faire barrage ces derni\u00e8res ann\u00e9es.<\/p>\n<p>         Camille Bordenet (Clermont-Ferrand, envoy\u00e9e sp\u00e9ciale)  <\/p>\n","protected":false},"excerpt":{"rendered":"A Clermont-Ferrand, \u00ab\u00a0plus on sera nombreux, plus on pourra esp\u00e9rer faire bouger les lignes\u00a0\u00bb 19\u00a0heures. Sous la bruine,&hellip;\n","protected":false},"author":2,"featured_media":376643,"comment_status":"","ping_status":"","sticky":false,"template":"","format":"standard","meta":{"footnotes":""},"categories":[9587],"tags":[1111,11,1777,674,1011,27,12,5161,25,9590],"class_list":{"0":"post-377045","1":"post","2":"type-post","3":"status-publish","4":"format-standard","5":"has-post-thumbnail","7":"category-rouen","8":"tag-actu","9":"tag-actualites","10":"tag-eu","11":"tag-europe","12":"tag-fr","13":"tag-france","14":"tag-news","15":"tag-normandie","16":"tag-republique-francaise","17":"tag-rouen"},"share_on_mastodon":{"url":"https:\/\/pubeurope.com\/@fr\/115172880215474036","error":""},"_links":{"self":[{"href":"https:\/\/www.europesays.com\/fr\/wp-json\/wp\/v2\/posts\/377045","targetHints":{"allow":["GET"]}}],"collection":[{"href":"https:\/\/www.europesays.com\/fr\/wp-json\/wp\/v2\/posts"}],"about":[{"href":"https:\/\/www.europesays.com\/fr\/wp-json\/wp\/v2\/types\/post"}],"author":[{"embeddable":true,"href":"https:\/\/www.europesays.com\/fr\/wp-json\/wp\/v2\/users\/2"}],"replies":[{"embeddable":true,"href":"https:\/\/www.europesays.com\/fr\/wp-json\/wp\/v2\/comments?post=377045"}],"version-history":[{"count":0,"href":"https:\/\/www.europesays.com\/fr\/wp-json\/wp\/v2\/posts\/377045\/revisions"}],"wp:featuredmedia":[{"embeddable":true,"href":"https:\/\/www.europesays.com\/fr\/wp-json\/wp\/v2\/media\/376643"}],"wp:attachment":[{"href":"https:\/\/www.europesays.com\/fr\/wp-json\/wp\/v2\/media?parent=377045"}],"wp:term":[{"taxonomy":"category","embeddable":true,"href":"https:\/\/www.europesays.com\/fr\/wp-json\/wp\/v2\/categories?post=377045"},{"taxonomy":"post_tag","embeddable":true,"href":"https:\/\/www.europesays.com\/fr\/wp-json\/wp\/v2\/tags?post=377045"}],"curies":[{"name":"wp","href":"https:\/\/api.w.org\/{rel}","templated":true}]}}