{"id":377046,"date":"2025-09-09T06:17:10","date_gmt":"2025-09-09T06:17:10","guid":{"rendered":"https:\/\/www.europesays.com\/fr\/377046\/"},"modified":"2025-09-09T06:17:10","modified_gmt":"2025-09-09T06:17:10","slug":"manif-du-10-septembre-et-braderie-des-commercants-feront-ils-bon-menage-a-rouen","status":"publish","type":"post","link":"https:\/\/www.europesays.com\/fr\/377046\/","title":{"rendered":"Manif&rsquo; du 10 septembre et braderie des commer\u00e7ants feront-ils bon m\u00e9nage \u00e0 Rouen\u00a0?"},"content":{"rendered":"<p>            Par<br \/>\n        <strong><br \/>\n            <a href=\"https:\/\/actu.fr\/auteur\/thomas-rideau\" title=\"Consulter tous les articles de Thomas Rideau\" target=\"_blank\" rel=\"noopener\">Thomas Rideau<\/a><br \/>\n        <\/strong><\/p>\n<p>        Publi\u00e9 le<\/p>\n<p>            9 sept. 2025 \u00e0 7h02        <\/p>\n<p>Que va-t-il se passer le 10\u00a0septembre 2025\u2009? La mobilisation \u00ab\u2009Bloquons tout\u2009\u00bb doit prendre place sur tout le territoire national ainsi qu\u2019\u00e0 <a href=\"https:\/\/actu.fr\/normandie\/rouen_76540\" target=\"_blank\" rel=\"noopener\">Rouen (Seine-Maritime)<\/a>, o\u00f9 de <a href=\"https:\/\/actu.fr\/normandie\/rouen_76540\/manifestations-blocages-a-quoi-s-attendre-le-10-septembre-a-rouen-et-au-havre_63122216.html\" target=\"_blank\" rel=\"noopener\">nombreuses actions sont d\u00e9j\u00e0 pr\u00e9vues<\/a>. Ce mouvement qui se place hors des circuits de contestations \u00ab\u2009traditionnels\u2009\u00bb inqui\u00e8te<strong> certains commer\u00e7ants<\/strong> qui, hasard du calendrier, commencent la braderie de Rouen le m\u00eame jour.<\/p>\n<p>\u00ab\u2009Pas envie de revivre \u00e7a\u2009\u00bb<\/p>\n<p class=\" wall-content\">Dans le <strong>centre-ville<\/strong> de Rouen, ils sont surtout dans l\u2019expectative. \u00ab\u2009Pour la braderie, on est oblig\u00e9 d\u2019ouvrir\u2009! Bien s\u00fbr qu\u2019<strong>on se pose des questions<\/strong> par rapport \u00e0 la manifestation du 10\u00a0septembre, mais on verra\u2009\u00bb, souffle une commer\u00e7ante dans le pr\u00eat-\u00e0-porter. \u00ab\u2009On attend de voir et si \u00e7a chauffe, on rentre les \u00e9tals\u2009!\u2009\u00bb<\/p>\n<p class=\" wall-content\">Un peu plus loin, dans la rue du Gros Horloge, S\u00e9verine confirme, \u00ab\u2009c\u2019est vrai qu\u2019on s\u2019est demand\u00e9 s\u2019il fallait faire la braderie. Mais, si \u00e7a se trouve, <strong>il ne se passera rien\u2009?<\/strong>\u2009\u00bb, s\u2019interroge-t-elle. \u00ab\u2009On verra. En fonction de la manifestation, on baissera peut-\u00eatre le rideau\u2009\u00bb.<\/p>\n<p class=\" wall-content\">Le son de cloche est similaire chez une autre commer\u00e7ante de v\u00eatements, \u00ab\u2009j\u2019ai des confr\u00e8res qui se posent la question\u2009: <strong>faut-il mettre les \u00e9tals dehors le 10 septembre\u2009?<\/strong> On est toujours inquiet de ce qui peut se passer\u2026\u2009\u00bb Elle ne participera pas \u00e0 la braderie, mais \u00e7a n\u2019a rien \u00e0 voir avec le mouvement du 10\u00a0septembre, pr\u00e9cise-t-elle.<\/p>\n<p class=\" wall-content\">Du flou, parfois un peu d\u2019inqui\u00e9tude ou m\u00eame carr\u00e9ment de l\u2019appr\u00e9hension, comme avec Christine, commer\u00e7ante elle aussi rue du \u00ab\u2009Gros\u2009\u00bb. \u00ab\u2009Je ne sais pas si on va pouvoir d\u00e9baller dehors\u2026 Avec les manifestations des Gilets Jaunes, on a eu tellement d\u2019affrontements\u2009!\u2009\u00bb<\/p>\n<p>\u00ab\u2009Les gens se r\u00e9fugiaient dans le magasin\u2009\u00bb<\/p>\n<p class=\" wall-content\">Elle se souvient des clients qui \u00ab\u2009venaient se r\u00e9fugier dans la boutique. On a m\u00eame d\u00fb aller \u00e0 l\u2019\u00e9tage une fois quand ils tapaient sur les vitrines. Je n\u2019ai pas envie de revivre \u00e7a.\u2009\u00bb Elle l\u2019assure, <strong>elle va participer \u00e0 la braderie<\/strong>, mais si un mouvement de foule commence \u00e0 se dessiner, elle ne prendra pas de risque.<\/p>\n<p class=\" wall-content\"><strong>\u00ab\u2009On a les Gilets Jaunes en t\u00eate\u2009!\u2009\u00bb<\/strong>, s\u2019exclament ensemble Th\u00e9o et Sarah, du Foot Korner, rue du Gros Horloge. \u00ab\u2009On va faire la braderie, mais on s\u2019est pos\u00e9 la question. Avec les Gilets Jaunes, il y a eu pas mal de gaz lacrymo qui \u00e9tait balanc\u00e9 et les gens se r\u00e9fugiaient dans le magasin\u2009\u00bb, pr\u00e9cise Th\u00e9o qui se pr\u00e9pare aussi \u00e0 agir vite, mercredi, si les choses devaient d\u00e9g\u00e9n\u00e9rer.<\/p>\n<p>Votre r\u00e9gion, votre actu !<\/p>\n<p>Recevez chaque jour les infos qui comptent pour vous.<\/p>\n<p>\t<a href=\"https:\/\/actu.fr\/newsletter\" class=\"ac-btn ac-btn--corner ac-btn--medium ac-btn--blue800\" target=\"_blank\" rel=\"noopener\">S&rsquo;incrire<\/a><\/p>\n<p class=\" wall-content\">Justement, dur de pr\u00e9voir <a href=\"https:\/\/actu.fr\/auvergne-rhone-alpes\/lyon_69123\/lyon-bloquons-tout-le-10-septembre-une-mobilisation-massive-de-la-police-a-quoi-s-attendre_63119552.html\" target=\"_blank\" rel=\"noopener\">quelle forme va prendre ce mouvement<\/a>, certains ont m\u00eame pr\u00e9f\u00e9r\u00e9 <a href=\"https:\/\/actu.fr\/auvergne-rhone-alpes\/lyon_69123\/lyon-bloquons-tout-le-10-septembre-une-mobilisation-massive-de-la-police-a-quoi-s-attendre_63119552.html\" target=\"_blank\" rel=\"noopener\">reporter<\/a> carr\u00e9ment leur \u00e9v\u00e9nement pour ne pas prendre de risque. Une certitude\u2009: la contestation de ce mercredi va \u00eatre scrut\u00e9e par tout le monde.<\/p>\n<p>Suivez l\u2019actualit\u00e9 de Rouen <a href=\"https:\/\/www.whatsapp.com\/channel\/0029VaKfnf99hXF2ddApFB1D\" target=\"_blank\" rel=\"noopener\">sur notre cha\u00eene WhatsApp<\/a> et <a href=\"https:\/\/www.tiktok.com\/@76actu.fr?lang=fr\" target=\"_blank\" rel=\"noopener\">sur notre compte TikTok<\/a><\/p>\n<p class=\" wall-content\">Personnalisez votre actualit\u00e9 en ajoutant vos villes et m\u00e9dias en favori avec <a href=\"https:\/\/moncompte.actu.fr\" title=\"D\u00e9couvez Mon Actu\" rel=\"nofollow noopener\" data-trk=\"{&quot;cta&quot;:{&quot;action&quot;:&quot;https:\\\/\\\/moncompte.actu.fr&quot;,&quot;category&quot;:&quot;mon compte&quot;,&quot;from&quot;:&quot;article footer&quot;,&quot;name&quot;:&quot;Mon actu&quot;,&quot;type&quot;:&quot;cta&quot;}}\" target=\"_blank\">Mon Actu<\/a>.<\/p>\n<p>                    <script async src=\"\/\/www.tiktok.com\/embed.js\"><\/script><\/p>\n","protected":false},"excerpt":{"rendered":"Par Thomas Rideau Publi\u00e9 le 9 sept. 2025 \u00e0 7h02 Que va-t-il se passer le 10\u00a0septembre 2025\u2009? La&hellip;\n","protected":false},"author":2,"featured_media":377047,"comment_status":"","ping_status":"","sticky":false,"template":"","format":"standard","meta":{"footnotes":""},"categories":[9587],"tags":[1111,11,215,1777,674,1011,27,1272,12,5161,25,9590,104],"class_list":{"0":"post-377046","1":"post","2":"type-post","3":"status-publish","4":"format-standard","5":"has-post-thumbnail","7":"category-rouen","8":"tag-actu","9":"tag-actualites","10":"tag-commerce","11":"tag-eu","12":"tag-europe","13":"tag-fr","14":"tag-france","15":"tag-manifestations","16":"tag-news","17":"tag-normandie","18":"tag-republique-francaise","19":"tag-rouen","20":"tag-societe"},"share_on_mastodon":{"url":"https:\/\/pubeurope.com\/@fr\/115172884017200720","error":""},"_links":{"self":[{"href":"https:\/\/www.europesays.com\/fr\/wp-json\/wp\/v2\/posts\/377046","targetHints":{"allow":["GET"]}}],"collection":[{"href":"https:\/\/www.europesays.com\/fr\/wp-json\/wp\/v2\/posts"}],"about":[{"href":"https:\/\/www.europesays.com\/fr\/wp-json\/wp\/v2\/types\/post"}],"author":[{"embeddable":true,"href":"https:\/\/www.europesays.com\/fr\/wp-json\/wp\/v2\/users\/2"}],"replies":[{"embeddable":true,"href":"https:\/\/www.europesays.com\/fr\/wp-json\/wp\/v2\/comments?post=377046"}],"version-history":[{"count":0,"href":"https:\/\/www.europesays.com\/fr\/wp-json\/wp\/v2\/posts\/377046\/revisions"}],"wp:featuredmedia":[{"embeddable":true,"href":"https:\/\/www.europesays.com\/fr\/wp-json\/wp\/v2\/media\/377047"}],"wp:attachment":[{"href":"https:\/\/www.europesays.com\/fr\/wp-json\/wp\/v2\/media?parent=377046"}],"wp:term":[{"taxonomy":"category","embeddable":true,"href":"https:\/\/www.europesays.com\/fr\/wp-json\/wp\/v2\/categories?post=377046"},{"taxonomy":"post_tag","embeddable":true,"href":"https:\/\/www.europesays.com\/fr\/wp-json\/wp\/v2\/tags?post=377046"}],"curies":[{"name":"wp","href":"https:\/\/api.w.org\/{rel}","templated":true}]}}