{"id":377048,"date":"2025-09-09T06:19:11","date_gmt":"2025-09-09T06:19:11","guid":{"rendered":"https:\/\/www.europesays.com\/fr\/377048\/"},"modified":"2025-09-09T06:19:11","modified_gmt":"2025-09-09T06:19:11","slug":"grenoble-une-jeune-femme-attaquee-par-un-sanglier-son-malinois-grievement-blesse","status":"publish","type":"post","link":"https:\/\/www.europesays.com\/fr\/377048\/","title":{"rendered":"Grenoble: Une jeune femme attaqu\u00e9e par un sanglier, son malinois gri\u00e8vement bless\u00e9"},"content":{"rendered":"\n<p><strong>\u00c0 Saint-Martin-d\u2019H\u00e8res, en p\u00e9riph\u00e9rie de Grenoble, la prolif\u00e9ration des sangliers inqui\u00e8te de plus en plus les habitants. Ce qui relevait autrefois de l\u2019anecdote est devenu une v\u00e9ritable source de tension. R\u00e9cemment, une attaque a m\u00eame conduit une jeune femme et ses chiens \u00e0 un face-\u00e0-face dramatique avec un suid\u00e9.<\/strong><\/p>\n<p><strong>Des d\u00e9g\u00e2ts en pleine zone urbaine<\/strong><\/p>\n<p>Dans le parc de Saint-Martin-d\u2019H\u00e8res, \u00e0 quelques m\u00e8tres seulement d\u2019une aire de jeux pour enfants, le sol est litt\u00e9ralement retourn\u00e9. Les sangliers, \u00e0 la recherche de nourriture, creusent le terrain nuit apr\u00e8s nuit. \u00ab On estime leur nombre \u00e0 une douzaine, entre 12 et 15 individus \u00bb, a expliqu\u00e9 S\u00e9bastien Persicot, pr\u00e9sident de l\u2019association communale de chasse, \u00e0 nos confr\u00e8res de France 3. Une population suffisante pour ravager les parcelles et poser un r\u00e9el probl\u00e8me de s\u00e9curit\u00e9 publique.<\/p>\n<p><strong>Une attaque choquante<\/strong><\/p>\n<p>La situation a franchi un cap d\u00e9but septembre. La fille de G\u00e9raldine Ayache, qui promenait ses chiens, s\u2019est retrouv\u00e9e face \u00e0 un sanglier. Le choc a \u00e9t\u00e9 brutal : l\u2019animal s\u2019est senti accul\u00e9 et a charg\u00e9. Les chiens ont tent\u00e9 de prot\u00e9ger leur ma\u00eetresse, mais l\u2019un d\u2019eux, un malinois, a \u00e9t\u00e9 gri\u00e8vement bless\u00e9 et a d\u00fb subir trois heures d\u2019op\u00e9ration. \u00ab Le sanglier a attaqu\u00e9 ma fille. Il faut que des mesures soient prises \u00bb, demande aujourd\u2019hui la m\u00e8re de famille, encore sous le coup de l\u2019\u00e9motion.<\/p>\n<p><strong>Des r\u00e8gles de chasse trop restrictives<\/strong><\/p>\n<p>Pourtant, malgr\u00e9 l\u2019urgence, les chasseurs se heurtent \u00e0 des r\u00e8gles particuli\u00e8rement contraignantes. Comme le rappelle Patrice Sibut, pr\u00e9sident de la F\u00e9d\u00e9ration d\u00e9partementale des chasseurs de l\u2019Is\u00e8re, un arr\u00eat\u00e9 pr\u00e9fectoral datant de 2006 restreint la chasse dans cette zone p\u00e9riurbaine. Concr\u00e8tement, les chasseurs n\u2019ont l\u2019autorisation d\u2019intervenir que le samedi jusqu\u2019\u00e0 15 heures et le dimanche jusqu\u2019\u00e0 midi, et uniquement durant la saison officielle qui ne d\u00e9marre que le 14 septembre.\u00a0Ces limites, dict\u00e9es par des consid\u00e9rations de s\u00e9curit\u00e9, nuisent aujourd\u2019hui \u00e0 une r\u00e9gulation efficace alors que les sangliers s\u2019installent durablement dans le tissu urbain.<\/p>\n<p><strong>Une urgence de terrain<\/strong><\/p>\n<p>En attendant l\u2019ouverture de la chasse, la municipalit\u00e9 a d\u00fb se r\u00e9soudre \u00e0 fermer certains secteurs fr\u00e9quent\u00e9s par les sangliers et pr\u00e9voit l\u2019installation de cl\u00f4tures pour prot\u00e9ger les riverains. Mais chacun sait que ces mesures resteront insuffisantes face \u00e0 une esp\u00e8ce qui s\u2019adapte \u00e0 tous les milieux et dont la croissance d\u00e9mographique est exponentielle.\u00a0Plus que jamais, la situation grenobloise d\u00e9montre que la r\u00e9gulation des sangliers par les chasseurs est non seulement utile, mais indispensable. Car en zone rurale comme en zone urbaine, la cohabitation forc\u00e9e avec le sanglier ne peut conduire qu\u2019\u00e0 des accidents.<\/p>\n","protected":false},"excerpt":{"rendered":"\u00c0 Saint-Martin-d\u2019H\u00e8res, en p\u00e9riph\u00e9rie de Grenoble, la prolif\u00e9ration des sangliers inqui\u00e8te de plus en plus les habitants. Ce&hellip;\n","protected":false},"author":2,"featured_media":377049,"comment_status":"","ping_status":"","sticky":false,"template":"","format":"standard","meta":{"footnotes":""},"categories":[9566],"tags":[1111,11,2430,51067,51068,1777,674,23338,1011,27,2731,51069,12,51070,25],"class_list":{"0":"post-377048","1":"post","2":"type-post","3":"status-publish","4":"format-standard","5":"has-post-thumbnail","7":"category-grenoble","8":"tag-actu","9":"tag-actualites","10":"tag-auvergne-rhone-alpes","11":"tag-chasse-au-sanglier","12":"tag-chasse-en-battue","13":"tag-eu","14":"tag-europe","15":"tag-federation-de-chasse","16":"tag-fr","17":"tag-france","18":"tag-grenoble","19":"tag-legislation-chasse","20":"tag-news","21":"tag-polemique-chasse","22":"tag-republique-francaise"},"share_on_mastodon":{"url":"https:\/\/pubeurope.com\/@fr\/115172891961602159","error":""},"_links":{"self":[{"href":"https:\/\/www.europesays.com\/fr\/wp-json\/wp\/v2\/posts\/377048","targetHints":{"allow":["GET"]}}],"collection":[{"href":"https:\/\/www.europesays.com\/fr\/wp-json\/wp\/v2\/posts"}],"about":[{"href":"https:\/\/www.europesays.com\/fr\/wp-json\/wp\/v2\/types\/post"}],"author":[{"embeddable":true,"href":"https:\/\/www.europesays.com\/fr\/wp-json\/wp\/v2\/users\/2"}],"replies":[{"embeddable":true,"href":"https:\/\/www.europesays.com\/fr\/wp-json\/wp\/v2\/comments?post=377048"}],"version-history":[{"count":0,"href":"https:\/\/www.europesays.com\/fr\/wp-json\/wp\/v2\/posts\/377048\/revisions"}],"wp:featuredmedia":[{"embeddable":true,"href":"https:\/\/www.europesays.com\/fr\/wp-json\/wp\/v2\/media\/377049"}],"wp:attachment":[{"href":"https:\/\/www.europesays.com\/fr\/wp-json\/wp\/v2\/media?parent=377048"}],"wp:term":[{"taxonomy":"category","embeddable":true,"href":"https:\/\/www.europesays.com\/fr\/wp-json\/wp\/v2\/categories?post=377048"},{"taxonomy":"post_tag","embeddable":true,"href":"https:\/\/www.europesays.com\/fr\/wp-json\/wp\/v2\/tags?post=377048"}],"curies":[{"name":"wp","href":"https:\/\/api.w.org\/{rel}","templated":true}]}}