{"id":377050,"date":"2025-09-09T06:20:14","date_gmt":"2025-09-09T06:20:14","guid":{"rendered":"https:\/\/www.europesays.com\/fr\/377050\/"},"modified":"2025-09-09T06:20:14","modified_gmt":"2025-09-09T06:20:14","slug":"quelles-consequences-sur-le-trafic-sncf-le-point-par-ligne","status":"publish","type":"post","link":"https:\/\/www.europesays.com\/fr\/377050\/","title":{"rendered":"quelles cons\u00e9quences sur le trafic SNCF ? Le point par ligne"},"content":{"rendered":"<p>            Par<br \/>\n        <strong><br \/>\n            <a href=\"https:\/\/actu.fr\/auteur\/brian-legoff\" title=\"Consulter tous les articles de Brian Le Goff\" target=\"_blank\" rel=\"noopener\">Brian Le Goff<\/a><br \/>\n        <\/strong><\/p>\n<p>        Publi\u00e9 le<\/p>\n<p>            9 sept. 2025 \u00e0 6h32        <\/p>\n<p><a href=\"https:\/\/actu.fr\/societe\/gros-blocages-ou-effets-d-annonce-a-quoi-faut-il-vraiment-s-attendre-le-10-septembre_63117418.html\" target=\"_blank\" rel=\"noopener\">\u00ab\u2009Bloquons tout\u2009\u00bb,<\/a> le<strong> mouvement de contestation contre la politique<\/strong> men\u00e9e par le gouvernement de <a href=\"https:\/\/actu.fr\/politique\/francois-bayrou-n-obtient-pas-la-confiance-demission-budget-et-maintenant-que-va-t-il-se-passer_63128634.html\" target=\"_blank\" rel=\"noopener\">Fran\u00e7ois Bayrou, qui n\u2019a pas obtenu la confiance<\/a> de l\u2019Assembl\u00e9e Nationale, et le pr\u00e9sident Emmanuel Macron, entra\u00eene des <strong>perturbations<\/strong> sur le trafic SNCF. En <a href=\"https:\/\/actu.fr\/bretagne\/\" target=\"_blank\" rel=\"noopener\">Bretagne<\/a>, <strong>3 TER BreizhGo sur 4<\/strong> circuleront, affirme l\u2019entreprise ferroviaire dans une communication transmise aux m\u00e9dias dont <a href=\"https:\/\/actu.fr\/rennes\/\" target=\"_blank\" rel=\"noopener\">actu Rennes<\/a>, lundi 8\u00a0septembre.<\/p>\n<p class=\" wall-content\">Les <strong>TGV Inoui, Ouigo, Ouigo train classique, ne seront pas impact\u00e9s<\/strong>, indique encore SNCF Bretagne.<\/p>\n<p>Dans le d\u00e9tail\u2009:<\/p>\n<ul class=\" wall-content\">\n<li>sur la ligne <strong>Quimper-Brest<\/strong>, seuls les trains TER de <strong>5h41 et de 17h03<\/strong> circulent. Dans l\u2019autre sens, seuls les TER de <strong>7h13, 12h42 et 18h41<\/strong> rouleront\u2009;<\/li>\n<li>sur la ligne <strong>Vannes-Quimper<\/strong>, les trains <strong>6h37, 8h37, 16h30 sont supprim\u00e9s<\/strong>. Dans le sens inverse, le Lorient-Vannes de 7h31 et le Quimper-Redon de 18h04 ne circuleront pas\u2009;<\/li>\n<li>sur la ligne Rennes-Ch\u00e2teaubriant, seuls les trains de 7h17, 12h55, 16h55 et 17h35 et 19h39 roulent. Dans l\u2019autre sens, m\u00eame chose pour ceux de 6h05, 6h45, 9h05, 14h15 et le Retiers-Rennes de 18h30\u2009;<\/li>\n<li>sur la lign<strong>e Rennes-La Brohini\u00e8re-Saint-Brieuc,<\/strong> les 6h35, 7h37, 8h37, 10h40, 12h39, 15h50, 16h37, 17h40, 18h38, 19h38, 20h40 circulent. Les Saint-Brieuc-Rennes de 6h11, 7h11, 8h16, 9h09, 12h, 13h12, 16h08, 17h12, 18h111, 19h12 \u00e9galement.<\/li>\n<li>sur la ligne <strong>Rennes-Montreuil-Dol-Saint-Malo,<\/strong> le Rennes-Dol de 17h25 est supprim\u00e9. Tout comme les Rennes-Montreuil-Sur-Ille de 17h41 et 19h07. Les Montreuil-Rennes de 7h017 et 18h23 sont, eux aussi, annul\u00e9s. Pareil pour le Dol-Rennes de 7h26.<\/li>\n<li>sur la<strong> ligne Rennes-Nantes,<\/strong> les trains de 7h35, 8h35, 12h35, 17h31 et 19h35 sont les seuls \u00e0 circuler. Dans le sens inverse, ceux de 7h05, 12h05, 16h05, 18h02 et 19h05 sont \u00e9galement maintenus.<\/li>\n<\/ul>\n<ul class=\" wall-content\">\n<li>les <strong>Rennes-Messac<\/strong> de 10h48, 16h48 sont supprim\u00e9s. Le<strong> Rennes-Redon<\/strong> de 18h aussi. Les <strong>Messac-Guirpry-Rennes<\/strong> de 7h14 et de 12h30 aussi. Le <strong>Vannes-Rennes<\/strong> de 11h50 circule. Le Vannes-Rennes de 11h58, non. Le <strong>Vannes-Redon<\/strong> de 19h33 est supprim\u00e9 ;<\/li>\n<li>sur la ligne <strong>Rennes-Saint-Brieuc-Morlaix-Brest<\/strong>, consultez le document ci-dessous\u202f;<\/li>\n<\/ul>\n<p><a href=\"https:\/\/static.actu.fr\/uploads\/2025\/09\/1009-msni-rennes-sbc-morlaix-brest.pdf\" target=\"_blank\" rel=\"noopener\">Afficher ou t\u00e9l\u00e9charger le fichier.<\/a><\/p>\n<ul class=\" wall-content\">\n<li>les <strong>Rennes-Vitr\u00e9<\/strong> de 13h44 et 20h36 sont supprim\u00e9s. Le <strong>Vitr\u00e9-Rennes<\/strong> et 16h05 aussi ;<\/li>\n<li>le <strong>Saint-Brieuc-Lannion<\/strong> de 9h34 et le <strong>Lannion-Saint-Brieuc<\/strong> de 12h38 sont supprim\u00e9s.<\/li>\n<\/ul>\n<p class=\" wall-content\">Personnalisez votre actualit\u00e9 en ajoutant vos villes et m\u00e9dias en favori avec <a href=\"https:\/\/moncompte.actu.fr\" title=\"D\u00e9couvez Mon Actu\" rel=\"nofollow noopener\" data-trk=\"{&quot;cta&quot;:{&quot;action&quot;:&quot;https:\\\/\\\/moncompte.actu.fr&quot;,&quot;category&quot;:&quot;mon compte&quot;,&quot;from&quot;:&quot;article footer&quot;,&quot;name&quot;:&quot;Mon actu&quot;,&quot;type&quot;:&quot;cta&quot;}}\" target=\"_blank\">Mon Actu<\/a>.<\/p>\n","protected":false},"excerpt":{"rendered":"Par Brian Le Goff Publi\u00e9 le 9 sept. 2025 \u00e0 6h32 \u00ab\u2009Bloquons tout\u2009\u00bb, le mouvement de contestation contre&hellip;\n","protected":false},"author":2,"featured_media":221694,"comment_status":"","ping_status":"","sticky":false,"template":"","format":"standard","meta":{"footnotes":""},"categories":[2821],"tags":[1111,11,829,1777,674,1011,27,6151,12,584,25,2215,104,3427],"class_list":{"0":"post-377050","1":"post","2":"type-post","3":"status-publish","4":"format-standard","5":"has-post-thumbnail","7":"category-rennes","8":"tag-actu","9":"tag-actualites","10":"tag-bretagne","11":"tag-eu","12":"tag-europe","13":"tag-fr","14":"tag-france","15":"tag-greve","16":"tag-news","17":"tag-rennes","18":"tag-republique-francaise","19":"tag-sncf","20":"tag-societe","21":"tag-syndicats"},"share_on_mastodon":{"url":"https:\/\/pubeurope.com\/@fr\/115172895843833119","error":""},"_links":{"self":[{"href":"https:\/\/www.europesays.com\/fr\/wp-json\/wp\/v2\/posts\/377050","targetHints":{"allow":["GET"]}}],"collection":[{"href":"https:\/\/www.europesays.com\/fr\/wp-json\/wp\/v2\/posts"}],"about":[{"href":"https:\/\/www.europesays.com\/fr\/wp-json\/wp\/v2\/types\/post"}],"author":[{"embeddable":true,"href":"https:\/\/www.europesays.com\/fr\/wp-json\/wp\/v2\/users\/2"}],"replies":[{"embeddable":true,"href":"https:\/\/www.europesays.com\/fr\/wp-json\/wp\/v2\/comments?post=377050"}],"version-history":[{"count":0,"href":"https:\/\/www.europesays.com\/fr\/wp-json\/wp\/v2\/posts\/377050\/revisions"}],"wp:featuredmedia":[{"embeddable":true,"href":"https:\/\/www.europesays.com\/fr\/wp-json\/wp\/v2\/media\/221694"}],"wp:attachment":[{"href":"https:\/\/www.europesays.com\/fr\/wp-json\/wp\/v2\/media?parent=377050"}],"wp:term":[{"taxonomy":"category","embeddable":true,"href":"https:\/\/www.europesays.com\/fr\/wp-json\/wp\/v2\/categories?post=377050"},{"taxonomy":"post_tag","embeddable":true,"href":"https:\/\/www.europesays.com\/fr\/wp-json\/wp\/v2\/tags?post=377050"}],"curies":[{"name":"wp","href":"https:\/\/api.w.org\/{rel}","templated":true}]}}