{"id":377053,"date":"2025-09-09T06:22:11","date_gmt":"2025-09-09T06:22:11","guid":{"rendered":"https:\/\/www.europesays.com\/fr\/377053\/"},"modified":"2025-09-09T06:22:11","modified_gmt":"2025-09-09T06:22:11","slug":"lingolsheim-une-nouvelle-residence-pour-seniors-sort-de-terre","status":"publish","type":"post","link":"https:\/\/www.europesays.com\/fr\/377053\/","title":{"rendered":"Lingolsheim. Une nouvelle r\u00e9sidence pour seniors sort de terre"},"content":{"rendered":"<p>Avec plus d\u2019un quart de la population \u00e2g\u00e9e de plus de 60 ans, la demande d\u2019habitat adapt\u00e9 est particuli\u00e8rement forte \u00e0 Lingolsheim, tout comme celle de logements sociaux dans l\u2019ensemble de l\u2019agglom\u00e9ration. Les 18 appartements qui seront g\u00e9r\u00e9s par Oph\u00e9a rue de Graffenstaden, et dont la livraison est pr\u00e9vue dans un an, seront donc bienvenus.<\/p>\n<p>Troisi\u00e8me r\u00e9sidence pour personnes \u00e2g\u00e9es de la commune<\/p>\n<p>Lors d\u2019une r\u00e9cente visite de chantier, la maire de Lingolsheim&#8230;<\/p>\n","protected":false},"excerpt":{"rendered":"Avec plus d\u2019un quart de la population \u00e2g\u00e9e de plus de 60 ans, la demande d\u2019habitat adapt\u00e9 est&hellip;\n","protected":false},"author":2,"featured_media":377054,"comment_status":"","ping_status":"","sticky":false,"template":"","format":"standard","meta":{"footnotes":""},"categories":[2820],"tags":[1111,11,4749,33,2880,1777,674,107,1011,27,775,1116,24067,12,25,640,3089],"class_list":{"0":"post-377053","1":"post","2":"type-post","3":"status-publish","4":"format-standard","5":"has-post-thumbnail","7":"category-strasbourg","8":"tag-actu","9":"tag-actualites","10":"tag-btp-et-chantiers","11":"tag-economie","12":"tag-edition-strasbourg","13":"tag-eu","14":"tag-europe","15":"tag-fil-info","16":"tag-fr","17":"tag-france","18":"tag-grand-est","19":"tag-immobilier","20":"tag-lingolsheim","21":"tag-news","22":"tag-republique-francaise","23":"tag-strasbourg","24":"tag-strasbourg-sud"},"share_on_mastodon":{"url":"https:\/\/pubeurope.com\/@fr\/115172903773046404","error":""},"_links":{"self":[{"href":"https:\/\/www.europesays.com\/fr\/wp-json\/wp\/v2\/posts\/377053","targetHints":{"allow":["GET"]}}],"collection":[{"href":"https:\/\/www.europesays.com\/fr\/wp-json\/wp\/v2\/posts"}],"about":[{"href":"https:\/\/www.europesays.com\/fr\/wp-json\/wp\/v2\/types\/post"}],"author":[{"embeddable":true,"href":"https:\/\/www.europesays.com\/fr\/wp-json\/wp\/v2\/users\/2"}],"replies":[{"embeddable":true,"href":"https:\/\/www.europesays.com\/fr\/wp-json\/wp\/v2\/comments?post=377053"}],"version-history":[{"count":0,"href":"https:\/\/www.europesays.com\/fr\/wp-json\/wp\/v2\/posts\/377053\/revisions"}],"wp:featuredmedia":[{"embeddable":true,"href":"https:\/\/www.europesays.com\/fr\/wp-json\/wp\/v2\/media\/377054"}],"wp:attachment":[{"href":"https:\/\/www.europesays.com\/fr\/wp-json\/wp\/v2\/media?parent=377053"}],"wp:term":[{"taxonomy":"category","embeddable":true,"href":"https:\/\/www.europesays.com\/fr\/wp-json\/wp\/v2\/categories?post=377053"},{"taxonomy":"post_tag","embeddable":true,"href":"https:\/\/www.europesays.com\/fr\/wp-json\/wp\/v2\/tags?post=377053"}],"curies":[{"name":"wp","href":"https:\/\/api.w.org\/{rel}","templated":true}]}}