{"id":377057,"date":"2025-09-09T06:24:09","date_gmt":"2025-09-09T06:24:09","guid":{"rendered":"https:\/\/www.europesays.com\/fr\/377057\/"},"modified":"2025-09-09T06:24:09","modified_gmt":"2025-09-09T06:24:09","slug":"la-vigilance-jaune-aux-orages-declenchee-voici-ou-ils-vont-frapper","status":"publish","type":"post","link":"https:\/\/www.europesays.com\/fr\/377057\/","title":{"rendered":"la vigilance jaune aux orages d\u00e9clench\u00e9e, voici o\u00f9 ils vont frapper"},"content":{"rendered":"<p>            Par<br \/>\n        <strong><br \/>\n            <a href=\"https:\/\/actu.fr\/auteur\/manon-reinhardt\" title=\"Consulter tous les articles de Manon Reinhardt\" target=\"_blank\" rel=\"noopener\">Manon Reinhardt<\/a><br \/>\n        <\/strong><\/p>\n<p>        Publi\u00e9 le<\/p>\n<p>            9 sept. 2025 \u00e0 6h16        <\/p>\n<p>La fin de l\u2019\u00e9t\u00e9 est proche\u2009! Ce mardi 9\u00a0septembre 2025, le d\u00e9partement des <a href=\"https:\/\/actu.fr\/provence-alpes-cote-d-azur\/alpes-maritimes_06\" target=\"_blank\" rel=\"noopener\">Alpes-Maritimes<\/a> et <a href=\"https:\/\/actu.fr\/provence-alpes-cote-d-azur\/nice_06088\" target=\"_blank\" rel=\"noopener\">Nice<\/a> ont \u00e9t\u00e9 plac\u00e9s en vigilance jaune aux orages. Des pr\u00e9cipitations sont pr\u00e9vues d\u00e8s le milieu de journ\u00e9e.<\/p>\n<p class=\" wall-content\">Voici les pr\u00e9visions.<\/p>\n<p>Une d\u00e9gradation qui vient du nord-est<\/p>\n<p class=\" wall-content\">Le beau temps va laisser place \u00e0 la grisaille, ce mardi, dans les Alpes-Maritimes. Le d\u00e9partement a \u00e9t\u00e9 plac\u00e9 en vigilance jaune aux orages <strong>\u00e0 partir de 14h et jusqu\u2019\u00e0 21h<\/strong>. Cet apr\u00e8s-midi, l\u2019arri\u00e8re-pays devrait davantage \u00eatre concern\u00e9 par les pr\u00e9cipitions qui se d\u00e9placeront ensuite vers le littoral.<\/p>\n<p class=\" wall-content\">De la pluie est ainsi pr\u00e9vue dans la soir\u00e9e sur la cit\u00e9 azur\u00e9enne. Les cellules orageuses pourraient se prolonger jusqu\u2019\u00e0 mercredi.<\/p>\n<p>    <a href=\"https:\/\/www.facebook.com\/plugins\/post.php?href=https%3A%2F%2Fwww.facebook.com%2FMeteoFrance%2Fposts%2Fpfbid031LjkDXtnnAPq2AHGsMLahN2BAZA1pM1KmQGzKewzfzrVe7mJviFuPYAzuUVCy5Zil&amp;show_text=true&amp;width=350\" title=\"Ouvrie le lien\" target=\"_blank\" rel=\"noopener\">Cliquez ici pour visualiser le contenu<\/a><\/p>\n<p class=\" wall-content\">La d\u00e9gradation vient du nord-est du pays et doit progresser jusqu\u2019\u00e0 la Corse. \u00ab\u2009La prudence est de mise\u2009\u00bb, rappelle M\u00e9t\u00e9o France.<\/p>\n<p class=\" wall-content\">Personnalisez votre actualit\u00e9 en ajoutant vos villes et m\u00e9dias en favori avec <a href=\"https:\/\/moncompte.actu.fr\" title=\"D\u00e9couvez Mon Actu\" rel=\"nofollow noopener\" data-trk=\"{&quot;cta&quot;:{&quot;action&quot;:&quot;https:\\\/\\\/moncompte.actu.fr&quot;,&quot;category&quot;:&quot;mon compte&quot;,&quot;from&quot;:&quot;article footer&quot;,&quot;name&quot;:&quot;Mon actu&quot;,&quot;type&quot;:&quot;cta&quot;}}\" target=\"_blank\">Mon Actu<\/a>.<\/p>\n","protected":false},"excerpt":{"rendered":"Par Manon Reinhardt Publi\u00e9 le 9 sept. 2025 \u00e0 6h16 La fin de l\u2019\u00e9t\u00e9 est proche\u2009! Ce mardi&hellip;\n","protected":false},"author":2,"featured_media":377058,"comment_status":"","ping_status":"","sticky":false,"template":"","format":"standard","meta":{"footnotes":""},"categories":[2819],"tags":[1111,11,1777,674,1011,27,3059,2487,2357,12,2401,882,25],"class_list":{"0":"post-377057","1":"post","2":"type-post","3":"status-publish","4":"format-standard","5":"has-post-thumbnail","7":"category-nice","8":"tag-actu","9":"tag-actualites","10":"tag-eu","11":"tag-europe","12":"tag-fr","13":"tag-france","14":"tag-intemperies","15":"tag-meteo","16":"tag-meteo-france","17":"tag-news","18":"tag-nice","19":"tag-provence-alpes-cote-dazur","20":"tag-republique-francaise"},"share_on_mastodon":{"url":"https:\/\/pubeurope.com\/@fr\/115172911639657772","error":""},"_links":{"self":[{"href":"https:\/\/www.europesays.com\/fr\/wp-json\/wp\/v2\/posts\/377057","targetHints":{"allow":["GET"]}}],"collection":[{"href":"https:\/\/www.europesays.com\/fr\/wp-json\/wp\/v2\/posts"}],"about":[{"href":"https:\/\/www.europesays.com\/fr\/wp-json\/wp\/v2\/types\/post"}],"author":[{"embeddable":true,"href":"https:\/\/www.europesays.com\/fr\/wp-json\/wp\/v2\/users\/2"}],"replies":[{"embeddable":true,"href":"https:\/\/www.europesays.com\/fr\/wp-json\/wp\/v2\/comments?post=377057"}],"version-history":[{"count":0,"href":"https:\/\/www.europesays.com\/fr\/wp-json\/wp\/v2\/posts\/377057\/revisions"}],"wp:featuredmedia":[{"embeddable":true,"href":"https:\/\/www.europesays.com\/fr\/wp-json\/wp\/v2\/media\/377058"}],"wp:attachment":[{"href":"https:\/\/www.europesays.com\/fr\/wp-json\/wp\/v2\/media?parent=377057"}],"wp:term":[{"taxonomy":"category","embeddable":true,"href":"https:\/\/www.europesays.com\/fr\/wp-json\/wp\/v2\/categories?post=377057"},{"taxonomy":"post_tag","embeddable":true,"href":"https:\/\/www.europesays.com\/fr\/wp-json\/wp\/v2\/tags?post=377057"}],"curies":[{"name":"wp","href":"https:\/\/api.w.org\/{rel}","templated":true}]}}