{"id":377059,"date":"2025-09-09T06:25:22","date_gmt":"2025-09-09T06:25:22","guid":{"rendered":"https:\/\/www.europesays.com\/fr\/377059\/"},"modified":"2025-09-09T06:25:22","modified_gmt":"2025-09-09T06:25:22","slug":"deux-americaines-voulaient-se-rendre-en-avion-a-nice-et-se-retrouvent-a-tunis-comment-est-ce-possible","status":"publish","type":"post","link":"https:\/\/www.europesays.com\/fr\/377059\/","title":{"rendered":"Deux Am\u00e9ricaines voulaient se rendre en avion \u00e0 Nice et se retrouvent \u00e0 Tunis, comment est-ce possible ?"},"content":{"rendered":"<p>Une erreur de destination improbable. Deux Am\u00e9ricaines ont partag\u00e9, samedi 6 septembre, leur \u00e9tonnante m\u00e9saventure \u00e0 l&rsquo;a\u00e9roport de Rome en Italie sur <a href=\"https:\/\/www.capital.fr\/conso\/les-pastilles-hydratantes-tres-en-vogue-sur-tiktok-font-encore-parler-d-elles-vraie-utilite-ou-coup-marketing-1517257\" rel=\"nofollow noopener\" target=\"_blank\">TikTok<\/a>. Leur vid\u00e9o est depuis devenue virale, rapporte <a href=\"https:\/\/www.leparisien.fr\/faits-divers\/cest-ou-la-tunisie-elles-voulaient-aller-to-nice-deux-americaines-se-retrouvent-par-erreur-a-tunis-08-09-2025-J5RSZ4Q4ZFDGZCHZCZVR4SDEHE.php\" rel=\"nofollow noopener\" target=\"_blank\">Le Parisien<\/a> ce lundi 8 septembre. Apr\u00e8s avoir rat\u00e9 leur vol initial, les deux amies ont demand\u00e9 un billet pour le prochain d\u00e9part. Par confusion, elles ont embarqu\u00e9 pour <strong>\u00abTunis\u00bb<\/strong> alors qu\u2019elles souhaitaient se rendre <strong>\u00abto Nice\u00bb <\/strong>(\u00ab\u00e0 Nice\u00bb en anglais), deux villes au nom similaire mais s\u00e9par\u00e9es par des milliers de kilom\u00e8tres. Ce n\u2019est qu\u2019une fois \u00e0 bord que l\u2019erreur leur a \u00e9t\u00e9 r\u00e9v\u00e9l\u00e9e, lorsqu\u2019une passag\u00e8re puis une h\u00f4tesse de l\u2019air leur ont confirm\u00e9 leur destination. Peu famili\u00e8res avec la g\u00e9ographie, elles ont alors interrog\u00e9, hilares, les autres voyageurs pour situer Tunis et la Tunisie.<\/p>\n<p>L\u2019une d\u2019elles, Brittney, s\u2019est finalement tourn\u00e9e vers un agent de <a href=\"https:\/\/www.capital.fr\/economie-politique\/vols-annules-de-tunisair-des-passagers-francais-bloques-plusieurs-jours-a-tunis-1504977\" rel=\"nofollow noopener\" target=\"_blank\">Tunisair<\/a> qui leur a conseill\u00e9 de changer de vol pour rejoindre la France. Pendant le trajet, elles ont per\u00e7u les r\u00e9actions des autres passagers, partag\u00e9s<strong> entre amusement et irritation<\/strong>. Leurs vid\u00e9os, diffus\u00e9es sur TikTok, ont \u00e9t\u00e9 vues des dizaines de millions de fois, racontant leurs tentatives aupr\u00e8s du personnel au sol pour retourner en France.<\/p>\n<p>Une plainte r\u00e9dig\u00e9e avec ChatGPT<\/p>\n<p>Brittney a notamment post\u00e9 des images dans un bureau de l\u2019a\u00e9roport de Tunis, puis \u00e0 un comptoir Tunisair, continuant \u00e0 confondre le continent africain avec un pays. Une autre vid\u00e9o montre une plainte, r\u00e9dig\u00e9e avec l\u2019aide de <a href=\"https:\/\/www.capital.fr\/conso\/comment-chatgpt-veut-s-inviter-dans-votre-iphone-entre-autres-1514522\" rel=\"nofollow noopener\" target=\"_blank\">ChatGPT<\/a>, qu\u2019elles pr\u00e9voient d\u2019adresser \u00e0 la compagnie a\u00e9rienne responsable. Apr\u00e8s plusieurs d\u00e9marches, les deux voyageuses ont finalement pu embarquer \u00e0 la derni\u00e8re minute pour quitter la Tunisie. Leur derni\u00e8re publication les montre \u00e0 bord d\u2019un vol Tunisair\u2026 vers une destination inconnue.<\/p>\n<p><a class=\"cta ctaInArticle lien-interne medium primary\" target=\"_blank\" href=\"https:\/\/www.capital.fr\/page\/indemnite-vols\" rel=\"nofollow noopener\"><br \/>\n\t\t\t&gt;&gt; Notre service &#8211; vol annul\u00e9 \/ retard\u00e9, \u00eates-vous \u00e9ligible \u00e0 une indemnisation ?\t<\/p>\n<p>\t<\/a><\/p>\n","protected":false},"excerpt":{"rendered":"Une erreur de destination improbable. Deux Am\u00e9ricaines ont partag\u00e9, samedi 6 septembre, leur \u00e9tonnante m\u00e9saventure \u00e0 l&rsquo;a\u00e9roport de&hellip;\n","protected":false},"author":2,"featured_media":377060,"comment_status":"","ping_status":"","sticky":false,"template":"","format":"standard","meta":{"footnotes":""},"categories":[2819],"tags":[1111,11,1777,674,1011,27,12,2401,882,25],"class_list":{"0":"post-377059","1":"post","2":"type-post","3":"status-publish","4":"format-standard","5":"has-post-thumbnail","7":"category-nice","8":"tag-actu","9":"tag-actualites","10":"tag-eu","11":"tag-europe","12":"tag-fr","13":"tag-france","14":"tag-news","15":"tag-nice","16":"tag-provence-alpes-cote-dazur","17":"tag-republique-francaise"},"share_on_mastodon":{"url":"https:\/\/pubeurope.com\/@fr\/115172915482299115","error":""},"_links":{"self":[{"href":"https:\/\/www.europesays.com\/fr\/wp-json\/wp\/v2\/posts\/377059","targetHints":{"allow":["GET"]}}],"collection":[{"href":"https:\/\/www.europesays.com\/fr\/wp-json\/wp\/v2\/posts"}],"about":[{"href":"https:\/\/www.europesays.com\/fr\/wp-json\/wp\/v2\/types\/post"}],"author":[{"embeddable":true,"href":"https:\/\/www.europesays.com\/fr\/wp-json\/wp\/v2\/users\/2"}],"replies":[{"embeddable":true,"href":"https:\/\/www.europesays.com\/fr\/wp-json\/wp\/v2\/comments?post=377059"}],"version-history":[{"count":0,"href":"https:\/\/www.europesays.com\/fr\/wp-json\/wp\/v2\/posts\/377059\/revisions"}],"wp:featuredmedia":[{"embeddable":true,"href":"https:\/\/www.europesays.com\/fr\/wp-json\/wp\/v2\/media\/377060"}],"wp:attachment":[{"href":"https:\/\/www.europesays.com\/fr\/wp-json\/wp\/v2\/media?parent=377059"}],"wp:term":[{"taxonomy":"category","embeddable":true,"href":"https:\/\/www.europesays.com\/fr\/wp-json\/wp\/v2\/categories?post=377059"},{"taxonomy":"post_tag","embeddable":true,"href":"https:\/\/www.europesays.com\/fr\/wp-json\/wp\/v2\/tags?post=377059"}],"curies":[{"name":"wp","href":"https:\/\/api.w.org\/{rel}","templated":true}]}}