{"id":377067,"date":"2025-09-09T06:31:10","date_gmt":"2025-09-09T06:31:10","guid":{"rendered":"https:\/\/www.europesays.com\/fr\/377067\/"},"modified":"2025-09-09T06:31:10","modified_gmt":"2025-09-09T06:31:10","slug":"a-coups-de-gifles-et-insultes-il-pousse-sa-compagne-dans-un-train-pres-de-toulouse-les-voyageurs-reagissent","status":"publish","type":"post","link":"https:\/\/www.europesays.com\/fr\/377067\/","title":{"rendered":"A coups de gifles et insultes, il pousse sa compagne dans un train pr\u00e8s de Toulouse : les voyageurs r\u00e9agissent"},"content":{"rendered":"<p>            Par<br \/>\n        <strong><br \/>\n            <a href=\"https:\/\/actu.fr\/auteur\/mareva-laville-actu-fr\" title=\"Consulter tous les articles de Mar\u00e9va Laville\" target=\"_blank\" rel=\"noopener\">Mar\u00e9va Laville<\/a><br \/>\n        <\/strong><\/p>\n<p>        Publi\u00e9 le<\/p>\n<p>            9 sept. 2025 \u00e0 6h42        <\/p>\n<p>Les violences conjugales n\u2019ont pas d\u2019\u00e2ge. Samedi 9 ao\u00fbt 2025, c\u2019est un tr\u00e8s jeune majeur qui s\u2019en est pris \u00e0 sa petite amie. \u00c2g\u00e9 de 18 ans, il a \u00e9t\u00e9 jug\u00e9 en <strong>comparution imm\u00e9diate<\/strong> au <strong>tribunal correctionnel de <a href=\"http:\/\/www.actu.fr\/toulouse\" target=\"_blank\" rel=\"noopener\">Toulouse<\/a>,<\/strong> moins d\u2019un mois apr\u00e8s les faits\u2026 dont les voyageurs de la SNCF se souviendront.<\/p>\n<p>Violences \u00e0 la gare et dans le train<\/p>\n<p class=\" wall-content\">Ce samedi d\u2019\u00e9t\u00e9, le jeune homme s\u2019est rendu, accompagn\u00e9 de sa conjointe et des amis, \u00e0 la <strong>gare de Lab\u00e8ge<\/strong>. Selon le parquet de Toulouse, il l\u2019a<strong> pouss\u00e9<\/strong> \u00e0 monter dans un train \u00ab\u00a0en lui portant des <strong>gifles<\/strong> et en <strong>l\u2019insultant\u00a0\u00bb<\/strong>.\u00a0<\/p>\n<p class=\" wall-content\">La sc\u00e8ne a \u00e9t\u00e9 vue par plusieurs t\u00e9moins, voyageurs \u00e0 bord du <strong>train de <a href=\"https:\/\/actu.fr\/occitanie\/toulouse_31555\/ils-pilotent-l-arrivee-des-trains-a-toulouse-immersion-dans-le-centre-ultra-securise-de-la-sncf_62447956.html\" target=\"_blank\" rel=\"noopener\">liO SNCF<\/a><\/strong><a href=\"https:\/\/actu.fr\/occitanie\/toulouse_31555\/ils-pilotent-l-arrivee-des-trains-a-toulouse-immersion-dans-le-centre-ultra-securise-de-la-sncf_62447956.html\" target=\"_blank\" rel=\"noopener\">.<\/a> Ce sont eux qui ont sollicit\u00e9 le<a href=\"https:\/\/actu.fr\/occitanie\/toulouse_31555\/toulouse-pour-esquiver-le-controleur-du-train-bordeaux-marseille-une-idee-de-genie-les-traverse_59816947.html\" target=\"_blank\" rel=\"noopener\"> contr\u00f4leur SNCF.<\/a> Le couple et leurs amis ont \u00e9t\u00e9 \u00e9vacu\u00e9s du wagon. Non sans cons\u00e9quence\u2026<\/p>\n<p>3 mois de prison imm\u00e9diats<\/p>\n<p class=\" wall-content\">Jeudi 4 septembre 2025, le jeune majeur a d\u00fb r\u00e9pondre de ses actes devant la justice, \u00e0 savoir des<strong> violences sans incapacit\u00e9 sur conjoint<\/strong>\u00a0et <strong>menace de mort r\u00e9it\u00e9r\u00e9e<\/strong>.<\/p>\n<p class=\" wall-content\">Pour ces motifs, il a \u00e9t\u00e9 condamn\u00e9 \u00e0 <strong>12 mois de prison,<\/strong> dont neuf mois de sursis provisoire, avec obligation de travail, soins, etc pendant deux ans. Plac\u00e9 pr\u00e9c\u00e9demment en d\u00e9tention provisoire, il a \u00e9t\u00e9 <strong>incarc\u00e9r\u00e9<\/strong> <strong>imm\u00e9diatement<\/strong> pour un total de six mois, suite \u00e0 la r\u00e9vocation d\u2019un pr\u00e9c\u00e9dent sursis en raison d\u2019une condamnation par le tribunal des enfants.<\/p>\n<p class=\" wall-content\">Personnalisez votre actualit\u00e9 en ajoutant vos villes et m\u00e9dias en favori avec <a href=\"https:\/\/moncompte.actu.fr\" title=\"D\u00e9couvez Mon Actu\" rel=\"nofollow noopener\" data-trk=\"{&quot;cta&quot;:{&quot;action&quot;:&quot;https:\\\/\\\/moncompte.actu.fr&quot;,&quot;category&quot;:&quot;mon compte&quot;,&quot;from&quot;:&quot;article footer&quot;,&quot;name&quot;:&quot;Mon actu&quot;,&quot;type&quot;:&quot;cta&quot;}}\" target=\"_blank\">Mon Actu<\/a>.<\/p>\n","protected":false},"excerpt":{"rendered":"Par Mar\u00e9va Laville Publi\u00e9 le 9 sept. 2025 \u00e0 6h42 Les violences conjugales n\u2019ont pas d\u2019\u00e2ge. Samedi 9&hellip;\n","protected":false},"author":2,"featured_media":32979,"comment_status":"","ping_status":"","sticky":false,"template":"","format":"standard","meta":{"footnotes":""},"categories":[2816],"tags":[1111,11,1777,674,118,1011,27,303,12,2680,25,2215,2312,798],"class_list":{"0":"post-377067","1":"post","2":"type-post","3":"status-publish","4":"format-standard","5":"has-post-thumbnail","7":"category-toulouse","8":"tag-actu","9":"tag-actualites","10":"tag-eu","11":"tag-europe","12":"tag-faits-divers","13":"tag-fr","14":"tag-france","15":"tag-justice","16":"tag-news","17":"tag-occitanie","18":"tag-republique-francaise","19":"tag-sncf","20":"tag-toulouse","21":"tag-violences-conjugales"},"share_on_mastodon":{"url":"https:\/\/pubeurope.com\/@fr\/115172939150329412","error":""},"_links":{"self":[{"href":"https:\/\/www.europesays.com\/fr\/wp-json\/wp\/v2\/posts\/377067","targetHints":{"allow":["GET"]}}],"collection":[{"href":"https:\/\/www.europesays.com\/fr\/wp-json\/wp\/v2\/posts"}],"about":[{"href":"https:\/\/www.europesays.com\/fr\/wp-json\/wp\/v2\/types\/post"}],"author":[{"embeddable":true,"href":"https:\/\/www.europesays.com\/fr\/wp-json\/wp\/v2\/users\/2"}],"replies":[{"embeddable":true,"href":"https:\/\/www.europesays.com\/fr\/wp-json\/wp\/v2\/comments?post=377067"}],"version-history":[{"count":0,"href":"https:\/\/www.europesays.com\/fr\/wp-json\/wp\/v2\/posts\/377067\/revisions"}],"wp:featuredmedia":[{"embeddable":true,"href":"https:\/\/www.europesays.com\/fr\/wp-json\/wp\/v2\/media\/32979"}],"wp:attachment":[{"href":"https:\/\/www.europesays.com\/fr\/wp-json\/wp\/v2\/media?parent=377067"}],"wp:term":[{"taxonomy":"category","embeddable":true,"href":"https:\/\/www.europesays.com\/fr\/wp-json\/wp\/v2\/categories?post=377067"},{"taxonomy":"post_tag","embeddable":true,"href":"https:\/\/www.europesays.com\/fr\/wp-json\/wp\/v2\/tags?post=377067"}],"curies":[{"name":"wp","href":"https:\/\/api.w.org\/{rel}","templated":true}]}}