{"id":377070,"date":"2025-09-09T06:33:09","date_gmt":"2025-09-09T06:33:09","guid":{"rendered":"https:\/\/www.europesays.com\/fr\/377070\/"},"modified":"2025-09-09T06:33:09","modified_gmt":"2025-09-09T06:33:09","slug":"un-grand-marche-nocturne-au-coeur-du-centre-ville-ce-vendredi","status":"publish","type":"post","link":"https:\/\/www.europesays.com\/fr\/377070\/","title":{"rendered":"un grand march\u00e9 nocturne au c\u0153ur du centre-ville ce vendredi"},"content":{"rendered":"<p>            Par<br \/>\n        <strong><br \/>\n            <a href=\"https:\/\/actu.fr\/auteur\/nicolas-demollien\" title=\"Consulter tous les articles de Nicolas Demollien\" rel=\"nofollow noopener\" target=\"_blank\">Nicolas Demollien<\/a><br \/>\n        <\/strong><\/p>\n<p>        Publi\u00e9 le<\/p>\n<p>            9 sept. 2025 \u00e0 8h12        <\/p>\n<p>Il va r\u00e9gner encore un petit air de vacances \u00e0 <a href=\"https:\/\/actu.fr\/hauts-de-france\/marcq-en-baroeul_59378\" rel=\"nofollow noopener\" target=\"_blank\">Marcq-en-Bar\u0153ul<\/a>, pr\u00e8s de <a href=\"https:\/\/actu.fr\/hauts-de-france\/lille_59350\" rel=\"nofollow noopener\" target=\"_blank\">Lille<\/a> (Nord), ce vendredi 12 septembre 2025. Au menu : un <b>march\u00e9 nocturne<\/b> r\u00e9unissant <b>artisans et cr\u00e9ateurs<\/b> dans le centre-ville.<\/p>\n<p>Un march\u00e9 nocturne \u00e0 Marcq-en-Bar\u0153ul ce vendredi<\/p>\n<p class=\" wall-content\">L\u2019\u00e9v\u00e9nement d\u00e9marrera assez t\u00f4t dans l\u2019apr\u00e8s-midi, d\u00e8s 17h. Il se prolongera jusqu\u2019\u00e0 21h. Le rendez-vous est donn\u00e9 dans l\u2019<b>avenue Foch<\/b> au niveau de l\u2019all\u00e9e centrale.\u00a0<\/p>\n<p class=\" wall-content\">Vous trouverez sur place de nombreux artisans qui vous proposeront bijoux ou encore des \u00e9l\u00e9ments de d\u00e9coration et des sp\u00e9cialit\u00e9s r\u00e9gionales. L\u2019occasion de fl\u00e2ner, <b>passer un bon moment et rencontrer des passionn\u00e9s<\/b>.\u00a0<\/p>\n<p class=\" wall-content\">Vous pourrez \u00e9galement boire un verre et vous restaurer sur place.<\/p>\n<p class=\" wall-content\">Notons qu\u2019un autre march\u00e9 nocturne sera organis\u00e9 \u00e0 Marcq-en-Bar\u0153ul vendredi 26 septembre. Il aura lieu cette fois au Crois\u00e9 Laroche, place du G\u00e9n\u00e9ral Leclerc.<\/p>\n<p class=\" wall-content\">Plus d\u2019infos sur le site <a href=\"https:\/\/www.marcq-en-baroeul.org\/agenda\/marche-du-bourg\" rel=\"nofollow noopener\" target=\"_blank\">marcq-en-baroeul.org<\/a><\/p>\n<p class=\" wall-content\">Personnalisez votre actualit\u00e9 en ajoutant vos villes et m\u00e9dias en favori avec <a href=\"https:\/\/moncompte.actu.fr\" title=\"D\u00e9couvez Mon Actu\" rel=\"nofollow noopener\" data-trk=\"{&quot;cta&quot;:{&quot;action&quot;:&quot;https:\\\/\\\/moncompte.actu.fr&quot;,&quot;category&quot;:&quot;mon compte&quot;,&quot;from&quot;:&quot;article footer&quot;,&quot;name&quot;:&quot;Mon actu&quot;,&quot;type&quot;:&quot;cta&quot;}}\" target=\"_blank\">Mon Actu<\/a>.<\/p>\n","protected":false},"excerpt":{"rendered":"Par Nicolas Demollien Publi\u00e9 le 9 sept. 2025 \u00e0 8h12 Il va r\u00e9gner encore un petit air de&hellip;\n","protected":false},"author":2,"featured_media":377071,"comment_status":"","ping_status":"","sticky":false,"template":"","format":"standard","meta":{"footnotes":""},"categories":[2815],"tags":[1111,11,1477,1777,674,1011,27,811,1307,1652,2089,12,25],"class_list":{"0":"post-377070","1":"post","2":"type-post","3":"status-publish","4":"format-standard","5":"has-post-thumbnail","7":"category-lille","8":"tag-actu","9":"tag-actualites","10":"tag-artisanat","11":"tag-eu","12":"tag-europe","13":"tag-fr","14":"tag-france","15":"tag-hauts-de-france","16":"tag-lille","17":"tag-loisirs-culture","18":"tag-marche","19":"tag-news","20":"tag-republique-francaise"},"share_on_mastodon":{"url":"https:\/\/pubeurope.com\/@fr\/115172946964987826","error":""},"_links":{"self":[{"href":"https:\/\/www.europesays.com\/fr\/wp-json\/wp\/v2\/posts\/377070","targetHints":{"allow":["GET"]}}],"collection":[{"href":"https:\/\/www.europesays.com\/fr\/wp-json\/wp\/v2\/posts"}],"about":[{"href":"https:\/\/www.europesays.com\/fr\/wp-json\/wp\/v2\/types\/post"}],"author":[{"embeddable":true,"href":"https:\/\/www.europesays.com\/fr\/wp-json\/wp\/v2\/users\/2"}],"replies":[{"embeddable":true,"href":"https:\/\/www.europesays.com\/fr\/wp-json\/wp\/v2\/comments?post=377070"}],"version-history":[{"count":0,"href":"https:\/\/www.europesays.com\/fr\/wp-json\/wp\/v2\/posts\/377070\/revisions"}],"wp:featuredmedia":[{"embeddable":true,"href":"https:\/\/www.europesays.com\/fr\/wp-json\/wp\/v2\/media\/377071"}],"wp:attachment":[{"href":"https:\/\/www.europesays.com\/fr\/wp-json\/wp\/v2\/media?parent=377070"}],"wp:term":[{"taxonomy":"category","embeddable":true,"href":"https:\/\/www.europesays.com\/fr\/wp-json\/wp\/v2\/categories?post=377070"},{"taxonomy":"post_tag","embeddable":true,"href":"https:\/\/www.europesays.com\/fr\/wp-json\/wp\/v2\/tags?post=377070"}],"curies":[{"name":"wp","href":"https:\/\/api.w.org\/{rel}","templated":true}]}}