{"id":377074,"date":"2025-09-09T06:35:10","date_gmt":"2025-09-09T06:35:10","guid":{"rendered":"https:\/\/www.europesays.com\/fr\/377074\/"},"modified":"2025-09-09T06:35:10","modified_gmt":"2025-09-09T06:35:10","slug":"le-maire-insiste-pour-des-renforts","status":"publish","type":"post","link":"https:\/\/www.europesays.com\/fr\/377074\/","title":{"rendered":"le maire insiste pour des renforts"},"content":{"rendered":"\n<p>Le maire du\u00a0Rove, Paul Sabatino, a re\u00e7u en mairie le nouveau commandant de la gendarmerie de Carry-le-Rouet, Franck Molnar le mercredi 5\u00a0septembre. L\u2019occasion d\u2019\u00e9voquer les enjeux de s\u00e9curit\u00e9, notamment dans les calanques de Niolon et de La\u00a0Vesse, hautement fr\u00e9quent\u00e9es en \u00e9t\u00e9. Le maire a rappel\u00e9 son souhait de voir des renforts saisonniers install\u00e9s \u00e0 demeure \u00e0 Niolon, comme par le pass\u00e9, afin d\u2019assurer proximit\u00e9 et r\u00e9activit\u00e9.<\/p>\n<p>Il a notamment propos\u00e9 la mise en place de rencontres trimestrielles r\u00e9unissant mairie, gendarmerie, pompiers et partenaires. Il souhaite \u00e9galement organiser des exercices d\u2019\u00e9vacuation grandeur nature avec d\u00e9clenchement de sir\u00e8nes, et r\u00e9aliser des audits dans les \u00e9coles pour v\u00e9rifier l\u2019application des consignes de s\u00e9curit\u00e9.<\/p>\n<p>Le 28\u00a0ao\u00fbt, lors de la visite de la nouvelle sous-pr\u00e9f\u00e8te de r\u00e9gion, Paul Sabatino, repr\u00e9sent\u00e9 par son adjoint, avait d\u00e9j\u00e0 insist\u00e9 sur la n\u00e9cessit\u00e9 de loger des renforts \u00e0 Niolon, la surfr\u00e9quentation estivale entra\u00eenant stationnements sauvages, incivilit\u00e9s et tensions. Corinne Simon avait alors pr\u00e9sent\u00e9 le bilan 2025 du Dispositif estival de protection des populations (Depp). Avec 30\u00a0militaires mobilis\u00e9s, dont 18\u00a0suppl\u00e9mentaires par rapport \u00e0 2024, jusqu\u2019\u00e0 15\u00a0patrouilles quotidiennes ont \u00e9t\u00e9 assur\u00e9es sur mer et \u00e0 terre. Le commandant Jean-Yves Curci a salu\u00e9 des r\u00e9sultats probants\u00a0: -30% de d\u00e9linquance, &#8211;\u00a033% d\u2019atteintes aux biens et -50% de vols li\u00e9s aux v\u00e9hicules.<\/p>\n<p>Si ces chiffres sont positifs, le maire du Rove rappelle que Niolon et La\u00a0Vesse demeurent des zones sensibles. La commune multiplie les initiatives\u00a0: cam\u00e9ras suppl\u00e9mentaires, fermetures ponctuelles de routes, potelets anti-stationnement, contr\u00f4les \u00e0 la gare de Niolon. Mais Paul Sabatino le rappelle r\u00e9guli\u00e8rement \u00ab\u00a0si la s\u00e9curit\u00e9 publique rel\u00e8ve d\u2019abord de l\u2019\u00c9tat, la commune prend toute sa part de responsabilit\u00e9 et met en \u0153uvre les moyens qui rel\u00e8vent de ses comp\u00e9tences. Mais face \u00e0 une fr\u00e9quentation toujours plus importante, l\u2019appui de l\u2019\u00c9tat demeure indispensable.\u00a0\u00bb<\/p>\n<p>Ces rencontres s\u2019inscrivent dans une m\u00eame dynamique\u00a0: porter la voix des habitants du Rove pour garantir s\u00e9curit\u00e9, tranquillit\u00e9 et respect du patrimoine naturel des calanques.<\/p>\n","protected":false},"excerpt":{"rendered":"Le maire du\u00a0Rove, Paul Sabatino, a re\u00e7u en mairie le nouveau commandant de la gendarmerie de Carry-le-Rouet, Franck&hellip;\n","protected":false},"author":2,"featured_media":377075,"comment_status":"","ping_status":"","sticky":false,"template":"","format":"standard","meta":{"footnotes":""},"categories":[2814],"tags":[1111,11,1777,674,1011,27,884,12,882,25,23051],"class_list":{"0":"post-377074","1":"post","2":"type-post","3":"status-publish","4":"format-standard","5":"has-post-thumbnail","7":"category-marseille","8":"tag-actu","9":"tag-actualites","10":"tag-eu","11":"tag-europe","12":"tag-fr","13":"tag-france","14":"tag-marseille","15":"tag-news","16":"tag-provence-alpes-cote-dazur","17":"tag-republique-francaise","18":"tag-securite-publique"},"share_on_mastodon":{"url":"https:\/\/pubeurope.com\/@fr\/115172954809732232","error":""},"_links":{"self":[{"href":"https:\/\/www.europesays.com\/fr\/wp-json\/wp\/v2\/posts\/377074","targetHints":{"allow":["GET"]}}],"collection":[{"href":"https:\/\/www.europesays.com\/fr\/wp-json\/wp\/v2\/posts"}],"about":[{"href":"https:\/\/www.europesays.com\/fr\/wp-json\/wp\/v2\/types\/post"}],"author":[{"embeddable":true,"href":"https:\/\/www.europesays.com\/fr\/wp-json\/wp\/v2\/users\/2"}],"replies":[{"embeddable":true,"href":"https:\/\/www.europesays.com\/fr\/wp-json\/wp\/v2\/comments?post=377074"}],"version-history":[{"count":0,"href":"https:\/\/www.europesays.com\/fr\/wp-json\/wp\/v2\/posts\/377074\/revisions"}],"wp:featuredmedia":[{"embeddable":true,"href":"https:\/\/www.europesays.com\/fr\/wp-json\/wp\/v2\/media\/377075"}],"wp:attachment":[{"href":"https:\/\/www.europesays.com\/fr\/wp-json\/wp\/v2\/media?parent=377074"}],"wp:term":[{"taxonomy":"category","embeddable":true,"href":"https:\/\/www.europesays.com\/fr\/wp-json\/wp\/v2\/categories?post=377074"},{"taxonomy":"post_tag","embeddable":true,"href":"https:\/\/www.europesays.com\/fr\/wp-json\/wp\/v2\/tags?post=377074"}],"curies":[{"name":"wp","href":"https:\/\/api.w.org\/{rel}","templated":true}]}}