{"id":377078,"date":"2025-09-09T06:37:11","date_gmt":"2025-09-09T06:37:11","guid":{"rendered":"https:\/\/www.europesays.com\/fr\/377078\/"},"modified":"2025-09-09T06:37:11","modified_gmt":"2025-09-09T06:37:11","slug":"toute-lactualite-de-ce-mardi-9-septembre-2025-a-lyon","status":"publish","type":"post","link":"https:\/\/www.europesays.com\/fr\/377078\/","title":{"rendered":"Toute l&rsquo;actualit\u00e9 de ce mardi 9 septembre 2025 \u00e0 Lyon"},"content":{"rendered":"<p>A la une de l\u2019info \u00e0 Lyon : la chute de Fran\u00e7ois Bayrou, les r\u00e9actions locales \u00e0 l\u2019instabilit\u00e9 politique, un millier de personnes dans les rues de Lyon pour \u00ab\u00a0f\u00eater le d\u00e9part\u00a0\u00bb du gouvernement, hausse des tarifs et nouveaux pass pour les trottinettes Dott \u00e0 Lyon, les voitures-radar priv\u00e9es bient\u00f4t en circulation \u00e0 Lyon, op\u00e9ration de d\u00e9moustication sur les Pentes de la Croix-Rousse, le Rh\u00f4ne nous livre ses secrets : le d\u00e9fi de R\u00e9mi Camus\u2026<\/p>\n<p>ECOUTEZ LE 1\/4H LYONNAIS\u2026 Toute l\u2019actualit\u00e9 de ce mardi 9 septembre 2025<\/p>\n<p>LE 1\/4H LYONNAIS | mardi 9 septembre 2025<\/p>\n<p>Les <strong>d\u00e9put\u00e9s<\/strong> ont refus\u00e9 d\u2019accorder leur confiance au <strong>Premier ministre<\/strong>, qui doit donc pr\u00e9senter la <strong>d\u00e9mission de son gouvernement<\/strong>. 364 d\u00e9put\u00e9s ont vot\u00e9 contre, 194 ont vot\u00e9 pour. Quelques <strong>r\u00e9actions locales<\/strong> dans cette \u00e9dition<\/p>\n<p>Plusieurs centaines de personnes se sont rassembl\u00e9es \u00e0 Lyon hier soir vers 19h30 pour <strong>\u00ab f\u00eater le d\u00e9part \u00bb du gouvernement dirig\u00e9 par Fran\u00e7ois Bayrou<\/strong>. Slogans anti-Macrons et pro-Palestine ont \u00e9t\u00e9 scand\u00e9s par la foule.\u00a0Quelques d\u00e9bordements sur les <strong>Pentes de la Croix-Rousse<\/strong><\/p>\n<p>En d\u00e9but d\u2019ann\u00e9e, <strong>Dott et Tier<\/strong> avait fusionn\u00e9. L\u2019op\u00e9rateur d\u00e9sormais unique <strong><a href=\"https:\/\/ridedott.com\/fr\/\" target=\"_blank\" rel=\"noreferrer noopener nofollow\">Dott<\/a> a augment\u00e9 ses tarifs<\/strong>. Mais propose d\u00e9sormais <strong>des pass 30 et 100 minutes<\/strong><\/p>\n<p>D\u00e9j\u00e0 d\u00e9ploy\u00e9es dans l\u2019Ain et la Loire, les <strong>voitures-radar<\/strong> d\u00e9barquent \u00e0 Lyon et dans le Rh\u00f4ne dans les prochains jours. Des soci\u00e9t\u00e9s priv\u00e9es pour<strong> faire respecter les limitations de vitesse<\/strong> et <strong>lib\u00e9rer du temps aux forces de l\u2019ordre<\/strong>.<\/p>\n<p>Ecoutez aussi : <a href=\"https:\/\/www.lyondemain.fr\/strategie-de-protection-lyon-pfas\/\" rel=\"nofollow noopener\" target=\"_blank\">Polluants \u00e9ternels : la Ville de Lyon va<\/a><a href=\"https:\/\/www.lyondemain.fr\/strategie-de-protection-lyon-pfas\/\" target=\"_blank\" rel=\"noreferrer noopener nofollow\"> <\/a><a href=\"https:\/\/www.lyondemain.fr\/strategie-de-protection-lyon-pfas\/\" rel=\"nofollow noopener\" target=\"_blank\">voter sa \u00ab strat\u00e9gie de protection \u00bb<\/a><\/p>\n<p>Egalement dans l\u2019actualit\u00e9 de ce mardi 9 septembre <\/p>\n<p><strong>Chikungunya<\/strong>\u00a0:42 cas import\u00e9s de cette maladie ecens\u00e9s dans le d\u00e9partement depuis le 2 septembre. Parmi eux, <strong>un cas identifi\u00e9<\/strong> chez un Lyonnais habitant dans le <strong>quartier des pentes de la Croix-Rousse<\/strong>. Cons\u00e9quence : une <strong>op\u00e9ration de d\u00e9moustication<\/strong> men\u00e9e la nuit prochaine\u2026<\/p>\n<blockquote class=\"instagram-media\" data-instgrm-captioned=\"\" data-instgrm-permalink=\"https:\/\/www.instagram.com\/reel\/DGS-66et-AF\/?utm_source=ig_embed&amp;utm_campaign=loading\" data-instgrm-version=\"14\" style=\" background:#FFF; border:0; border-radius:3px; box-shadow:0 0 1px 0 rgba(0,0,0,0.5),0 1px 10px 0 rgba(0,0,0,0.15); margin: 1px; max-width:540px; min-width:326px; padding:0; width:99.375%; width:-webkit-calc(100% - 2px); width:calc(100% - 2px);\"\/>\n<p><strong>Le Rh\u00f4ne nous livre ses secrets<\/strong> : <strong>R\u00e9mi Camus<\/strong> part la semaine prochaine pour <strong>explorer le fleuve Rh\u00f4ne<\/strong> et <strong>cartographier les <\/strong>polluants \u00e9ternels<\/p>\n<p>L\u2019aventurier <strong>R\u00e9mi Camus<\/strong> est notre invit\u00e9<\/p>\n<p>Ecoutez aussi : <a href=\"https:\/\/www.lyondemain.fr\/actualite-de-ce-lundi-8-septembre-lyon-info-plateforme-toodego\/\" target=\"_blank\" rel=\"noreferrer noopener nofollow\">Toute l\u2019actualit\u00e9 de ce lundi 8 septembre 2025 \u00e0 Lyon<\/a><\/p>\n<p><img fetchpriority=\"high\" decoding=\"async\" width=\"1200\" height=\"675\" src=\"https:\/\/www.europesays.com\/fr\/wp-content\/uploads\/2025\/09\/actualite-de-ce-mardi-9-septembre-2025.jpg\" alt=\"actualit\u00e9 de ce mardi 9 septembre 2025 info \u00e0 Lyon\" class=\"wp-image-251426\"  \/>Retrouvez aussi le Quart d\u2019Heure Lyonnais de Lyon Demain sur les antennes de Radio Pluriel (Lyon). Radio Salam (Lyon, Saint-Etienne et Bourg) et Radio Arm\u00e9nie (Lyon et Vienne)<br \/>\nJ\u2019aime \u00e7a\u00a0:<\/p>\n<p>J\u2019aime chargement\u2026<\/p>\n<p><a class=\"sd-link-color\"\/><\/p>\n<p>\n\tArticles similaires\n<\/p>\n<p>\t\t\t\t<img decoding=\"async\" src=\"https:\/\/www.europesays.com\/fr\/wp-content\/uploads\/2025\/09\/1757399831_640_7866158698e17e8ed633c05e8f8e7fe5d9e057ad78661c4dc34e413abb6b9f19\" alt=\"G\u00e9rald Bouchon\"\/><\/p>\n<p>Pionnier des radios libres, passionn\u00e9 de radio, journaliste et dirigeant de m\u00e9dias \u00e9co-responsables..<\/p>\n<p>\t\t\t<script async src=\"\/\/www.instagram.com\/embed.js\"><\/script><\/p>\n","protected":false},"excerpt":{"rendered":"A la une de l\u2019info \u00e0 Lyon : la chute de Fran\u00e7ois Bayrou, les r\u00e9actions locales \u00e0 l\u2019instabilit\u00e9&hellip;\n","protected":false},"author":2,"featured_media":377079,"comment_status":"","ping_status":"","sticky":false,"template":"","format":"standard","meta":{"footnotes":""},"categories":[1889],"tags":[1111,11,2430,11847,39574,6443,13189,42178,51071,33034,1777,674,51072,32027,1011,27,30082,418,51073,35407,2428,2088,12,13885,51074,3363,27760,51075,25,37328,51076],"class_list":{"0":"post-377078","1":"post","2":"type-post","3":"status-publish","4":"format-standard","5":"has-post-thumbnail","7":"category-lyon","8":"tag-actu","9":"tag-actualites","10":"tag-auvergne-rhone-alpes","11":"tag-bayrou","12":"tag-cedric-van-styvendael","13":"tag-chikungunya","14":"tag-demission","15":"tag-demoustication","16":"tag-descente-du-rhone","17":"tag-dott","18":"tag-eu","19":"tag-europe","20":"tag-expedition","21":"tag-fleuve-rhone","22":"tag-fr","23":"tag-france","24":"tag-gabriel-amard","25":"tag-gouvernement","26":"tag-jeremie-breaud","27":"tag-limitation-de-vitesse","28":"tag-lyon","29":"tag-manifestation","30":"tag-news","31":"tag-pfas","32":"tag-polluants-eternels","33":"tag-premier-ministre","34":"tag-radar","35":"tag-remi-camus","36":"tag-republique-francaise","37":"tag-trottinettes","38":"tag-voitures-radar"},"share_on_mastodon":{"url":"https:\/\/pubeurope.com\/@fr\/115172962785908976","error":""},"_links":{"self":[{"href":"https:\/\/www.europesays.com\/fr\/wp-json\/wp\/v2\/posts\/377078","targetHints":{"allow":["GET"]}}],"collection":[{"href":"https:\/\/www.europesays.com\/fr\/wp-json\/wp\/v2\/posts"}],"about":[{"href":"https:\/\/www.europesays.com\/fr\/wp-json\/wp\/v2\/types\/post"}],"author":[{"embeddable":true,"href":"https:\/\/www.europesays.com\/fr\/wp-json\/wp\/v2\/users\/2"}],"replies":[{"embeddable":true,"href":"https:\/\/www.europesays.com\/fr\/wp-json\/wp\/v2\/comments?post=377078"}],"version-history":[{"count":0,"href":"https:\/\/www.europesays.com\/fr\/wp-json\/wp\/v2\/posts\/377078\/revisions"}],"wp:featuredmedia":[{"embeddable":true,"href":"https:\/\/www.europesays.com\/fr\/wp-json\/wp\/v2\/media\/377079"}],"wp:attachment":[{"href":"https:\/\/www.europesays.com\/fr\/wp-json\/wp\/v2\/media?parent=377078"}],"wp:term":[{"taxonomy":"category","embeddable":true,"href":"https:\/\/www.europesays.com\/fr\/wp-json\/wp\/v2\/categories?post=377078"},{"taxonomy":"post_tag","embeddable":true,"href":"https:\/\/www.europesays.com\/fr\/wp-json\/wp\/v2\/tags?post=377078"}],"curies":[{"name":"wp","href":"https:\/\/api.w.org\/{rel}","templated":true}]}}