{"id":377080,"date":"2025-09-09T06:38:14","date_gmt":"2025-09-09T06:38:14","guid":{"rendered":"https:\/\/www.europesays.com\/fr\/377080\/"},"modified":"2025-09-09T06:38:14","modified_gmt":"2025-09-09T06:38:14","slug":"lyon-le-pot-de-depart-de-francois-bayrou-vire-a-laffrontement-des-tensions-en-ville","status":"publish","type":"post","link":"https:\/\/www.europesays.com\/fr\/377080\/","title":{"rendered":"Lyon. Le pot de d\u00e9part de Fran\u00e7ois Bayrou vire \u00e0 l&rsquo;affrontement, des tensions en ville"},"content":{"rendered":"<p>            Par<br \/>\n        <strong><br \/>\n            <a href=\"https:\/\/actu.fr\/auteur\/nicolas-zaugra\" title=\"Consulter tous les articles de Nicolas Zaugra\" rel=\"nofollow noopener\" target=\"_blank\">Nicolas Zaugra<\/a><br \/>\n        <\/strong><\/p>\n<p>        Publi\u00e9 le<\/p>\n<p>            9 sept. 2025 \u00e0 8h19<br \/>\n        ; mis \u00e0 jour le 9 sept. 2025 \u00e0 8h20    <\/p>\n<p>Un avant go\u00fbt du 10 septembre ? Des milliers de manifestants ont f\u00eat\u00e9 lundi soir la <a href=\"https:\/\/actu.fr\/politique\/vote-de-confiance-sans-surprise-francois-bayrou-se-fait-balayer-par-les-deputes-et-prend-la-porte_63128564.html\" rel=\"nofollow noopener\" target=\"_blank\">chute du gouvernement de Fran\u00e7ois Bayrou<\/a> devant des mairies, \u00e0 l\u2019appel du <a href=\"https:\/\/actu.fr\/auvergne-rhone-alpes\/lyon_69123\/lyon-blocages-du-10-septembre-des-milliers-de-participants-esperes-ce-qui-est-prevu_63128478.html\" rel=\"nofollow noopener\" target=\"_blank\">mouvement \u00ab\u00a0Bloquons tout\u00a0\u00bb le 10 septembre<\/a>. De source polici\u00e8re, 200 mobilisations ont f\u00e9d\u00e9r\u00e9 \u00ab\u00a011.000 personnes\u00a0\u00bb au niveau national.<\/p>\n<p class=\" wall-content\">A <a href=\"https:\/\/actu.fr\/auvergne-rhone-alpes\/lyon_69123\" rel=\"nofollow noopener\" target=\"_blank\">Lyon<\/a>, environ 900 personnes se sont rassembl\u00e9es devant l\u2019h\u00f4tel de ville de la place des Terreaux (1er arrondissement), selon la pr\u00e9fecture. D\u2019abord dans le calme, l\u2019\u00e9v\u00e9nement improvis\u00e9 a vir\u00e9 \u00e0 la manifestation dans le centre-ville vers les pentes de la Croix-Rousse (4e arrondissement). Sur la place, des slogans anti-Macron et Bayrou ont \u00e9t\u00e9 scand\u00e9s ainsi que des appels au soutien de la Palestine.\u00a0<\/p>\n<p class=\" wall-content\">\n<p>Manifestation sauvage, tirs de mortiers et policiers cibl\u00e9s<\/p>\n<p class=\" wall-content\">\u00ab\u00a0A Lyon, des protestataires ont proc\u00e9d\u00e9 \u00e0 des tirs de mortiers d\u2019artifice, ce qui a engendr\u00e9 un mouvement de foule\u00a0\u00bb, mais le calme est revenu apr\u00e8s l\u2019intervention des forces de l\u2019ordre, a pr\u00e9cis\u00e9 une source polici\u00e8re \u00e0 l\u2019AFP.<\/p>\n<p class=\" wall-content\">En plus des effectifs d\u00e9partementaux de la police nationale, une CRS et la CRS 83 ont \u00e9t\u00e9 d\u00e9ploy\u00e9es, a indiqu\u00e9 la pr\u00e9fecture du Rh\u00f4ne \u00e0 actu Lyon. La police a fait usage de gaz lacrymog\u00e8nes \u00ab\u00a0en r\u00e9ponse \u00e0 des d\u00e9gradations et des jets de projectiles des manifestants du cort\u00e8ge sauvage\u00a0\u00bb \u00e0 destination des forces de l\u2019ordre. Des poubelles ont \u00e9t\u00e9 br\u00fbl\u00e9es.<\/p>\n<p class=\" wall-content\">\n<p class=\" wall-content\">\u00ab\u00a0La pr\u00e9f\u00e8te du Rh\u00f4ne remercie l\u2019ensemble des effectifs de la @PoliceNat69 et de la CRS 83 pour leur action rapide qui a permis de ma\u00eetriser ce rassemblement sauvage, de stopper toutes vell\u00e9it\u00e9s de d\u00e9bordement et de disperser les attroupements de mani\u00e8re syst\u00e9matique\u00a0\u00bb, a comment\u00e9 la pr\u00e9fecture sur X.<\/p>\n<p class=\" wall-content\">Aucune interpellation n\u2019a \u00e9t\u00e9 men\u00e9e, selon nos informations.<\/p>\n<p class=\" wall-content\">Personnalisez votre actualit\u00e9 en ajoutant vos villes et m\u00e9dias en favori avec <a href=\"https:\/\/moncompte.actu.fr\" title=\"D\u00e9couvez Mon Actu\" rel=\"nofollow noopener\" data-trk=\"{&quot;cta&quot;:{&quot;action&quot;:&quot;https:\\\/\\\/moncompte.actu.fr&quot;,&quot;category&quot;:&quot;mon compte&quot;,&quot;from&quot;:&quot;article footer&quot;,&quot;name&quot;:&quot;Mon actu&quot;,&quot;type&quot;:&quot;cta&quot;}}\" target=\"_blank\">Mon Actu<\/a>.<\/p>\n","protected":false},"excerpt":{"rendered":"Par Nicolas Zaugra Publi\u00e9 le 9 sept. 2025 \u00e0 8h19 ; mis \u00e0 jour le 9 sept. 2025&hellip;\n","protected":false},"author":2,"featured_media":377081,"comment_status":"","ping_status":"","sticky":false,"template":"","format":"standard","meta":{"footnotes":""},"categories":[1889],"tags":[1111,11,2430,1777,674,1011,27,431,2428,1272,50957,12,25,104],"class_list":{"0":"post-377080","1":"post","2":"type-post","3":"status-publish","4":"format-standard","5":"has-post-thumbnail","7":"category-lyon","8":"tag-actu","9":"tag-actualites","10":"tag-auvergne-rhone-alpes","11":"tag-eu","12":"tag-europe","13":"tag-fr","14":"tag-france","15":"tag-francois-bayrou","16":"tag-lyon","17":"tag-manifestations","18":"tag-mouvement-du-10-septembre","19":"tag-news","20":"tag-republique-francaise","21":"tag-societe"},"share_on_mastodon":{"url":"https:\/\/pubeurope.com\/@fr\/115172966635428201","error":""},"_links":{"self":[{"href":"https:\/\/www.europesays.com\/fr\/wp-json\/wp\/v2\/posts\/377080","targetHints":{"allow":["GET"]}}],"collection":[{"href":"https:\/\/www.europesays.com\/fr\/wp-json\/wp\/v2\/posts"}],"about":[{"href":"https:\/\/www.europesays.com\/fr\/wp-json\/wp\/v2\/types\/post"}],"author":[{"embeddable":true,"href":"https:\/\/www.europesays.com\/fr\/wp-json\/wp\/v2\/users\/2"}],"replies":[{"embeddable":true,"href":"https:\/\/www.europesays.com\/fr\/wp-json\/wp\/v2\/comments?post=377080"}],"version-history":[{"count":0,"href":"https:\/\/www.europesays.com\/fr\/wp-json\/wp\/v2\/posts\/377080\/revisions"}],"wp:featuredmedia":[{"embeddable":true,"href":"https:\/\/www.europesays.com\/fr\/wp-json\/wp\/v2\/media\/377081"}],"wp:attachment":[{"href":"https:\/\/www.europesays.com\/fr\/wp-json\/wp\/v2\/media?parent=377080"}],"wp:term":[{"taxonomy":"category","embeddable":true,"href":"https:\/\/www.europesays.com\/fr\/wp-json\/wp\/v2\/categories?post=377080"},{"taxonomy":"post_tag","embeddable":true,"href":"https:\/\/www.europesays.com\/fr\/wp-json\/wp\/v2\/tags?post=377080"}],"curies":[{"name":"wp","href":"https:\/\/api.w.org\/{rel}","templated":true}]}}