{"id":377082,"date":"2025-09-09T06:39:11","date_gmt":"2025-09-09T06:39:11","guid":{"rendered":"https:\/\/www.europesays.com\/fr\/377082\/"},"modified":"2025-09-09T06:39:11","modified_gmt":"2025-09-09T06:39:11","slug":"la-plateforme-collaborative-voulue-par-la-region-ile-de-france-ne-convainc-pas-les-equipes-educatives","status":"publish","type":"post","link":"https:\/\/www.europesays.com\/fr\/377082\/","title":{"rendered":"la plateforme collaborative voulue par la r\u00e9gion Ile-de-France ne convainc pas les \u00e9quipes \u00e9ducatives"},"content":{"rendered":"<p>                         <img loading=\"lazy\" decoding=\"async\" src=\"https:\/\/www.europesays.com\/fr\/wp-content\/uploads\/2025\/09\/51fe10b_upload-1-fbg59bfxhi3k-maxnewsfrfive226514.jpg\" alt=\"La pr\u00e9sidente de la r\u00e9gion Ile-de-France, Val\u00e9rie P\u00e9cresse (Les R\u00e9publicains), au lyc\u00e9e Marcel-Cachin \u00e0 Saint-Ouen (Seine-Saint-Denis), le 4\u00a0septembre 2023.\"   width=\"664\" height=\"443\"\/>    La pr\u00e9sidente de la r\u00e9gion Ile-de-France, Val\u00e9rie P\u00e9cresse (Les R\u00e9publicains), au lyc\u00e9e Marcel-Cachin \u00e0 Saint-Ouen (Seine-Saint-Denis), le 4\u00a0septembre 2023.  VINCENT ISORE\/IP3 PRESS\/MAXPPP                 <\/p>\n<p class=\"article__paragraph  \">La pol\u00e9mique agite les lyc\u00e9es d\u2019Ile-de-France depuis la rentr\u00e9e scolaire\u00a0: le 2\u00a0septembre, des \u00e9diteurs de manuels cosignaient, aux c\u00f4t\u00e9s d\u2019\u00e9crivains et d\u2019enseignants, <a href=\"https:\/\/www.lemonde.fr\/societe\/article\/2025\/09\/02\/l-eradication-du-manuel-scolaire-comme-repere-partage-est-une-erreur-pedagogique-sociale-et-democratique_6638080_3224.html\" rel=\"nofollow noopener\" target=\"_blank\">une tribune dans Le\u00a0Monde<\/a> s\u2019\u00e9mouvant de la fin du manuel scolaire dans les trois acad\u00e9mies franciliennes, remplac\u00e9 par une plateforme collaborative en forme de moteur de recherche, le site Pearltrees, o\u00f9 les contenus p\u00e9dagogiques peuvent \u00eatre consult\u00e9s sous forme de petites pastilles (des \u00ab\u00a0perles\u00a0\u00bb).<\/p>\n<p class=\"article__paragraph  \">Depuis la rentr\u00e9e, la r\u00e9gion Ile-de-France, dirig\u00e9e par Val\u00e9rie P\u00e9cresse (Les\u00a0R\u00e9publicains), a en effet d\u00e9cid\u00e9 de baisser la subvention des manuels num\u00e9riques, d\u00e9ploy\u00e9s \u00e0 partir de 2019\u00a0dans les lyc\u00e9es qui en ont fait le choix, et de les remplacer par la plateforme Pearltrees. \u00ab\u00a0Soixante-quinze pour cent des licences de manuels num\u00e9riques achet\u00e9s par la r\u00e9gion aux \u00e9diteurs traditionnels n\u2019ont jamais \u00e9t\u00e9 ouverts par les \u00e9l\u00e8ves\u00a0\u00bb, justifie la pr\u00e9sidente de la r\u00e9gion Ile-de-France dans une tribune au Monde, mardi 9\u00a0septembre.<\/p>\n<p class=\"article__paragraph  \">La r\u00e9gion se d\u00e9fend toutefois d\u2019atteinte au livre physique\u00a0: pour les lyc\u00e9es qui avaient choisi de conserver des manuels papier \u2013 50\u00a0% d\u2019entre eux, soit 250\u00a0000\u00a0lyc\u00e9ens \u2013, ils continueront d\u2019\u00eatre achet\u00e9s par la r\u00e9gion quand de nouvelles classes ouvriront ou que les manuels seront ab\u00eem\u00e9s.<\/p>\n<p class=\"reading-mode-only \"><strong>Il vous reste 79.88% de cet article \u00e0 lire. La suite est r\u00e9serv\u00e9e aux abonn\u00e9s.<\/strong><\/p>\n","protected":false},"excerpt":{"rendered":"La pr\u00e9sidente de la r\u00e9gion Ile-de-France, Val\u00e9rie P\u00e9cresse (Les R\u00e9publicains), au lyc\u00e9e Marcel-Cachin \u00e0 Saint-Ouen (Seine-Saint-Denis), le 4\u00a0septembre&hellip;\n","protected":false},"author":2,"featured_media":377083,"comment_status":"","ping_status":"","sticky":false,"template":"","format":"standard","meta":{"footnotes":""},"categories":[1592],"tags":[1111,11,1777,674,1011,27,662,12,626,25],"class_list":{"0":"post-377082","1":"post","2":"type-post","3":"status-publish","4":"format-standard","5":"has-post-thumbnail","7":"category-ile-de-france","8":"tag-actu","9":"tag-actualites","10":"tag-eu","11":"tag-europe","12":"tag-fr","13":"tag-france","14":"tag-ile-de-france","15":"tag-news","16":"tag-paris","17":"tag-republique-francaise"},"share_on_mastodon":{"url":"https:\/\/pubeurope.com\/@fr\/115172970576409005","error":""},"_links":{"self":[{"href":"https:\/\/www.europesays.com\/fr\/wp-json\/wp\/v2\/posts\/377082","targetHints":{"allow":["GET"]}}],"collection":[{"href":"https:\/\/www.europesays.com\/fr\/wp-json\/wp\/v2\/posts"}],"about":[{"href":"https:\/\/www.europesays.com\/fr\/wp-json\/wp\/v2\/types\/post"}],"author":[{"embeddable":true,"href":"https:\/\/www.europesays.com\/fr\/wp-json\/wp\/v2\/users\/2"}],"replies":[{"embeddable":true,"href":"https:\/\/www.europesays.com\/fr\/wp-json\/wp\/v2\/comments?post=377082"}],"version-history":[{"count":0,"href":"https:\/\/www.europesays.com\/fr\/wp-json\/wp\/v2\/posts\/377082\/revisions"}],"wp:featuredmedia":[{"embeddable":true,"href":"https:\/\/www.europesays.com\/fr\/wp-json\/wp\/v2\/media\/377083"}],"wp:attachment":[{"href":"https:\/\/www.europesays.com\/fr\/wp-json\/wp\/v2\/media?parent=377082"}],"wp:term":[{"taxonomy":"category","embeddable":true,"href":"https:\/\/www.europesays.com\/fr\/wp-json\/wp\/v2\/categories?post=377082"},{"taxonomy":"post_tag","embeddable":true,"href":"https:\/\/www.europesays.com\/fr\/wp-json\/wp\/v2\/tags?post=377082"}],"curies":[{"name":"wp","href":"https:\/\/api.w.org\/{rel}","templated":true}]}}