{"id":377086,"date":"2025-09-09T06:41:10","date_gmt":"2025-09-09T06:41:10","guid":{"rendered":"https:\/\/www.europesays.com\/fr\/377086\/"},"modified":"2025-09-09T06:41:10","modified_gmt":"2025-09-09T06:41:10","slug":"le-premier-ministre-remettra-a-midi-sa-demission-au-president-de-la-republique","status":"publish","type":"post","link":"https:\/\/www.europesays.com\/fr\/377086\/","title":{"rendered":"le Premier ministre remettra \u00e0 midi sa d\u00e9mission au pr\u00e9sident de la R\u00e9publique"},"content":{"rendered":"<p>La France aura-t-elle un nouveau Premier ministre \u00e0 la fin de la journ\u00e9e\u00a0? Au lendemain d&rsquo;un vote de confiance <a href=\"https:\/\/www.franceinfo.fr\/politique\/francois-bayrou\/video-le-gouvernement-de-francois-bayrou-est-contraint-a-la-demission-apres-un-vote-de-confiance-defavorable-a-l-assemblee-nationale_7480861.html\" rel=\"nofollow noopener\" target=\"_blank\">pour lequel l&rsquo;Assembl\u00e9e nationale a massivement vot\u00e9 contre<\/a>, Fran\u00e7ois Bayrou doit pr\u00e9senter sa d\u00e9mission \u00e0 Emmanuel Macron \u00e0 midi, mardi 9 septembre, , a appris France T\u00e9l\u00e9visions, aupr\u00e8s de Matignon, confirmant une information de LCI.\u00a0Le pr\u00e9sident de la R\u00e9publique, qui va l&rsquo;accepter, \u00ab\u00a0nommera un nouveau Premier ministre dans les tout prochains jours\u00a0\u00bb, pour succ\u00e9der \u00e0 son alli\u00e9 historique du MoDem depuis 2017. Suivez notre direct.<\/p>\n<p class=\"c-body__bullet\"> <strong>Le RN souhaite une dissolution, LFI demande le d\u00e9part d&rsquo;Emmanuel Macron.<\/strong> Les oppositions radicales au chef de l&rsquo;Etat <a href=\"https:\/\/www.franceinfo.fr\/politique\/gouvernement-de-francois-bayrou\/emmanuel-macron-doit-partir-disponibles-pour-gouverner-la-dissolution-est-une-obligation-les-reactions-politiques-a-la-chute-du-gouvernement-de-francois-bayrou_7480906.html\" rel=\"nofollow noopener\" target=\"_blank\">ont martel\u00e9 leurs propositions pour sortir de la crise<\/a>. Le RN appelle \u00e0 une \u00ab\u00a0dissolution ultrarapide\u00a0\u00bb, qui d\u00e9clencherait de nouvelles \u00e9lections l\u00e9gislatives. De son c\u00f4t\u00e9, La France insoumise va plus loin et demande au chef de l&rsquo;Etat de \u00ab\u00a0partir\u00a0\u00bb, comme l&rsquo;a r\u00e9clam\u00e9 Jean-Luc M\u00e9lenchon sur France\u00a02 lundi soir. \u00ab\u00a0Il y a un choix \u00e0 faire concernant l&rsquo;orientation du pays. Seule l&rsquo;\u00e9lection pr\u00e9sidentielle nous permet d&rsquo;avoir ce moment refondateur.\u00a0\u00bb\u00a0<\/p>\n<p class=\"c-body__bullet\"> <strong>Ecologistes et socialistes ouvrent la porte \u00e0 des discussions.<\/strong> \u00ab\u00a0La suite ne peut \u00eatre qu&rsquo;un Premier ministre issu des rangs du NFP [l&rsquo;alliance des partis de gauche n\u00e9e des l\u00e9gislatives de l&rsquo;\u00e9t\u00e9 2024]\u00a0\u00bb, estime Marine Tondelier, secr\u00e9taire nationale des Ecologistes sur X. \u00ab\u00a0Au nom des Ecologistes, je demande solennellement\u00a0\u00bb \u00e0 Emmanuel Macron \u00ab\u00a0de nous recevoir avant toute annonce de sa part\u00a0\u00bb, ajoute-t-elle. \u00ab\u00a0Son obstruction ne peut plus durer.\u00a0\u00bb Le socialiste Olivier Faure, lui, a formul\u00e9 le v\u0153u d&rsquo;une \u00ab\u00a0cohabitation\u00a0\u00bb avec le chef de l&rsquo;Etat sur BFMTV.<\/p>\n<p class=\"c-body__bullet\">\u00a0<strong>Plusieurs \u00ab\u00a0pots de d\u00e9part\u00a0\u00bb organis\u00e9s en France.<\/strong> Pr\u00e8s de 11 000 personnes \u00e9taient pr\u00e9sentes \u00e0 des \u00e9v\u00e9nements c\u00e9l\u00e9brant la chute du gouvernement devant des mairies, \u00e0 l&rsquo;appel du mouvement \u00ab\u00a0Bloquons tout\u00a0\u00bb, a appris franceinfo de source polici\u00e8re, confirmant une information de l&rsquo;AFP. A Nantes, environ 300 personnes, selon la pr\u00e9fecture, se sont rassembl\u00e9es en d\u00e9but de soir\u00e9e, en musique et sous des pancartes marqu\u00e9es \u00ab\u00a0Bye bye Bayrou\u00a0\u00bb et \u00ab\u00a0le 10\/09 on bloque tout\u00a0\u00bb.<\/p>\n","protected":false},"excerpt":{"rendered":"La France aura-t-elle un nouveau Premier ministre \u00e0 la fin de la journ\u00e9e\u00a0? Au lendemain d&rsquo;un vote de&hellip;\n","protected":false},"author":2,"featured_media":377087,"comment_status":"","ping_status":"","sticky":false,"template":"","format":"standard","meta":{"footnotes":""},"categories":[1888],"tags":[1111,1928,11,1927,1777,674,1011,27,12,1926,626,1925,25],"class_list":{"0":"post-377086","1":"post","2":"type-post","3":"status-publish","4":"format-standard","5":"has-post-thumbnail","7":"category-paris","8":"tag-actu","9":"tag-actu-paris","10":"tag-actualites","11":"tag-actualites-paris","12":"tag-eu","13":"tag-europe","14":"tag-fr","15":"tag-france","16":"tag-news","17":"tag-news-paris","18":"tag-paris","19":"tag-paris-news","20":"tag-republique-francaise"},"share_on_mastodon":{"url":"https:\/\/pubeurope.com\/@fr\/115172978532641121","error":""},"_links":{"self":[{"href":"https:\/\/www.europesays.com\/fr\/wp-json\/wp\/v2\/posts\/377086","targetHints":{"allow":["GET"]}}],"collection":[{"href":"https:\/\/www.europesays.com\/fr\/wp-json\/wp\/v2\/posts"}],"about":[{"href":"https:\/\/www.europesays.com\/fr\/wp-json\/wp\/v2\/types\/post"}],"author":[{"embeddable":true,"href":"https:\/\/www.europesays.com\/fr\/wp-json\/wp\/v2\/users\/2"}],"replies":[{"embeddable":true,"href":"https:\/\/www.europesays.com\/fr\/wp-json\/wp\/v2\/comments?post=377086"}],"version-history":[{"count":0,"href":"https:\/\/www.europesays.com\/fr\/wp-json\/wp\/v2\/posts\/377086\/revisions"}],"wp:featuredmedia":[{"embeddable":true,"href":"https:\/\/www.europesays.com\/fr\/wp-json\/wp\/v2\/media\/377087"}],"wp:attachment":[{"href":"https:\/\/www.europesays.com\/fr\/wp-json\/wp\/v2\/media?parent=377086"}],"wp:term":[{"taxonomy":"category","embeddable":true,"href":"https:\/\/www.europesays.com\/fr\/wp-json\/wp\/v2\/categories?post=377086"},{"taxonomy":"post_tag","embeddable":true,"href":"https:\/\/www.europesays.com\/fr\/wp-json\/wp\/v2\/tags?post=377086"}],"curies":[{"name":"wp","href":"https:\/\/api.w.org\/{rel}","templated":true}]}}